{"id":102593,"date":"2023-08-05T14:52:06","date_gmt":"2023-08-05T14:52:06","guid":{"rendered":"https:\/\/primicias2262.com\/noticias\/?p=102593"},"modified":"2023-08-06T23:33:09","modified_gmt":"2023-08-06T23:33:09","slug":"se-puso-en-marcha-la-largamente-postergada-remodelacion-de-la-playa-de-camiones","status":"publish","type":"post","link":"https:\/\/primicias2262.com\/noticias\/se-puso-en-marcha-la-largamente-postergada-remodelacion-de-la-playa-de-camiones\/","title":{"rendered":"Se puso en marcha la largamente postergada remodelaci\u00f3n de la Playa de Camiones"},"content":{"rendered":"<p><strong>Valuada en casi 630 millones de pesos, y gracias a las constantes gestiones del intendente Arturo Rojas ante el Ministerio nacional de Transporte, el inicio de la largamente esperada remodelaci\u00f3n de la Playa Municipal de Camiones hoy es una realidad.<\/strong><\/p>\n<p>En el predio de Quequ\u00e9n realiz\u00f3 una recorrida de fiscalizaci\u00f3n este mi\u00e9rcoles la c\u00fapula de la Secretar\u00eda de Planeamiento, Obras y Servicios P\u00fablicos, su titular, Adri\u00e1n Furno, y el subsecretario Lisandro Dones. Al culminar la visita, Furno describi\u00f3 que \u201cse arranc\u00f3 con los trabajos en la Playa, hicimos la presentaci\u00f3n del Ing. Ricardo Baliasnoy, que ser\u00e1 el encargado por parte nuestra para hacer la inspecci\u00f3n, y estuvimos con la gente de la empresa (Marle), que tambi\u00e9n tiene su encargado, y est\u00e1n empezando con los primeros trabajos que tienen que ver con la demolici\u00f3n de los lugares donde habr\u00e1 reforma dentro de la obra de arquitectura\u201d.<\/p>\n<p><a href=\"https:\/\/primicias2262.com\/noticias\/wp-content\/uploads\/2023\/08\/02-08-FOTO-obra-Playa-de-Camiones3.jpeg\"><img loading=\"lazy\" decoding=\"async\" class=\"aligncenter size-full wp-image-102533\" src=\"https:\/\/primicias2262.com\/noticias\/wp-content\/uploads\/2023\/08\/02-08-FOTO-obra-Playa-de-Camiones3.jpeg\" alt=\"\" width=\"1600\" height=\"1066\" srcset=\"https:\/\/primicias2262.com\/noticias\/wp-content\/uploads\/2023\/08\/02-08-FOTO-obra-Playa-de-Camiones3.jpeg 1600w, https:\/\/primicias2262.com\/noticias\/wp-content\/uploads\/2023\/08\/02-08-FOTO-obra-Playa-de-Camiones3-300x200.jpeg 300w, https:\/\/primicias2262.com\/noticias\/wp-content\/uploads\/2023\/08\/02-08-FOTO-obra-Playa-de-Camiones3-1024x682.jpeg 1024w, https:\/\/primicias2262.com\/noticias\/wp-content\/uploads\/2023\/08\/02-08-FOTO-obra-Playa-de-Camiones3-768x512.jpeg 768w, https:\/\/primicias2262.com\/noticias\/wp-content\/uploads\/2023\/08\/02-08-FOTO-obra-Playa-de-Camiones3-1536x1023.jpeg 1536w, https:\/\/primicias2262.com\/noticias\/wp-content\/uploads\/2023\/08\/02-08-FOTO-obra-Playa-de-Camiones3-150x100.jpeg 150w, https:\/\/primicias2262.com\/noticias\/wp-content\/uploads\/2023\/08\/02-08-FOTO-obra-Playa-de-Camiones3-696x464.jpeg 696w, https:\/\/primicias2262.com\/noticias\/wp-content\/uploads\/2023\/08\/02-08-FOTO-obra-Playa-de-Camiones3-1068x712.jpeg 1068w\" sizes=\"auto, (max-width: 1600px) 100vw, 1600px\" \/><\/a>En ese aspecto, especific\u00f3 el funcionario que la millonaria remodelaci\u00f3n est\u00e1 planteada en tres proyectos diferenciados, uno es el de arquitectura; la recuperaci\u00f3n de la Playa propiamente dicha, que ser\u00e1 con equipos viales; y despu\u00e9s la parte del alambrado perimetral y la iluminaci\u00f3n. Respecto a la parte de arquitectura, que es la que se inici\u00f3 recientemente, comprende la parte del restaurant, oficinas donde se entregan los permisos de carga para los camiones y la oficina municipal donde se hace el cobro\u201d.<\/p>\n<p>\u201cLa verdad es que estamos contentos con el proyecto\u201d, subray\u00f3 Furno, ratificando seguidamente que \u201cestuvimos mirando algunos aspectos en lo constructivo y luego la idea es poder llevar adelante la reforma de la Playa propiamente dicha, con la mejora de todo el sector donde est\u00e1n los camiones estacionados, que luego de la obra estar\u00e1n estacionados en l\u00ednea hacia la Ruta 88, es decir, hacia el lado donde estar\u00e1 el reservorio para la circulaci\u00f3n de agua\u201d.<\/p>\n<p><a href=\"https:\/\/primicias2262.com\/noticias\/wp-content\/uploads\/2023\/08\/02-08-FOTO-obra-Playa-de-Camiones4.jpeg\"><img loading=\"lazy\" decoding=\"async\" class=\"aligncenter size-full wp-image-102534\" src=\"https:\/\/primicias2262.com\/noticias\/wp-content\/uploads\/2023\/08\/02-08-FOTO-obra-Playa-de-Camiones4.jpeg\" alt=\"\" width=\"1600\" height=\"1066\" srcset=\"https:\/\/primicias2262.com\/noticias\/wp-content\/uploads\/2023\/08\/02-08-FOTO-obra-Playa-de-Camiones4.jpeg 1600w, https:\/\/primicias2262.com\/noticias\/wp-content\/uploads\/2023\/08\/02-08-FOTO-obra-Playa-de-Camiones4-300x200.jpeg 300w, https:\/\/primicias2262.com\/noticias\/wp-content\/uploads\/2023\/08\/02-08-FOTO-obra-Playa-de-Camiones4-1024x682.jpeg 1024w, https:\/\/primicias2262.com\/noticias\/wp-content\/uploads\/2023\/08\/02-08-FOTO-obra-Playa-de-Camiones4-768x512.jpeg 768w, https:\/\/primicias2262.com\/noticias\/wp-content\/uploads\/2023\/08\/02-08-FOTO-obra-Playa-de-Camiones4-1536x1023.jpeg 1536w, https:\/\/primicias2262.com\/noticias\/wp-content\/uploads\/2023\/08\/02-08-FOTO-obra-Playa-de-Camiones4-150x100.jpeg 150w, https:\/\/primicias2262.com\/noticias\/wp-content\/uploads\/2023\/08\/02-08-FOTO-obra-Playa-de-Camiones4-696x464.jpeg 696w, https:\/\/primicias2262.com\/noticias\/wp-content\/uploads\/2023\/08\/02-08-FOTO-obra-Playa-de-Camiones4-1068x712.jpeg 1068w\" sizes=\"auto, (max-width: 1600px) 100vw, 1600px\" \/><\/a>De esa manera, del predio de 22 hect\u00e1reas se recuperar\u00e1n pr\u00e1cticamente 11 a nuevo, y luego se realizar\u00e1 toda la parte de iluminaci\u00f3n y alambrado perimetral. \u201cEst\u00e1bamos hablando con la gente que maneja la Playa y nos dec\u00eda que los transportistas est\u00e1n muy contentos de ver que se han arrancado con los trabajos, as\u00ed que muy felices por poder hacer esta obra\u201d, acot\u00f3 el secretario.<\/p>\n<p>Respecto a la etapa donde se encarar\u00e1 la zona de estacionamiento, Furno adelant\u00f3 que \u201cvamos a ir trabajando la parte del movimiento de suelo desde el sector que hoy no est\u00e1 operativo con el fin de dejarlo operativo y poder mover los camiones hacia ese lugar sin tener que afectar el movimiento normal de la Playa\u201d.<\/p>\n<p>\u201cEs una obra de casi 630 millones de pesos que ya se comenz\u00f3, ya se pag\u00f3 el anticipo financiero a la empresa y creo que estas son las cosas que vienen a mejorar parte de deudas pendientes de much\u00edsimos a\u00f1os, y uno de esas es la Playa de Camiones de Quequ\u00e9n\u201d, culmin\u00f3.<\/p>\n<div id='gallery-1' class='gallery galleryid-102593 gallery-columns-2 gallery-size-medium'><figure class='gallery-item'>\n\t\t\t<div class='gallery-icon landscape'>\n\t\t\t\t<a href='https:\/\/primicias2262.com\/noticias\/quequen-cumplio-169-anos-y-el-intendente-hizo-un-fuerte-llamado-a-trabajar-en-union-por-la-ciudad\/02-08-foto-obra-playa-de-camiones\/'><img loading=\"lazy\" decoding=\"async\" width=\"300\" height=\"200\" src=\"https:\/\/primicias2262.com\/noticias\/wp-content\/uploads\/2023\/08\/02-08-FOTO-obra-Playa-de-Camiones-300x200.jpeg\" class=\"attachment-medium size-medium\" alt=\"\" srcset=\"https:\/\/primicias2262.com\/noticias\/wp-content\/uploads\/2023\/08\/02-08-FOTO-obra-Playa-de-Camiones-300x200.jpeg 300w, https:\/\/primicias2262.com\/noticias\/wp-content\/uploads\/2023\/08\/02-08-FOTO-obra-Playa-de-Camiones-1024x682.jpeg 1024w, https:\/\/primicias2262.com\/noticias\/wp-content\/uploads\/2023\/08\/02-08-FOTO-obra-Playa-de-Camiones-768x512.jpeg 768w, https:\/\/primicias2262.com\/noticias\/wp-content\/uploads\/2023\/08\/02-08-FOTO-obra-Playa-de-Camiones-1536x1023.jpeg 1536w, https:\/\/primicias2262.com\/noticias\/wp-content\/uploads\/2023\/08\/02-08-FOTO-obra-Playa-de-Camiones-150x100.jpeg 150w, https:\/\/primicias2262.com\/noticias\/wp-content\/uploads\/2023\/08\/02-08-FOTO-obra-Playa-de-Camiones-696x464.jpeg 696w, https:\/\/primicias2262.com\/noticias\/wp-content\/uploads\/2023\/08\/02-08-FOTO-obra-Playa-de-Camiones-1068x712.jpeg 1068w, https:\/\/primicias2262.com\/noticias\/wp-content\/uploads\/2023\/08\/02-08-FOTO-obra-Playa-de-Camiones.jpeg 1600w\" sizes=\"auto, (max-width: 300px) 100vw, 300px\" \/><\/a>\n\t\t\t<\/div><\/figure><figure class='gallery-item'>\n\t\t\t<div class='gallery-icon landscape'>\n\t\t\t\t<a href='https:\/\/primicias2262.com\/noticias\/quequen-cumplio-169-anos-y-el-intendente-hizo-un-fuerte-llamado-a-trabajar-en-union-por-la-ciudad\/02-08-foto-obra-playa-de-camiones6\/'><img loading=\"lazy\" decoding=\"async\" width=\"300\" height=\"200\" src=\"https:\/\/primicias2262.com\/noticias\/wp-content\/uploads\/2023\/08\/02-08-FOTO-obra-Playa-de-Camiones6-300x200.jpeg\" class=\"attachment-medium size-medium\" alt=\"\" srcset=\"https:\/\/primicias2262.com\/noticias\/wp-content\/uploads\/2023\/08\/02-08-FOTO-obra-Playa-de-Camiones6-300x200.jpeg 300w, https:\/\/primicias2262.com\/noticias\/wp-content\/uploads\/2023\/08\/02-08-FOTO-obra-Playa-de-Camiones6-1024x682.jpeg 1024w, https:\/\/primicias2262.com\/noticias\/wp-content\/uploads\/2023\/08\/02-08-FOTO-obra-Playa-de-Camiones6-768x512.jpeg 768w, https:\/\/primicias2262.com\/noticias\/wp-content\/uploads\/2023\/08\/02-08-FOTO-obra-Playa-de-Camiones6-1536x1023.jpeg 1536w, https:\/\/primicias2262.com\/noticias\/wp-content\/uploads\/2023\/08\/02-08-FOTO-obra-Playa-de-Camiones6-150x100.jpeg 150w, https:\/\/primicias2262.com\/noticias\/wp-content\/uploads\/2023\/08\/02-08-FOTO-obra-Playa-de-Camiones6-696x464.jpeg 696w, https:\/\/primicias2262.com\/noticias\/wp-content\/uploads\/2023\/08\/02-08-FOTO-obra-Playa-de-Camiones6-1068x712.jpeg 1068w, https:\/\/primicias2262.com\/noticias\/wp-content\/uploads\/2023\/08\/02-08-FOTO-obra-Playa-de-Camiones6.jpeg 1600w\" sizes=\"auto, (max-width: 300px) 100vw, 300px\" \/><\/a>\n\t\t\t<\/div><\/figure>\n\t\t<\/div>\n\n","protected":false},"excerpt":{"rendered":"<p>Valuada en casi 630 millones de pesos, y gracias a las constantes gestiones del intendente Arturo Rojas ante el Ministerio nacional de Transporte, el inicio de la largamente esperada remodelaci\u00f3n de la Playa Municipal de Camiones hoy es una realidad. En el predio de Quequ\u00e9n realiz\u00f3 una recorrida de fiscalizaci\u00f3n este mi\u00e9rcoles la c\u00fapula de [&hellip;]<\/p>\n","protected":false},"author":3,"featured_media":102535,"comment_status":"open","ping_status":"open","sticky":false,"template":"","format":"standard","meta":{"footnotes":""},"categories":[3],"tags":[],"class_list":["post-102593","post","type-post","status-publish","format-standard","has-post-thumbnail","category-masnoticias"],"_links":{"self":[{"href":"https:\/\/primicias2262.com\/noticias\/wp-json\/wp\/v2\/posts\/102593","targetHints":{"allow":["GET"]}}],"collection":[{"href":"https:\/\/primicias2262.com\/noticias\/wp-json\/wp\/v2\/posts"}],"about":[{"href":"https:\/\/primicias2262.com\/noticias\/wp-json\/wp\/v2\/types\/post"}],"author":[{"embeddable":true,"href":"https:\/\/primicias2262.com\/noticias\/wp-json\/wp\/v2\/users\/3"}],"replies":[{"embeddable":true,"href":"https:\/\/primicias2262.com\/noticias\/wp-json\/wp\/v2\/comments?post=102593"}],"version-history":[{"count":1,"href":"https:\/\/primicias2262.com\/noticias\/wp-json\/wp\/v2\/posts\/102593\/revisions"}],"predecessor-version":[{"id":102594,"href":"https:\/\/primicias2262.com\/noticias\/wp-json\/wp\/v2\/posts\/102593\/revisions\/102594"}],"wp:featuredmedia":[{"embeddable":true,"href":"https:\/\/primicias2262.com\/noticias\/wp-json\/wp\/v2\/media\/102535"}],"wp:attachment":[{"href":"https:\/\/primicias2262.com\/noticias\/wp-json\/wp\/v2\/media?parent=102593"}],"wp:term":[{"taxonomy":"category","embeddable":true,"href":"https:\/\/primicias2262.com\/noticias\/wp-json\/wp\/v2\/categories?post=102593"},{"taxonomy":"post_tag","embeddable":true,"href":"https:\/\/primicias2262.com\/noticias\/wp-json\/wp\/v2\/tags?post=102593"}],"curies":[{"name":"wp","href":"https:\/\/api.w.org\/{rel}","templated":true}]}}