{"id":102596,"date":"2023-08-06T13:55:44","date_gmt":"2023-08-06T13:55:44","guid":{"rendered":"https:\/\/primicias2262.com\/noticias\/?p=102596"},"modified":"2023-08-07T14:26:29","modified_gmt":"2023-08-07T14:26:29","slug":"un-amplio-respaldo-tuvo-el-lanzamiento-de-la-campana-tarjeta-roja-a-la-discriminacion","status":"publish","type":"post","link":"https:\/\/primicias2262.com\/noticias\/un-amplio-respaldo-tuvo-el-lanzamiento-de-la-campana-tarjeta-roja-a-la-discriminacion\/","title":{"rendered":"Un amplio respaldo tuvo el lanzamiento de la campa\u00f1a Tarjeta Roja a la Discriminaci\u00f3n"},"content":{"rendered":"<p><strong>El pasado jueves se present\u00f3 en la Liga Necochea de F\u00fatbol la campa\u00f1a \u201cTarjeta Roja a la discriminaci\u00f3n\u201d, creada por dirigentes de Estaci\u00f3n Quequ\u00e9n y con la adhesi\u00f3n de todos los clubes de la Liga Necochea de F\u00fatbol, la Municipalidad de Necochea y el acompa\u00f1amiento del C\u00edrculo de Periodistas Deportivos local.<\/strong><\/p>\n<p>La presentaci\u00f3n fue mediante una conferencia de prensa y luego se dio lugar a la primera intervenci\u00f3n colectiva en un espacio de di\u00e1logo propiciado por el Concejo Deliberante, a trav\u00e9s del programa \u201cConcejo Cerca, y las \u00c1reas Ejecutivas de Deportes, Discapacidad y G\u00e9nero.<\/p>\n<p>El uso de la palabra estuvo a cargo de las autoridades municipales, el intendente Arturo Rojas y el presidente del Concejo Deliberante, Guillermo S\u00e1nchez, como as\u00ed del dirigente de Estaci\u00f3n Quequ\u00e9n promotor de la campa\u00f1a, Pedro Guevara; y de Dar\u00edo Villarreal, vicepresidente de la instituci\u00f3n anfitriona.<\/p>\n<p><a href=\"https:\/\/primicias2262.com\/noticias\/wp-content\/uploads\/2023\/08\/campana-Tarjeta-Roja3.jpg\"><img loading=\"lazy\" decoding=\"async\" class=\"size-full wp-image-102600\" src=\"https:\/\/primicias2262.com\/noticias\/wp-content\/uploads\/2023\/08\/campana-Tarjeta-Roja3.jpg\" alt=\"\" width=\"800\" height=\"533\" srcset=\"https:\/\/primicias2262.com\/noticias\/wp-content\/uploads\/2023\/08\/campana-Tarjeta-Roja3.jpg 800w, https:\/\/primicias2262.com\/noticias\/wp-content\/uploads\/2023\/08\/campana-Tarjeta-Roja3-300x200.jpg 300w, https:\/\/primicias2262.com\/noticias\/wp-content\/uploads\/2023\/08\/campana-Tarjeta-Roja3-768x512.jpg 768w, https:\/\/primicias2262.com\/noticias\/wp-content\/uploads\/2023\/08\/campana-Tarjeta-Roja3-150x100.jpg 150w, https:\/\/primicias2262.com\/noticias\/wp-content\/uploads\/2023\/08\/campana-Tarjeta-Roja3-696x464.jpg 696w\" sizes=\"auto, (max-width: 800px) 100vw, 800px\" \/><\/a>A su turno, Guevara argument\u00f3 la creaci\u00f3n de la campa\u00f1a, subray\u00f3 el \u201capoyo un\u00e1nime\u201d de los 16 clubes de la liga a la iniciativa y adelant\u00f3 que a partir de este fin de semana en las canchas del f\u00fatbol local se exhibir\u00e1 un banner que transmite el mensaje de concientizaci\u00f3n contra la violencia y discriminaci\u00f3n. Esto ser\u00e1 visualizado por los equipos y los \u00e1rbitros.<\/p>\n<p>Por su parte, Dar\u00edo Villarreal puso \u00e9nfasis en el \u00e1mbito del f\u00fatbol infantil, remarcando que lo m\u00e1s preocupante tiene que ver con que \u201chay muchos padres y allegados que gritan e insultan, pensando que est\u00e1n alentando y en realidad est\u00e1n maltratando a los chicos\u201d, por ello celebr\u00f3 la campa\u00f1a y valor\u00f3 que la Municipalidad est\u00e9 detr\u00e1s de la misma y la haya declarado de Inter\u00e9s.<\/p>\n<p><a href=\"https:\/\/primicias2262.com\/noticias\/wp-content\/uploads\/2023\/08\/campana-Tarjeta-Roja5.jpg\"><img loading=\"lazy\" decoding=\"async\" class=\"size-full wp-image-102602\" src=\"https:\/\/primicias2262.com\/noticias\/wp-content\/uploads\/2023\/08\/campana-Tarjeta-Roja5.jpg\" alt=\"\" width=\"800\" height=\"533\" srcset=\"https:\/\/primicias2262.com\/noticias\/wp-content\/uploads\/2023\/08\/campana-Tarjeta-Roja5.jpg 800w, https:\/\/primicias2262.com\/noticias\/wp-content\/uploads\/2023\/08\/campana-Tarjeta-Roja5-300x200.jpg 300w, https:\/\/primicias2262.com\/noticias\/wp-content\/uploads\/2023\/08\/campana-Tarjeta-Roja5-768x512.jpg 768w, https:\/\/primicias2262.com\/noticias\/wp-content\/uploads\/2023\/08\/campana-Tarjeta-Roja5-150x100.jpg 150w, https:\/\/primicias2262.com\/noticias\/wp-content\/uploads\/2023\/08\/campana-Tarjeta-Roja5-696x464.jpg 696w\" sizes=\"auto, (max-width: 800px) 100vw, 800px\" \/><\/a>A prop\u00f3sito del municipio, el presidente del HCD Guillermo S\u00e1nchez agradeci\u00f3 la iniciativa de Estaci\u00f3n Quequ\u00e9n y expres\u00f3 que no dudaron ni un momento en poner el programa \u201cConcejo Cerca\u201d a disposici\u00f3n para generar una pol\u00edtica que perdure en el tiempo, mientras que el cierre de las alocuciones estuvo a cargo de Arturo Rojas.<\/p>\n<p>El Intendente afirm\u00f3 que \u201cen este tema se involucra a todos, y primero a los dirigentes, que son los que tienen que dar el ejemplo, ellos son los que sostienen a los clubes que generan una enorme contenci\u00f3n social, y como municipio tenemos que valorar ese esfuerzo\u201d, aunque no soslay\u00f3 el rol familiar: \u201cA veces vemos\u00a0 que son los propios familiares que presionan a su hijo, creyendo que est\u00e1n alentando e incentivando, cuando en realidad le est\u00e1n generando una presi\u00f3n en una edad que no la tiene que tener\u201d.<\/p>\n<div id='gallery-1' class='gallery galleryid-102596 gallery-columns-2 gallery-size-medium'><figure class='gallery-item'>\n\t\t\t<div class='gallery-icon landscape'>\n\t\t\t\t<a href='https:\/\/primicias2262.com\/noticias\/un-amplio-respaldo-tuvo-el-lanzamiento-de-la-campana-tarjeta-roja-a-la-discriminacion\/campana-tarjeta-roja2\/'><img loading=\"lazy\" decoding=\"async\" width=\"300\" height=\"200\" src=\"https:\/\/primicias2262.com\/noticias\/wp-content\/uploads\/2023\/08\/campana-Tarjeta-Roja2-300x200.jpg\" class=\"attachment-medium size-medium\" alt=\"\" srcset=\"https:\/\/primicias2262.com\/noticias\/wp-content\/uploads\/2023\/08\/campana-Tarjeta-Roja2-300x200.jpg 300w, https:\/\/primicias2262.com\/noticias\/wp-content\/uploads\/2023\/08\/campana-Tarjeta-Roja2-768x512.jpg 768w, https:\/\/primicias2262.com\/noticias\/wp-content\/uploads\/2023\/08\/campana-Tarjeta-Roja2-150x100.jpg 150w, https:\/\/primicias2262.com\/noticias\/wp-content\/uploads\/2023\/08\/campana-Tarjeta-Roja2-696x464.jpg 696w, https:\/\/primicias2262.com\/noticias\/wp-content\/uploads\/2023\/08\/campana-Tarjeta-Roja2.jpg 800w\" sizes=\"auto, (max-width: 300px) 100vw, 300px\" \/><\/a>\n\t\t\t<\/div><\/figure><figure class='gallery-item'>\n\t\t\t<div class='gallery-icon landscape'>\n\t\t\t\t<a href='https:\/\/primicias2262.com\/noticias\/un-amplio-respaldo-tuvo-el-lanzamiento-de-la-campana-tarjeta-roja-a-la-discriminacion\/campana-tarjeta-roja4\/'><img loading=\"lazy\" decoding=\"async\" width=\"300\" height=\"200\" src=\"https:\/\/primicias2262.com\/noticias\/wp-content\/uploads\/2023\/08\/campana-Tarjeta-Roja4-300x200.jpg\" class=\"attachment-medium size-medium\" alt=\"\" srcset=\"https:\/\/primicias2262.com\/noticias\/wp-content\/uploads\/2023\/08\/campana-Tarjeta-Roja4-300x200.jpg 300w, https:\/\/primicias2262.com\/noticias\/wp-content\/uploads\/2023\/08\/campana-Tarjeta-Roja4-768x512.jpg 768w, https:\/\/primicias2262.com\/noticias\/wp-content\/uploads\/2023\/08\/campana-Tarjeta-Roja4-150x100.jpg 150w, https:\/\/primicias2262.com\/noticias\/wp-content\/uploads\/2023\/08\/campana-Tarjeta-Roja4-696x464.jpg 696w, https:\/\/primicias2262.com\/noticias\/wp-content\/uploads\/2023\/08\/campana-Tarjeta-Roja4.jpg 800w\" sizes=\"auto, (max-width: 300px) 100vw, 300px\" \/><\/a>\n\t\t\t<\/div><\/figure>\n\t\t<\/div>\n\n<p>Adem\u00e1s, Rojas vio \u201csumamente positivo\u201d que esta campa\u00f1a contra la discriminaci\u00f3n en las canchas y clubes no sepa de colores pol\u00edticos e involucr\u00f3 a los medios period\u00edsticos, se\u00f1alando que \u201ctienen una enorme responsabilidad social a la hora de comunicar y marcar las cosas que est\u00e1n bien y las que est\u00e1n mal para construir una sociedad mejor\u201d.<\/p>\n<audio class=\"wp-audio-shortcode\" id=\"audio-102596-1\" preload=\"none\" style=\"width: 100%;\" controls=\"controls\"><source type=\"audio\/mpeg\" src=\"https:\/\/primicias2262.com\/noticias\/wp-content\/uploads\/2023\/08\/04-08-AUDIO-Arturo-Rojas-Liga-de-Futbol.mp3?_=1\" \/><a href=\"https:\/\/primicias2262.com\/noticias\/wp-content\/uploads\/2023\/08\/04-08-AUDIO-Arturo-Rojas-Liga-de-Futbol.mp3\">https:\/\/primicias2262.com\/noticias\/wp-content\/uploads\/2023\/08\/04-08-AUDIO-Arturo-Rojas-Liga-de-Futbol.mp3<\/a><\/audio>\n<p>En ese sentido, desde el C\u00edrculo de Periodistas Deportivos de Necochea y Quequ\u00e9n se acompa\u00f1a esta iniciativa con el compromiso de informar con responsabilidad y respeto las acciones que promuevan la erradicaci\u00f3n de la violencia y la discriminaci\u00f3n en todas las disciplinas, no solo el f\u00fatbol, y repudiar todo hecho que vaya en contra de estos valores que se promueven en forma conjunta.<\/p>\n<p><a href=\"https:\/\/primicias2262.com\/noticias\/wp-content\/uploads\/2023\/08\/04-08-FOTO-presentacion-campana-Liga4.jpeg\"><img loading=\"lazy\" decoding=\"async\" class=\"aligncenter size-full wp-image-102597\" src=\"https:\/\/primicias2262.com\/noticias\/wp-content\/uploads\/2023\/08\/04-08-FOTO-presentacion-campana-Liga4.jpeg\" alt=\"\" width=\"1600\" height=\"900\" srcset=\"https:\/\/primicias2262.com\/noticias\/wp-content\/uploads\/2023\/08\/04-08-FOTO-presentacion-campana-Liga4.jpeg 1600w, https:\/\/primicias2262.com\/noticias\/wp-content\/uploads\/2023\/08\/04-08-FOTO-presentacion-campana-Liga4-300x169.jpeg 300w, https:\/\/primicias2262.com\/noticias\/wp-content\/uploads\/2023\/08\/04-08-FOTO-presentacion-campana-Liga4-1024x576.jpeg 1024w, https:\/\/primicias2262.com\/noticias\/wp-content\/uploads\/2023\/08\/04-08-FOTO-presentacion-campana-Liga4-768x432.jpeg 768w, https:\/\/primicias2262.com\/noticias\/wp-content\/uploads\/2023\/08\/04-08-FOTO-presentacion-campana-Liga4-1536x864.jpeg 1536w, https:\/\/primicias2262.com\/noticias\/wp-content\/uploads\/2023\/08\/04-08-FOTO-presentacion-campana-Liga4-150x84.jpeg 150w, https:\/\/primicias2262.com\/noticias\/wp-content\/uploads\/2023\/08\/04-08-FOTO-presentacion-campana-Liga4-696x392.jpeg 696w, https:\/\/primicias2262.com\/noticias\/wp-content\/uploads\/2023\/08\/04-08-FOTO-presentacion-campana-Liga4-1068x601.jpeg 1068w\" sizes=\"auto, (max-width: 1600px) 100vw, 1600px\" \/><\/a><\/p>\n","protected":false},"excerpt":{"rendered":"<p>El pasado jueves se present\u00f3 en la Liga Necochea de F\u00fatbol la campa\u00f1a \u201cTarjeta Roja a la discriminaci\u00f3n\u201d, creada por dirigentes de Estaci\u00f3n Quequ\u00e9n y con la adhesi\u00f3n de todos los clubes de la Liga Necochea de F\u00fatbol, la Municipalidad de Necochea y el acompa\u00f1amiento del C\u00edrculo de Periodistas Deportivos local. La presentaci\u00f3n fue mediante [&hellip;]<\/p>\n","protected":false},"author":3,"featured_media":102598,"comment_status":"open","ping_status":"open","sticky":false,"template":"","format":"standard","meta":{"footnotes":""},"categories":[3],"tags":[],"class_list":["post-102596","post","type-post","status-publish","format-standard","has-post-thumbnail","category-masnoticias"],"_links":{"self":[{"href":"https:\/\/primicias2262.com\/noticias\/wp-json\/wp\/v2\/posts\/102596","targetHints":{"allow":["GET"]}}],"collection":[{"href":"https:\/\/primicias2262.com\/noticias\/wp-json\/wp\/v2\/posts"}],"about":[{"href":"https:\/\/primicias2262.com\/noticias\/wp-json\/wp\/v2\/types\/post"}],"author":[{"embeddable":true,"href":"https:\/\/primicias2262.com\/noticias\/wp-json\/wp\/v2\/users\/3"}],"replies":[{"embeddable":true,"href":"https:\/\/primicias2262.com\/noticias\/wp-json\/wp\/v2\/comments?post=102596"}],"version-history":[{"count":4,"href":"https:\/\/primicias2262.com\/noticias\/wp-json\/wp\/v2\/posts\/102596\/revisions"}],"predecessor-version":[{"id":102607,"href":"https:\/\/primicias2262.com\/noticias\/wp-json\/wp\/v2\/posts\/102596\/revisions\/102607"}],"wp:featuredmedia":[{"embeddable":true,"href":"https:\/\/primicias2262.com\/noticias\/wp-json\/wp\/v2\/media\/102598"}],"wp:attachment":[{"href":"https:\/\/primicias2262.com\/noticias\/wp-json\/wp\/v2\/media?parent=102596"}],"wp:term":[{"taxonomy":"category","embeddable":true,"href":"https:\/\/primicias2262.com\/noticias\/wp-json\/wp\/v2\/categories?post=102596"},{"taxonomy":"post_tag","embeddable":true,"href":"https:\/\/primicias2262.com\/noticias\/wp-json\/wp\/v2\/tags?post=102596"}],"curies":[{"name":"wp","href":"https:\/\/api.w.org\/{rel}","templated":true}]}}