{"id":102608,"date":"2023-08-05T21:47:15","date_gmt":"2023-08-05T21:47:15","guid":{"rendered":"https:\/\/primicias2262.com\/noticias\/?p=102608"},"modified":"2023-08-06T23:36:18","modified_gmt":"2023-08-06T23:36:18","slug":"manuela-fittipaldi-la-municipalidad-estaba-totalmente-devastada-y-hoy-hay-superavit","status":"publish","type":"post","link":"https:\/\/primicias2262.com\/noticias\/manuela-fittipaldi-la-municipalidad-estaba-totalmente-devastada-y-hoy-hay-superavit\/","title":{"rendered":"Manuela Fittipaldi: \u201cLa Municipalidad estaba totalmente devastada y hoy hay super\u00e1vit\u201d"},"content":{"rendered":"<p>La sexta precandidata a concejala por la agrupaci\u00f3n vecinal Nueva Necochea destac\u00f3 la gesti\u00f3n de Arturo Rojas, aun con dos a\u00f1os de pandemia en el medio, derrumb\u00f3 el mito de la \u201csinton\u00eda fina\u201d con la que algunos partidos quieren reforzar su propuesta local y asegur\u00f3 que el Intendente tiene \u201cm\u00e1s fuerzas que nunca\u201d.<\/p>\n<p>Manuela Fittipaldi es directora de Relaciones P\u00fablicas del municipio y actual precandidata a sexta concejala por la agrupaci\u00f3n vecinal Nueva Necochea, que impulsa la reelecci\u00f3n de Arturo Rojas al frente de la comuna. En su visita a la FM Ciudad, record\u00f3 que cuando el actual intendente lleg\u00f3 a la gesti\u00f3n \u201cla Municipalidad estaba totalmente devastada, las cuentas estaban en rojo\u201d.<\/p>\n<p>En contraposici\u00f3n, la actualidad que atraviesa el Estado local parece estar lejos de aquel fat\u00eddico 2019, seg\u00fan su parecer. \u201cHoy hay super\u00e1vit, algo casi nunca logrado; hoy el municipio tiene hasta plazos fijos\u201d. Adem\u00e1s, \u201cse est\u00e1n construyendo y terminando obras que, si bien tienen participaci\u00f3n provincial, tienen much\u00edsimo aporte de la comuna para su finalizaci\u00f3n\u201d, se\u00f1al\u00f3 la martillera y corredora p\u00fablica.<\/p>\n<p>En este \u00faltimo aspecto, para ir contra los que minimizan la injerencia de la administraci\u00f3n dom\u00e9stica para que se concreten este tipo de trabajos, la precandidata quiso poner los puntos sobre las \u00edes: \u201cLas obras no bajan solas, hay que gestionarlas. Y siendo un partido vecinalista es much\u00edsimo el trabajo que el equipo hizo estos cuatro a\u00f1os para gestionar todas las obras que se ven\u201d.<\/p>\n<p>Adem\u00e1s, record\u00f3 que \u201cson obras que cuando uno las gestiona llevan much\u00edsimo tiempo, tr\u00e1mites, burocracia. Y cuando se puede ejecutar el dinero que la Provincia manda siempre es insuficiente\u201d, por lo que \u201csi no tuvi\u00e9ramos las cuentas municipales como las tenemos ser\u00eda inviable llevarlas a cabo. Sin embargo, se inician y finalizan con dinero municipal\u201d, remarc\u00f3 la postulante a una banca en el Concejo Deliberante.<\/p>\n<p>Luego de derrumbar la tan mancillada \u201csinton\u00eda fina\u201d con los estamentos superiores que algunos partidos buscan para consolidar sus flojas propuestas locales, la t\u00e9cnica en Relaciones P\u00fablicas e Institucionales quiso resaltar el trabajo grupal de esta fuerza vecinal que encabeza el intendente Rojas.<\/p>\n<p>\u201cNosotros funcionamos realmente como un equipo y estamos en el lugar que resulte mejor para el equipo. Hoy me toca estar en el sexto lugar de la lista, pero si me hubiera tocado estar de suplente hubiera sido lo mismo\u201d, porque \u201ctodos trabajamos de la misma manera, del primero al \u00faltimo: todos los d\u00edas pateando la calle, atendiendo reclamos de los vecinos, yendo al partido\u201d, resalt\u00f3.<\/p>\n<p>Desde esa militancia por los barrios asegur\u00f3 que \u201cla recepci\u00f3n de los vecinos es b\u00e1rbara, hay mucha gente agradecida con la gesti\u00f3n en general\u201d, aunque reconoci\u00f3 que \u201cfaltan hacer muchas cosas\u201d.<\/p>\n<p>Y fue directamente al grano: \u201cNo se puede levantar una ciudad que estaba muerta en cuatro a\u00f1os, una ciudad en la que no se hac\u00eda nada. Llevamos cuatro a\u00f1os de gesti\u00f3n, de los cuales dos fueron muy dif\u00edciles por la pandemia: hab\u00eda un mont\u00f3n de cosas que estaban paradas, no hab\u00eda insumos, no se pod\u00eda trabajar. O sea que al cien por ciento fueron dos a\u00f1os, y se hizo un mont\u00f3n\u201d.<\/p>\n<p>Adem\u00e1s de todo el trabajo que se hizo, tambi\u00e9n \u201chay muchos proyectos\u201d y \u201cpudimos sentar las bases para una Necochea mejor, creo que eso se ve. Uno anda por la calle y ve una Necochea m\u00e1s linda, se ve un municipio activo, se ven empleados municipales contentos, y la idea es seguir construyendo, seguir mejorando, necesitamos estos cuatro a\u00f1os porque sabemos que hay mucho por hacer todav\u00eda\u201d.<\/p>\n<p>Por \u00faltimo, resaltando las virtudes de esta propuesta que encabeza el intendente Arturo Rojas y convocando a la comunidad a volcar su apoyo en las urnas, Fittipaldi asever\u00f3: \u201cTenemos las ganas, tenemos la experiencia, tenemos una persona que nos conduce que, la verdad, es admirable y que tiene m\u00e1s fuerzas que nunca para continuar; pero no podemos hacerlo solos, necesitamos que la gente nos acompa\u00f1e este 13 de agosto con su voto\u201d.<\/p>\n","protected":false},"excerpt":{"rendered":"<p>La sexta precandidata a concejala por la agrupaci\u00f3n vecinal Nueva Necochea destac\u00f3 la gesti\u00f3n de Arturo Rojas, aun con dos a\u00f1os de pandemia en el medio, derrumb\u00f3 el mito de la \u201csinton\u00eda fina\u201d con la que algunos partidos quieren reforzar su propuesta local y asegur\u00f3 que el Intendente tiene \u201cm\u00e1s fuerzas que nunca\u201d. Manuela Fittipaldi [&hellip;]<\/p>\n","protected":false},"author":3,"featured_media":102609,"comment_status":"open","ping_status":"open","sticky":false,"template":"","format":"standard","meta":{"footnotes":""},"categories":[3],"tags":[],"class_list":["post-102608","post","type-post","status-publish","format-standard","has-post-thumbnail","category-masnoticias"],"_links":{"self":[{"href":"https:\/\/primicias2262.com\/noticias\/wp-json\/wp\/v2\/posts\/102608","targetHints":{"allow":["GET"]}}],"collection":[{"href":"https:\/\/primicias2262.com\/noticias\/wp-json\/wp\/v2\/posts"}],"about":[{"href":"https:\/\/primicias2262.com\/noticias\/wp-json\/wp\/v2\/types\/post"}],"author":[{"embeddable":true,"href":"https:\/\/primicias2262.com\/noticias\/wp-json\/wp\/v2\/users\/3"}],"replies":[{"embeddable":true,"href":"https:\/\/primicias2262.com\/noticias\/wp-json\/wp\/v2\/comments?post=102608"}],"version-history":[{"count":1,"href":"https:\/\/primicias2262.com\/noticias\/wp-json\/wp\/v2\/posts\/102608\/revisions"}],"predecessor-version":[{"id":102610,"href":"https:\/\/primicias2262.com\/noticias\/wp-json\/wp\/v2\/posts\/102608\/revisions\/102610"}],"wp:featuredmedia":[{"embeddable":true,"href":"https:\/\/primicias2262.com\/noticias\/wp-json\/wp\/v2\/media\/102609"}],"wp:attachment":[{"href":"https:\/\/primicias2262.com\/noticias\/wp-json\/wp\/v2\/media?parent=102608"}],"wp:term":[{"taxonomy":"category","embeddable":true,"href":"https:\/\/primicias2262.com\/noticias\/wp-json\/wp\/v2\/categories?post=102608"},{"taxonomy":"post_tag","embeddable":true,"href":"https:\/\/primicias2262.com\/noticias\/wp-json\/wp\/v2\/tags?post=102608"}],"curies":[{"name":"wp","href":"https:\/\/api.w.org\/{rel}","templated":true}]}}