{"id":102611,"date":"2023-08-05T21:55:48","date_gmt":"2023-08-05T21:55:48","guid":{"rendered":"https:\/\/primicias2262.com\/noticias\/?p=102611"},"modified":"2023-08-05T21:55:48","modified_gmt":"2023-08-05T21:55:48","slug":"elecciones-argentina-2023-candidatos-fechas-y-encuestas-sobre-las-paso-minuto-a-minuto","status":"publish","type":"post","link":"https:\/\/primicias2262.com\/noticias\/elecciones-argentina-2023-candidatos-fechas-y-encuestas-sobre-las-paso-minuto-a-minuto\/","title":{"rendered":"Elecciones Argentina 2023: candidatos, fechas y encuestas sobre las PASO, minuto a minuto"},"content":{"rendered":"<p>El jefe de Gobierno porte\u00f1o y precandidato a presidente de Juntos por el Cambio, Horacio Rodr\u00edguez Larreta, asegur\u00f3 hoy que \u00absiempre\u00bb impuls\u00f3 \u00abla unidad\u00bb de la coalici\u00f3n opositora y asegur\u00f3 que para luego de las PASO \u00ablo natural es que, despu\u00e9s del (domingo) 13 a la noche, todos los dirigentes de JxC estemos unidos\u00bb.<\/p>\n<p>Durante una visita a la ciudad santafesina de Rafaela junto al candidato a gobernador Maximiliano Pullaro, en la recta final de la campa\u00f1a rumbo a las primarias abiertas PASO, Rodr\u00edguez Larreta enfatiz\u00f3: \u00abSiempre he cre\u00eddo en la unidad, la impulso y trabajo por ella. Jam\u00e1s me han escuchado una cr\u00edtica personal a nadie de Juntos por el Cambio. No lo hago a\u00fan cuando lo puedan hacer conmigo\u00bb.<\/p>\n<p>Esta semana, el expresidente Mauricio Macri y el sector del PRO que lidera la otra precandidata de la alianza opositora, Patricia Bullrich, fustigaron a Mar\u00eda Eugenia Vidal por apoyar p\u00fablicamente la candidatura de Larreta. Se espera, adem\u00e1s, que el exmandatario se pronuncie esta semana a favor de quien fuera su ministra de Seguridad.<\/p>\n<p>A\u00fan as\u00ed, el jefe de Gobierno porte\u00f1o reafirm\u00f3 que el pr\u00f3ximo 13 de agosto compartir\u00e1 centro de campa\u00f1a con Bullrich para esperar los resultados y asegur\u00f3 que despu\u00e9s de las PASO \u00abtodos los dirigentes de JxC estemos unidos\u00bb.<\/p>\n","protected":false},"excerpt":{"rendered":"<p>El jefe de Gobierno porte\u00f1o y precandidato a presidente de Juntos por el Cambio, Horacio Rodr\u00edguez Larreta, asegur\u00f3 hoy que \u00absiempre\u00bb impuls\u00f3 \u00abla unidad\u00bb de la coalici\u00f3n opositora y asegur\u00f3 que para luego de las PASO \u00ablo natural es que, despu\u00e9s del (domingo) 13 a la noche, todos los dirigentes de JxC estemos unidos\u00bb. Durante [&hellip;]<\/p>\n","protected":false},"author":3,"featured_media":102612,"comment_status":"open","ping_status":"open","sticky":false,"template":"","format":"standard","meta":{"footnotes":""},"categories":[7],"tags":[],"class_list":{"0":"post-102611","1":"post","2":"type-post","3":"status-publish","4":"format-standard","5":"has-post-thumbnail","7":"category-nac"},"_links":{"self":[{"href":"https:\/\/primicias2262.com\/noticias\/wp-json\/wp\/v2\/posts\/102611","targetHints":{"allow":["GET"]}}],"collection":[{"href":"https:\/\/primicias2262.com\/noticias\/wp-json\/wp\/v2\/posts"}],"about":[{"href":"https:\/\/primicias2262.com\/noticias\/wp-json\/wp\/v2\/types\/post"}],"author":[{"embeddable":true,"href":"https:\/\/primicias2262.com\/noticias\/wp-json\/wp\/v2\/users\/3"}],"replies":[{"embeddable":true,"href":"https:\/\/primicias2262.com\/noticias\/wp-json\/wp\/v2\/comments?post=102611"}],"version-history":[{"count":1,"href":"https:\/\/primicias2262.com\/noticias\/wp-json\/wp\/v2\/posts\/102611\/revisions"}],"predecessor-version":[{"id":102613,"href":"https:\/\/primicias2262.com\/noticias\/wp-json\/wp\/v2\/posts\/102611\/revisions\/102613"}],"wp:featuredmedia":[{"embeddable":true,"href":"https:\/\/primicias2262.com\/noticias\/wp-json\/wp\/v2\/media\/102612"}],"wp:attachment":[{"href":"https:\/\/primicias2262.com\/noticias\/wp-json\/wp\/v2\/media?parent=102611"}],"wp:term":[{"taxonomy":"category","embeddable":true,"href":"https:\/\/primicias2262.com\/noticias\/wp-json\/wp\/v2\/categories?post=102611"},{"taxonomy":"post_tag","embeddable":true,"href":"https:\/\/primicias2262.com\/noticias\/wp-json\/wp\/v2\/tags?post=102611"}],"curies":[{"name":"wp","href":"https:\/\/api.w.org\/{rel}","templated":true}]}}