{"id":102614,"date":"2023-08-05T22:02:17","date_gmt":"2023-08-05T22:02:17","guid":{"rendered":"https:\/\/primicias2262.com\/noticias\/?p=102614"},"modified":"2023-08-05T22:02:17","modified_gmt":"2023-08-05T22:02:17","slug":"sergio-massa-es-el-candidato-mas-votado-y-la-interna-de-juntos-por-el-cambio-tiene-un-final-abierto","status":"publish","type":"post","link":"https:\/\/primicias2262.com\/noticias\/sergio-massa-es-el-candidato-mas-votado-y-la-interna-de-juntos-por-el-cambio-tiene-un-final-abierto\/","title":{"rendered":"Sergio Massa es el candidato m\u00e1s votado y la interna de Juntos por el Cambio tiene un final abierto"},"content":{"rendered":"<p><b>Sergio Massa<\/b>\u00a0creci\u00f3 un punto y medio en las \u00faltimas dos semanas y sigue apareciendo como\u00a0<b>el candidato con m\u00e1s intenci\u00f3n de voto<\/b>\u00a0en las PASO del 13 de agosto. Su contrincante dentro de Uni\u00f3n por la Patria (UP),\u00a0<b>Juan Grabois, tambi\u00e9n subi\u00f3<\/b>, aunque est\u00e1 muy lejos del ministro de Econom\u00eda.<\/p>\n<p>La interna de Juntos por el Cambio (JxC) est\u00e1 que arde: es muy dif\u00edcil realizar un pron\u00f3stico porque\u00a0<b>Patricia Bullrich y Horacio Rodr\u00edguez Larreta est\u00e1n en zona de empate t\u00e9cnico<\/b>, con la exministra apenas por arriba\u00a0(1,4 puntos) del jefe de Gobierno. Sin embargo, en las \u00faltimas dos semanas, Larreta creci\u00f3 notoriamente (2,4 por ciento) y Patricia parece estancada (s\u00f3lo avanz\u00f3 0,3).<\/p>\n<p>Javier Milei se mantiene en su tajada cercana al 20 por ciento. Todav\u00eda hay un 14 por ciento de los consultados que dice que no van a ir a votar, votar\u00e1 en blanco o todav\u00eda est\u00e1 indeciso.<\/p>\n<p>Las conclusiones surgen de la encuesta -especial para\u00a0<b>P\u00e1gina\/12<\/b>&#8211; del Centro de Estudios de Opini\u00f3n P\u00fablica (CEOP), que lidera\u00a0<b>Roberto Bacman<\/b>. En total se entrevistaron 2.728 ciudadanos de todo el pa\u00eds, respetando las proporciones por edad, sexo y nivel econ\u00f3mico-social. El m\u00e9todo fue on-line, inform\u00e1tico: se realizan preguntas a personas que se ofrecen como voluntarios, pero luego se filtra por las cuotas se\u00f1aladas, edad, sexo, nivel econ\u00f3mico-social y lugar de residencia. Se arman las proyecciones distinguiendo ciudadanos de grandes ciudades y ciudadanos de peque\u00f1as ciudades.<\/p>\n<p><strong>UP\u00a0voto duro y voto moderado<\/strong><\/p>\n<p>\u201cMassa se impone con comodidad en la interna -se\u00f1ala Bacman-, pero afronta el doble perfil: s\u00faper-ministro y candidato. Los dos frentes son dif\u00edciles. Massa-candidato necesita retener al t\u00edpico votante de Cristina y tambi\u00e9n a un electorado m\u00e1s moderado, peronistas enojados, peronistas del Gran Buenos Aires y del interior del pa\u00eds. Se jug\u00f3 un partido importante yendo a C\u00f3rdoba, al centro del pa\u00eds, en estos d\u00edas. UP necesita remontar ah\u00ed. Hay exvotantes peronistas con pocas ganas de ir a votar.\u201d.<\/p>\n<p>Grabois cosecha un seis por ciento y viene en crecimiento. \u00abTiene un perfil distinto al de Massa. Est\u00e1 logrando penetrar en el electorado m\u00e1s kirchnerista, cr\u00edtico de la candidatura de Massa. Dir\u00eda que hoy en d\u00eda Grabois accede a un voto joven y progresista que hasta le pone l\u00edmites al crecimiento de la izquierda\u00bb, redondea Bacman.<\/p>\n<p>La suma del 24,4 Massa y el 6 por ciento que consigue Grabois pone a la alianza oficialista cerca de JxC, a tres puntos. Pero eso se ver\u00e1 despu\u00e9s: el mundo que se abre tras las PASO es un mundo diferente. De entrada es imposible saber si, en la realidad, los votos de Grabois se sumar\u00e1n o no a Massa y lo mismo sucede con los de Bullrich y Rodr\u00edguez Larreta. Lo m\u00e1s probable es que en ambas alianzas haya una fuga. Pero lo que se ve en la encuesta del CEOP es que en una elecci\u00f3n que pintaba casi imposible para el oficialismo -sobre todo por los \u00edndices inflacionarios y los bajos ingresos-, hoy se puede decir que los dos frentes est\u00e1n competitivos.<\/p>\n<p><strong>Bullrich y Larreta, palo y palo<\/strong><\/p>\n<p>\u201cEs una interna que est\u00e1 al rojo vivo y el resultado est\u00e1 abierto -diagnostica el titular del CEOP-. Bullrich sigue teniendo la delantera, pero Larreta se puso a apenas 1,4 de distancia. El resultado puede favorecer a cualquiera de los dos\u201d.<\/p>\n<p>Bacman y todos los consultores sostienen que la incertidumbre va por varios lados:<\/p>\n<p>*Primero, el 14 por ciento que dice que no decidi\u00f3 o que no ir\u00e1 a votar o que lo har\u00e1 en blanco. En general, son personas moderadas, no politizadas. Por perfil, parecen encajar m\u00e1s con Larreta que con Bullrich.<\/p>\n<p>*Es cierto que tambi\u00e9n puede haber ciudadanos que ven muy agresiva a Bullrich, sintonizan con esa agresividad y no lo quieren decir. O sea, puede haber voto oculto a la exministra, especialmente en sectores de clase media alta.<\/p>\n<p>*Hay otro factor dif\u00edcil de medir: la intervenci\u00f3n del aparato radical y, en general, las estructuras partidarias. En esa materia, Larreta tiene alianzas m\u00e1s consistentes y pueden pesar.<\/p>\n<p>\u201cBullrich tuvo un crecimiento importante en mayo-junio -redondea Bacman-. Se qued\u00f3 con parte de lo que fue perdiendo Javier Milei. Pero en las \u00faltimas dos semanas cometi\u00f3 errores graves, como hablar de 2001, el blindaje y el Banco Central. Larreta parece tener mejor estructura y aparato comunicacional. A\u00fan as\u00ed, el pron\u00f3stico es dif\u00edcil\u201d.<\/p>\n<p><strong>No saben\/no contestan<\/strong><\/p>\n<p>El ausentismo que se verific\u00f3 en las elecciones provinciales abre un signo de interrogaci\u00f3n para el 13 de agosto. Por ejemplo, Bacman cree que una importante proporci\u00f3n de los que dicen que no decidieron el voto, no saben\/no contestan, en realidad ya resolvieron, pero no quieren revelar qu\u00e9 candidatos eligieron.<\/p>\n<p>\u201c<b>M\u00e1s que mentir, esconden<\/b>\u00a0-sostiene el consultor-. O sea, que nosotros los encuestadores tenemos el problema de saber qu\u00e9 van a hacer los que verdaderamente est\u00e1n indecisos y ahora tambi\u00e9n aparecen en mayor porcentaje los que esconden, o sea una cuesti\u00f3n actitudinal.<\/p>\n<p>Entonces, el gran problema es c\u00f3mo se comportar\u00e1 ese 14 por ciento que est\u00e1 en esa franja. Es evidente que puede haber una parte que no va a votar. En las provincias, el ausentismo aument\u00f3, en promedio, cinco por ciento. Hay varios datos respecto de esos ciudadanos, que nosotros llamamos en transici\u00f3n: son j\u00f3venes, de menos de 25 a\u00f1os, de nivel socioecon\u00f3mico bajo y, por supuesto, con fuerte presencia del cl\u00e1sico votante peronista\u201d.<\/p>\n<p>Como es obvio, una franja de alrededor del 14 por ciento, en una elecci\u00f3n pareja, es muy decisiva. Y es una franja, por tama\u00f1o, in\u00e9dita a diez d\u00edas de las elecciones.<\/p>\n<p><a href=\"https:\/\/primicias2262.com\/noticias\/wp-content\/uploads\/2023\/08\/Encuesta.jpeg\"><img loading=\"lazy\" decoding=\"async\" class=\"aligncenter size-full wp-image-102615\" src=\"https:\/\/primicias2262.com\/noticias\/wp-content\/uploads\/2023\/08\/Encuesta.jpeg\" alt=\"\" width=\"960\" height=\"640\" srcset=\"https:\/\/primicias2262.com\/noticias\/wp-content\/uploads\/2023\/08\/Encuesta.jpeg 960w, https:\/\/primicias2262.com\/noticias\/wp-content\/uploads\/2023\/08\/Encuesta-300x200.jpeg 300w, https:\/\/primicias2262.com\/noticias\/wp-content\/uploads\/2023\/08\/Encuesta-768x512.jpeg 768w, https:\/\/primicias2262.com\/noticias\/wp-content\/uploads\/2023\/08\/Encuesta-150x100.jpeg 150w, https:\/\/primicias2262.com\/noticias\/wp-content\/uploads\/2023\/08\/Encuesta-696x464.jpeg 696w\" sizes=\"auto, (max-width: 960px) 100vw, 960px\" \/><\/a><\/p>\n<p><strong>Milei, cae poco y aguanta<\/strong><\/p>\n<p>Hace un mes, en la encuesta del CEOP publicada por\u00a0<b>P\u00e1gina\/12<\/b>, Javier Milei redondeaba el 19.1 por ciento. Ahora, 18.3. Cay\u00f3 casi un punto. Seg\u00fan los estudios de Bacman, el candidato de La Libertad Avanza (LLA) perdi\u00f3 entre 6 y 7 puntos desde principios de a\u00f1o. Y la ca\u00edda es de este estilo: no estrepitosa, de a un punto por mes.<\/p>\n<p>Un elemento de importancia es lo que ocurrir\u00e1 el mismo 13 de agosto. La realidad es que Milei no tiene estructura ni candidatos ni fiscales. Ya se est\u00e1 viendo ahora, en su poca presencia de campa\u00f1a, aunque prev\u00e9 un cierre con repercusi\u00f3n. Lo cierto es que el 13 depende mucho de que los fiscales de otros partidos le cuiden los votos y eso seguramente ocurrir\u00e1 en algunos distritos y en otros no.<\/p>\n<p>Lo que est\u00e1 claro es que LLA ser\u00e1 holgadamente la tercera fuerza y, en esta encuesta, Guillermo Moreno aparece en el cuarto lugar: duplic\u00f3 sus votos en un mes, en funci\u00f3n de una campa\u00f1a con toques de humor. Como se ve en los datos, Juan Schiaretti no despega y, como es tradicional, a la izquierda le cuestan las elecciones presidenciales: logra buenos guarismos para diputados y senadores, pero no cuando los comicios son por cargos ejecutivos.<\/p>\n<div align=\"center\">\n<div class=\"embedded-entity\" data-embed-button=\"media_image_button\" data-entity-embed-display=\"view_mode:media.single_media_image_460\" data-entity-type=\"media\" data-entity-uuid=\"08383a35-f675-4c5a-8b65-dca30c0b06f2\" data-langcode=\"es\"><\/div>\n<\/div>\n","protected":false},"excerpt":{"rendered":"<p>Sergio Massa\u00a0creci\u00f3 un punto y medio en las \u00faltimas dos semanas y sigue apareciendo como\u00a0el candidato con m\u00e1s intenci\u00f3n de voto\u00a0en las PASO del 13 de agosto. Su contrincante dentro de Uni\u00f3n por la Patria (UP),\u00a0Juan Grabois, tambi\u00e9n subi\u00f3, aunque est\u00e1 muy lejos del ministro de Econom\u00eda. La interna de Juntos por el Cambio (JxC) [&hellip;]<\/p>\n","protected":false},"author":3,"featured_media":102616,"comment_status":"open","ping_status":"open","sticky":false,"template":"","format":"standard","meta":{"footnotes":""},"categories":[7],"tags":[],"class_list":{"0":"post-102614","1":"post","2":"type-post","3":"status-publish","4":"format-standard","5":"has-post-thumbnail","7":"category-nac"},"_links":{"self":[{"href":"https:\/\/primicias2262.com\/noticias\/wp-json\/wp\/v2\/posts\/102614","targetHints":{"allow":["GET"]}}],"collection":[{"href":"https:\/\/primicias2262.com\/noticias\/wp-json\/wp\/v2\/posts"}],"about":[{"href":"https:\/\/primicias2262.com\/noticias\/wp-json\/wp\/v2\/types\/post"}],"author":[{"embeddable":true,"href":"https:\/\/primicias2262.com\/noticias\/wp-json\/wp\/v2\/users\/3"}],"replies":[{"embeddable":true,"href":"https:\/\/primicias2262.com\/noticias\/wp-json\/wp\/v2\/comments?post=102614"}],"version-history":[{"count":1,"href":"https:\/\/primicias2262.com\/noticias\/wp-json\/wp\/v2\/posts\/102614\/revisions"}],"predecessor-version":[{"id":102617,"href":"https:\/\/primicias2262.com\/noticias\/wp-json\/wp\/v2\/posts\/102614\/revisions\/102617"}],"wp:featuredmedia":[{"embeddable":true,"href":"https:\/\/primicias2262.com\/noticias\/wp-json\/wp\/v2\/media\/102616"}],"wp:attachment":[{"href":"https:\/\/primicias2262.com\/noticias\/wp-json\/wp\/v2\/media?parent=102614"}],"wp:term":[{"taxonomy":"category","embeddable":true,"href":"https:\/\/primicias2262.com\/noticias\/wp-json\/wp\/v2\/categories?post=102614"},{"taxonomy":"post_tag","embeddable":true,"href":"https:\/\/primicias2262.com\/noticias\/wp-json\/wp\/v2\/tags?post=102614"}],"curies":[{"name":"wp","href":"https:\/\/api.w.org\/{rel}","templated":true}]}}