{"id":102621,"date":"2023-08-06T23:35:47","date_gmt":"2023-08-06T23:35:47","guid":{"rendered":"https:\/\/primicias2262.com\/noticias\/?p=102621"},"modified":"2023-08-07T16:06:53","modified_gmt":"2023-08-07T16:06:53","slug":"con-arturo-rojas-nueva-necochea-cierra-campana-en-juan-n-fernandez","status":"publish","type":"post","link":"https:\/\/primicias2262.com\/noticias\/con-arturo-rojas-nueva-necochea-cierra-campana-en-juan-n-fernandez\/","title":{"rendered":"Con Arturo Rojas, Nueva Necochea cierra campa\u00f1a en Juan N. Fern\u00e1ndez"},"content":{"rendered":"<p>En la tarde del pr\u00f3ximo lunes 7 de agosto, en un acto que estar\u00e1 encabezado por el propio precandidato a intendente del espacio, Arturo Rojas, la Agrupaci\u00f3n Vecinal \u201cNueva Necochea\u201d estar\u00e1 cerrando la campa\u00f1a previa a las elecciones en Juan N. Fern\u00e1ndez.<br \/>\nInvitando a los y las habitantes de la localidad, como as\u00ed tambi\u00e9n a los queridos pobladores del vecino Claraz, la cita ser\u00e1 en la sede del Club Fernandense, en calle 24 y Ruta Provincial N\u00ba 80, con comienzo a las 18.<\/p>\n<p>Con la premisa \u201csigamos mejorando\u201d y sin otra camiseta que la de todo el distrito de Necochea, queremos consolidar una gesti\u00f3n que le ha dado al interior la importancia que merece, y que tiene muchos proyectos para seguir devolviendo la dignidad a cada uno de nuestros pueblos.<\/p>\n<p>Persiguiendo ese sue\u00f1o, te esperamos el pr\u00f3ximo lunes para que puedas escuchar las propuestas de los precandidatos y las precandidatas que nos van a ayudar a seguir andando este camino de progreso que nos permita construir un futuro mejor para todos.<\/p>\n","protected":false},"excerpt":{"rendered":"<p>En la tarde del pr\u00f3ximo lunes 7 de agosto, en un acto que estar\u00e1 encabezado por el propio precandidato a intendente del espacio, Arturo Rojas, la Agrupaci\u00f3n Vecinal \u201cNueva Necochea\u201d estar\u00e1 cerrando la campa\u00f1a previa a las elecciones en Juan N. Fern\u00e1ndez. Invitando a los y las habitantes de la localidad, como as\u00ed tambi\u00e9n a [&hellip;]<\/p>\n","protected":false},"author":3,"featured_media":102622,"comment_status":"open","ping_status":"open","sticky":false,"template":"","format":"standard","meta":{"footnotes":""},"categories":[3],"tags":[],"class_list":["post-102621","post","type-post","status-publish","format-standard","has-post-thumbnail","category-masnoticias"],"_links":{"self":[{"href":"https:\/\/primicias2262.com\/noticias\/wp-json\/wp\/v2\/posts\/102621","targetHints":{"allow":["GET"]}}],"collection":[{"href":"https:\/\/primicias2262.com\/noticias\/wp-json\/wp\/v2\/posts"}],"about":[{"href":"https:\/\/primicias2262.com\/noticias\/wp-json\/wp\/v2\/types\/post"}],"author":[{"embeddable":true,"href":"https:\/\/primicias2262.com\/noticias\/wp-json\/wp\/v2\/users\/3"}],"replies":[{"embeddable":true,"href":"https:\/\/primicias2262.com\/noticias\/wp-json\/wp\/v2\/comments?post=102621"}],"version-history":[{"count":2,"href":"https:\/\/primicias2262.com\/noticias\/wp-json\/wp\/v2\/posts\/102621\/revisions"}],"predecessor-version":[{"id":102641,"href":"https:\/\/primicias2262.com\/noticias\/wp-json\/wp\/v2\/posts\/102621\/revisions\/102641"}],"wp:featuredmedia":[{"embeddable":true,"href":"https:\/\/primicias2262.com\/noticias\/wp-json\/wp\/v2\/media\/102622"}],"wp:attachment":[{"href":"https:\/\/primicias2262.com\/noticias\/wp-json\/wp\/v2\/media?parent=102621"}],"wp:term":[{"taxonomy":"category","embeddable":true,"href":"https:\/\/primicias2262.com\/noticias\/wp-json\/wp\/v2\/categories?post=102621"},{"taxonomy":"post_tag","embeddable":true,"href":"https:\/\/primicias2262.com\/noticias\/wp-json\/wp\/v2\/tags?post=102621"}],"curies":[{"name":"wp","href":"https:\/\/api.w.org\/{rel}","templated":true}]}}