{"id":102624,"date":"2023-08-06T23:38:54","date_gmt":"2023-08-06T23:38:54","guid":{"rendered":"https:\/\/primicias2262.com\/noticias\/?p=102624"},"modified":"2023-08-07T16:22:14","modified_gmt":"2023-08-07T16:22:14","slug":"mario-goicoechea-participara-en-espana-del-xxv-curso-iberoamericano-de-gestion-portuaria","status":"publish","type":"post","link":"https:\/\/primicias2262.com\/noticias\/mario-goicoechea-participara-en-espana-del-xxv-curso-iberoamericano-de-gestion-portuaria\/","title":{"rendered":"Mario Goicoechea participar\u00e1 en Espa\u00f1a del XXV Curso Iberoamericano de Gesti\u00f3n Portuaria"},"content":{"rendered":"<p>Por Jorge G\u00f3mez<br \/>\n(Colaboraci\u00f3n)<\/p>\n<p>El ingeniero Mario Goicoechea, ex presidente del Consorcio de Gesti\u00f3n del Puerto de Quequ\u00e9n (CGPQ) e integrante de la C\u00e1mara Industrial, de Producci\u00f3n y Servicios de Puerto Quequ\u00e9n (CAPROQ) fue seleccionado como becario para el XXV Curso Iberoamericano de Gesti\u00f3n Portuaria que tendr\u00e1 lugar en Madrid, Espa\u00f1a, entre el 25 de septiembre al 27 de octubre pr\u00f3ximos.<\/p>\n<p>As\u00ed surge de una nota recibida por el citado profesional fechada el 27 de julio pasado en Wasghinton D.C., proveniente de la titular de la Secretar\u00eda de la Comisi\u00f3n Comisi\u00f3n Interamericana de Puertos (CIP) de la Organizaci\u00f3n de Estados Americanos (OEA) y Puertos del Estado de Espa\u00f1a, que lleva la firma de Montserrat Ambriz, integrante de esta dependencia internacional.<\/p>\n<p>Trascendi\u00f3 que, producida la invitaci\u00f3n, Goicoechea acept\u00f3 la misma y ser\u00e1 parte de esta capacitaci\u00f3n que lo tendr\u00e1 como part\u00edcipe del aludido curso a realizarse en aquel pa\u00eds ib\u00e9rico en el venidero oto\u00f1o boreal<\/p>\n","protected":false},"excerpt":{"rendered":"<p>Por Jorge G\u00f3mez (Colaboraci\u00f3n) El ingeniero Mario Goicoechea, ex presidente del Consorcio de Gesti\u00f3n del Puerto de Quequ\u00e9n (CGPQ) e integrante de la C\u00e1mara Industrial, de Producci\u00f3n y Servicios de Puerto Quequ\u00e9n (CAPROQ) fue seleccionado como becario para el XXV Curso Iberoamericano de Gesti\u00f3n Portuaria que tendr\u00e1 lugar en Madrid, Espa\u00f1a, entre el 25 de [&hellip;]<\/p>\n","protected":false},"author":3,"featured_media":101681,"comment_status":"open","ping_status":"open","sticky":false,"template":"","format":"standard","meta":{"footnotes":""},"categories":[3],"tags":[],"class_list":["post-102624","post","type-post","status-publish","format-standard","has-post-thumbnail","category-masnoticias"],"_links":{"self":[{"href":"https:\/\/primicias2262.com\/noticias\/wp-json\/wp\/v2\/posts\/102624","targetHints":{"allow":["GET"]}}],"collection":[{"href":"https:\/\/primicias2262.com\/noticias\/wp-json\/wp\/v2\/posts"}],"about":[{"href":"https:\/\/primicias2262.com\/noticias\/wp-json\/wp\/v2\/types\/post"}],"author":[{"embeddable":true,"href":"https:\/\/primicias2262.com\/noticias\/wp-json\/wp\/v2\/users\/3"}],"replies":[{"embeddable":true,"href":"https:\/\/primicias2262.com\/noticias\/wp-json\/wp\/v2\/comments?post=102624"}],"version-history":[{"count":1,"href":"https:\/\/primicias2262.com\/noticias\/wp-json\/wp\/v2\/posts\/102624\/revisions"}],"predecessor-version":[{"id":102625,"href":"https:\/\/primicias2262.com\/noticias\/wp-json\/wp\/v2\/posts\/102624\/revisions\/102625"}],"wp:featuredmedia":[{"embeddable":true,"href":"https:\/\/primicias2262.com\/noticias\/wp-json\/wp\/v2\/media\/101681"}],"wp:attachment":[{"href":"https:\/\/primicias2262.com\/noticias\/wp-json\/wp\/v2\/media?parent=102624"}],"wp:term":[{"taxonomy":"category","embeddable":true,"href":"https:\/\/primicias2262.com\/noticias\/wp-json\/wp\/v2\/categories?post=102624"},{"taxonomy":"post_tag","embeddable":true,"href":"https:\/\/primicias2262.com\/noticias\/wp-json\/wp\/v2\/tags?post=102624"}],"curies":[{"name":"wp","href":"https:\/\/api.w.org\/{rel}","templated":true}]}}