{"id":102629,"date":"2023-08-07T00:03:33","date_gmt":"2023-08-07T00:03:33","guid":{"rendered":"https:\/\/primicias2262.com\/noticias\/?p=102629"},"modified":"2023-08-07T00:03:44","modified_gmt":"2023-08-07T00:03:44","slug":"bono-a-jubilados-monotributo-productivo-y-suma-fija-las-medidas-de-sergio-massa-tras-las-paso","status":"publish","type":"post","link":"https:\/\/primicias2262.com\/noticias\/bono-a-jubilados-monotributo-productivo-y-suma-fija-las-medidas-de-sergio-massa-tras-las-paso\/","title":{"rendered":"Bono a jubilados, monotributo productivo y suma fija: las medidas de Sergio Massa tras las PASO"},"content":{"rendered":"<p>Una de las reglas electorales que limita a\u00a0<b>Sergio Massa<\/b>, el ministro de Econom\u00eda y precandidato a Presidente, es la\u00a0<a href=\"https:\/\/www.cronista.com\/tools\/redirect.php?t=3&amp;i=919718&amp;s=c8f02f3fa6ea10ba5564aa096d5887d2\" target=\"_blank\" rel=\"noopener\">veda<\/a>\u00a0para realizar anuncios p\u00fablicos de gesti\u00f3n que rige desde el 19 de julio, 25 d\u00edas antes de las\u00a0<b>elecciones Primarias Abiertas Simult\u00e1neas y Obligatorias (PASO)<\/b>. Por eso,\u00a0<u>el tigrense espera hasta despu\u00e9s del pr\u00f3ximo domingo para\u00a0<a href=\"https:\/\/www.cronista.com\/economia-politica\/elecciones-desde-la-casa-rosada-preparan-medidas-para-volver-a-enamorar-a-la-clase-media\/\" target=\"_blank\" rel=\"noopener\">implementar medidas<\/a>\u00a0que le permitan reconquistar a la\u00a0<b>clase media<\/b>\u00a0en el tr\u00e1nsito a las elecciones generales de\u00a0<b>octubre<\/b><\/u>.<\/p>\n<p><u>El\u00a0<b>bono a los jubilados<\/b>\u00a0y la\u00a0<b>suma fija para los trabajadores<\/b>\u00a0registrados en relaci\u00f3n de dependencia es lo que se viene en t\u00e9rminos de ingresos tras las PASO<\/u>, seg\u00fan anticip\u00f3 el propio Massa en declaraciones period\u00edsticas.<\/p>\n<p>Este jueves 10 de agosto el\u00a0<b>Instituto Nacional de Estad\u00edstica y Censos (Indec)<\/b>\u00a0dar\u00e1 a conocer el \u00edndice de\u00a0<b>salarios<\/b> de junio, el \u00faltimo dato que falta para poder calcular la f\u00f3rmula de movilidad de los haberes previsionales que alcanza a <b>jubilaciones<\/b>,\u00a0<b>pensiones<\/b>,\u00a0<b>asignaciones<\/b>\u00a0familiares y la\u00a0<b>Asignaci\u00f3n Universal por Hijo (AUH)<\/b>.<\/p>\n<p data-content-col=\"ok\" data-content-parag=\"Cantidad de caracteres exacta\">Habitualmente, ese mismo d\u00eda Massa y la titular de la\u00a0<b>Administraci\u00f3n Nacional de la Seguridad Social (Anses), Fernanda Raverta<\/b>, suelen anunciar los incrementos por la f\u00f3rmula m\u00e1s un bono que refuerza los ingresos, pero ese acto deber\u00e1 esperar hasta despu\u00e9s de las primarias.<\/p>\n<p id=\"medidas-para-jubilados-y-trabajadores\"><strong>Medidas para jubilados y trabajadores<\/strong><\/p>\n<p data-content-col=\"ok\" data-content-parag=\"Cantidad de caracteres exacta\">Entonces,\u00a0<u>la semana siguiente se anunciar\u00e1 oficialmente el aumento a los jubilados con bono para el trimestre septiembre-noviembre<\/u>. La f\u00f3rmula arrojar\u00eda alrededor de un\u00a0<b>23%<\/b>\u00a0y el bono, que deber\u00e1 ser creciente mes a mes para recomponer en t\u00e9rminos reales los ingresos del sector dependiente de la Seguridad Social, tendr\u00e1 que ser superior a los\u00a0<b>$ 20.000<\/b>\u00a0de agosto.<\/p>\n","protected":false},"excerpt":{"rendered":"<p>Una de las reglas electorales que limita a\u00a0Sergio Massa, el ministro de Econom\u00eda y precandidato a Presidente, es la\u00a0veda\u00a0para realizar anuncios p\u00fablicos de gesti\u00f3n que rige desde el 19 de julio, 25 d\u00edas antes de las\u00a0elecciones Primarias Abiertas Simult\u00e1neas y Obligatorias (PASO). Por eso,\u00a0el tigrense espera hasta despu\u00e9s del pr\u00f3ximo domingo para\u00a0implementar medidas\u00a0que le permitan [&hellip;]<\/p>\n","protected":false},"author":3,"featured_media":100412,"comment_status":"open","ping_status":"open","sticky":false,"template":"","format":"standard","meta":{"footnotes":""},"categories":[7],"tags":[],"class_list":{"0":"post-102629","1":"post","2":"type-post","3":"status-publish","4":"format-standard","5":"has-post-thumbnail","7":"category-nac"},"_links":{"self":[{"href":"https:\/\/primicias2262.com\/noticias\/wp-json\/wp\/v2\/posts\/102629","targetHints":{"allow":["GET"]}}],"collection":[{"href":"https:\/\/primicias2262.com\/noticias\/wp-json\/wp\/v2\/posts"}],"about":[{"href":"https:\/\/primicias2262.com\/noticias\/wp-json\/wp\/v2\/types\/post"}],"author":[{"embeddable":true,"href":"https:\/\/primicias2262.com\/noticias\/wp-json\/wp\/v2\/users\/3"}],"replies":[{"embeddable":true,"href":"https:\/\/primicias2262.com\/noticias\/wp-json\/wp\/v2\/comments?post=102629"}],"version-history":[{"count":1,"href":"https:\/\/primicias2262.com\/noticias\/wp-json\/wp\/v2\/posts\/102629\/revisions"}],"predecessor-version":[{"id":102630,"href":"https:\/\/primicias2262.com\/noticias\/wp-json\/wp\/v2\/posts\/102629\/revisions\/102630"}],"wp:featuredmedia":[{"embeddable":true,"href":"https:\/\/primicias2262.com\/noticias\/wp-json\/wp\/v2\/media\/100412"}],"wp:attachment":[{"href":"https:\/\/primicias2262.com\/noticias\/wp-json\/wp\/v2\/media?parent=102629"}],"wp:term":[{"taxonomy":"category","embeddable":true,"href":"https:\/\/primicias2262.com\/noticias\/wp-json\/wp\/v2\/categories?post=102629"},{"taxonomy":"post_tag","embeddable":true,"href":"https:\/\/primicias2262.com\/noticias\/wp-json\/wp\/v2\/tags?post=102629"}],"curies":[{"name":"wp","href":"https:\/\/api.w.org\/{rel}","templated":true}]}}