{"id":102639,"date":"2023-08-07T16:06:35","date_gmt":"2023-08-07T16:06:35","guid":{"rendered":"https:\/\/primicias2262.com\/noticias\/?p=102639"},"modified":"2023-08-08T11:38:16","modified_gmt":"2023-08-08T11:38:16","slug":"la-junta-electoral-dio-de-baja-otra-lista-en-necochea-y-seran-15-las-que-participaran-de-las-primarias","status":"publish","type":"post","link":"https:\/\/primicias2262.com\/noticias\/la-junta-electoral-dio-de-baja-otra-lista-en-necochea-y-seran-15-las-que-participaran-de-las-primarias\/","title":{"rendered":"La Junta Electoral dio de baja otra lista en Necochea y ser\u00e1n 15 las que participar\u00e1n de las primarias"},"content":{"rendered":"<p><strong>Retir\u00f3 de la competencia de las PASO a realizarse el pr\u00f3ximo domingo la lista del partido Liber-ar-Anticorrupci\u00f3n. La misma Junta hab\u00eda hecho lo propio d\u00edas pasados con otras tres n\u00f3minas.<\/strong><\/p>\n<p><strong>Por Jorge G\u00f3mez<\/strong><\/p>\n<p>Cuando se est\u00e1 a un pu\u00f1ado de jornadas para la realizaci\u00f3n este pr\u00f3ximo domingo 13 de agosto de las PASO 2023 (elecciones primarias, abiertas, simult\u00e1neas y obligatorias), y cuando se pensaba que todo est\u00e1 cerrado y sin cambios a la vista, la Junta Electoral de la Provincia de Buenos Aires (JEPBA) produjo otra novedad en las \u00faltimas horas para el distrito de Necochea al dar de baja una nueva lista para cargos municipales, por lo que quedar\u00e1n para la compulsa de precandidatos en el territorio -a intendente, concejales y consejeros escolares- un total de 15 n\u00f3minas.<\/p>\n<p>La que fue retirada de las primarias locales corresponde al partido Liber.ar-Anticorrupci\u00f3n que propon\u00eda como precandidata a jefa comunal a Gisela Alejandra Paggi. Jornadas atr\u00e1s la propia JEPBA hab\u00eda dado de baja tres listas ante presuntas irregularidades, a\u00f1adiendo por estas horas otra m\u00e1s.<\/p>\n<p>Se recuerda que el Juzgado Federal N\u00ba 1 de La Plata, con asiento en la capital de la Provincia de Buenos Aires, y con competencia electoral, es la dependencia que tiene a su cargo la observaci\u00f3n y el control de las diferentes listas de aspirantes a competir tanto en estas primarias como en la elecci\u00f3n general del domingo 22 de octubre. Ser\u00e1 tambi\u00e9n el instituto que informar\u00e1 oficialmente el resultado final de ambas contiendas c\u00edvicas.<\/p>\n<p>La semana pasada el JEPBA ya hab\u00eda dado de baja tres listas municipales: Encuentro Republicano Federal, Justicia y Dignidad Patri\u00f3tica, y Esperanza de Pueblo.<\/p>\n<p>Ergo, la n\u00f3mina de nombres propios, en calidad de precandidatos a jefe comunal que termin\u00f3 de oficializar la Junta Electoral de la Provincia de Buenos y que, por lo tanto, ser\u00e1n las opciones de tinte local que se observar\u00e1n en los cuartos oscuros que se habilitar\u00e1n el venidero domingo, ser\u00e1 la siguiente.<\/p>\n<ul>\n<li>Luciana Nogueira &#8211; Frente de Izquierda de los Trabajadores.<\/li>\n<li>Silvana Andrada &#8211; Frente de Izquierda de los Trabajadores Unidad \u00abUnidad de Luchadores\u00bb.<\/li>\n<li>Eugenia Vallota &#8211; Juntos por el Cambio \u00abLa fuerza del cambio\u00bb.<\/li>\n<li>Mart\u00edn Migueles &#8211; Juntos por el Cambio \u00abFalta menos para vivir sin miedo\u00bb.<\/li>\n<li>Dami\u00e1n Unibaso &#8211; Juntos por el Cambio \u00abPR\u00bb.<\/li>\n<li>Marcelo \u00abChelo\u00bb Rivero &#8211; Uni\u00f3n por la Patria \u00abCeleste y Blanca N\u00ba 2\u00bb.<\/li>\n<li>Mauro Vel\u00e1zquez &#8211; Uni\u00f3n por la Patria \u00abCeleste y Blanca N\u00ba 4\u00bb.<\/li>\n<li>Daniel \u00abYanqui\u00bb L\u00f3pez &#8211; Uni\u00f3n por la Patria \u00abCeleste y Blanca N\u00ba 6\u00bb.<\/li>\n<li>Juan Pedro Arabarco &#8211; Agrupaci\u00f3n Comunal Transformadora.<\/li>\n<li>Arturo Rojas &#8211; Nueva Necochea.<\/li>\n<li>Pablo Nosek &#8211; La Libertad Avanza.<\/li>\n<li>Mart\u00edn Salcedo &#8211; Partido Autonomista.<\/li>\n<li>Gloria Noelia Ianni &#8211; Partido Principio y Valores.<\/li>\n<li>Mabel Elizabeth Salamone &#8211; Partido Frente Federal de Acci\u00f3n Solidaria de la Provincia de Buenos Aires.<\/li>\n<li>Gimena Graziano &#8211; Libres del Sur.<\/li>\n<\/ul>\n<p>Se reitera que tendr\u00e1n primarias -o sea que resolver\u00e1n su contienda interna- s\u00f3lo tres coaliciones: el frente Juntos que tiene tres aspirantes a la Intendencia, con listas encabezadas por Dami\u00e1n Unibaso, Mart\u00edn Migueles y Mar\u00eda Vallota.<\/p>\n<p>La otra interna que definir\u00e1 estas inminentes PASO ser\u00e1 de la de Uni\u00f3n por la Patria, tambi\u00e9n con tres precandidatos a jefes comunales. Ellos son Mauro Vel\u00e1zquez, Marcelo Rivero y Daniel L\u00f3pez.<\/p>\n<p>Entre la compulsa -primaria del sector- de Luciana Nogueira y Silvana Andrada resultar\u00e1 la candidata a intendente de Necochea en nombre del Frente de Izquierda de los Trabajadores.<\/p>\n<p>Ser\u00e1n 7 las restantes listas que est\u00e1n asimismo inscriptas para las PASO del domingo 13 de agosto, las que tendr\u00e1n como requisito, para acceder a la elecci\u00f3n general de octubre venidero, tan s\u00f3lo alcanzar o superar el 1,5% de los votos positivos.<\/p>\n<p>Vale consignar que en el comicio general a darse el domingo 22 de octubre se elegir\u00e1, con el mismo padr\u00f3n a utilizarse este domingo 13 de agosto, un intendente, 10 concejales y tres consejeros escolares, quienes asumir\u00e1n y comenzar\u00e1n sus mandatos el 10 de diciembre pr\u00f3ximo.<\/p>\n","protected":false},"excerpt":{"rendered":"<p>Retir\u00f3 de la competencia de las PASO a realizarse el pr\u00f3ximo domingo la lista del partido Liber-ar-Anticorrupci\u00f3n. La misma Junta hab\u00eda hecho lo propio d\u00edas pasados con otras tres n\u00f3minas. Por Jorge G\u00f3mez Cuando se est\u00e1 a un pu\u00f1ado de jornadas para la realizaci\u00f3n este pr\u00f3ximo domingo 13 de agosto de las PASO 2023 (elecciones [&hellip;]<\/p>\n","protected":false},"author":3,"featured_media":102264,"comment_status":"open","ping_status":"open","sticky":false,"template":"","format":"standard","meta":{"footnotes":""},"categories":[3],"tags":[],"class_list":["post-102639","post","type-post","status-publish","format-standard","has-post-thumbnail","category-masnoticias"],"_links":{"self":[{"href":"https:\/\/primicias2262.com\/noticias\/wp-json\/wp\/v2\/posts\/102639","targetHints":{"allow":["GET"]}}],"collection":[{"href":"https:\/\/primicias2262.com\/noticias\/wp-json\/wp\/v2\/posts"}],"about":[{"href":"https:\/\/primicias2262.com\/noticias\/wp-json\/wp\/v2\/types\/post"}],"author":[{"embeddable":true,"href":"https:\/\/primicias2262.com\/noticias\/wp-json\/wp\/v2\/users\/3"}],"replies":[{"embeddable":true,"href":"https:\/\/primicias2262.com\/noticias\/wp-json\/wp\/v2\/comments?post=102639"}],"version-history":[{"count":1,"href":"https:\/\/primicias2262.com\/noticias\/wp-json\/wp\/v2\/posts\/102639\/revisions"}],"predecessor-version":[{"id":102640,"href":"https:\/\/primicias2262.com\/noticias\/wp-json\/wp\/v2\/posts\/102639\/revisions\/102640"}],"wp:featuredmedia":[{"embeddable":true,"href":"https:\/\/primicias2262.com\/noticias\/wp-json\/wp\/v2\/media\/102264"}],"wp:attachment":[{"href":"https:\/\/primicias2262.com\/noticias\/wp-json\/wp\/v2\/media?parent=102639"}],"wp:term":[{"taxonomy":"category","embeddable":true,"href":"https:\/\/primicias2262.com\/noticias\/wp-json\/wp\/v2\/categories?post=102639"},{"taxonomy":"post_tag","embeddable":true,"href":"https:\/\/primicias2262.com\/noticias\/wp-json\/wp\/v2\/tags?post=102639"}],"curies":[{"name":"wp","href":"https:\/\/api.w.org\/{rel}","templated":true}]}}