{"id":102642,"date":"2023-08-07T16:22:02","date_gmt":"2023-08-07T16:22:02","guid":{"rendered":"https:\/\/primicias2262.com\/noticias\/?p=102642"},"modified":"2023-08-08T15:43:01","modified_gmt":"2023-08-08T15:43:01","slug":"el-lunes-14-habra-clases-normalmente-en-las-escuelas-donde-se-vote","status":"publish","type":"post","link":"https:\/\/primicias2262.com\/noticias\/el-lunes-14-habra-clases-normalmente-en-las-escuelas-donde-se-vote\/","title":{"rendered":"El lunes 14 habr\u00e1 clases normalmente en las escuelas donde se vote"},"content":{"rendered":"<p><strong>As\u00ed lo confirm\u00f3 la Jefa Distrital de Educaci\u00f3n, Elsa Mar\u00eda Guillermo, durante una breve comunicaci\u00f3n telef\u00f3nica propiciada por el periodista Jorge G\u00f3mez en \u201cVoces de la Ciudad\u201d, a menos de una semana de las elecciones PASO.<\/strong><\/p>\n<p>Frente a la consulta del caso, la inspectora afirm\u00f3 que en las escuelas donde se vota este domingo 13 de agosto habr\u00e1 clases normalmente al otro d\u00eda, en ambos turnos.<\/p>\n<p>\u201cEl inicio de las actividades escolares ser\u00e1 normalmente porque se garantiza la higiene con auxiliares que realizar\u00e1n la limpieza del establecimiento al cierre de los comicios, a partir de las 18 hs. del domingo para dejar todo en condiciones\u201d, comunic\u00f3.<\/p>\n<p>Elsa Guillermo argumento que \u201ces lo que establece la normativa, que a partir de las 18 del domingo ya se puede iniciar con el proceso de higiene en todas las escuelas\u201d, para marcar una diferencia de elecciones pasadas donde se limpiaba muy de madrugada o directamente se suspend\u00edan las clases.<\/p>\n<p><a href=\"https:\/\/primicias2262.com\/noticias\/wp-content\/uploads\/2023\/08\/lunes-14-clases-normal.1.jpg\"><img loading=\"lazy\" decoding=\"async\" class=\"aligncenter size-full wp-image-102643\" src=\"https:\/\/primicias2262.com\/noticias\/wp-content\/uploads\/2023\/08\/lunes-14-clases-normal.1.jpg\" alt=\"\" width=\"1136\" height=\"624\" srcset=\"https:\/\/primicias2262.com\/noticias\/wp-content\/uploads\/2023\/08\/lunes-14-clases-normal.1.jpg 1136w, https:\/\/primicias2262.com\/noticias\/wp-content\/uploads\/2023\/08\/lunes-14-clases-normal.1-300x165.jpg 300w, https:\/\/primicias2262.com\/noticias\/wp-content\/uploads\/2023\/08\/lunes-14-clases-normal.1-1024x562.jpg 1024w, https:\/\/primicias2262.com\/noticias\/wp-content\/uploads\/2023\/08\/lunes-14-clases-normal.1-768x422.jpg 768w, https:\/\/primicias2262.com\/noticias\/wp-content\/uploads\/2023\/08\/lunes-14-clases-normal.1-150x82.jpg 150w, https:\/\/primicias2262.com\/noticias\/wp-content\/uploads\/2023\/08\/lunes-14-clases-normal.1-696x382.jpg 696w, https:\/\/primicias2262.com\/noticias\/wp-content\/uploads\/2023\/08\/lunes-14-clases-normal.1-1068x587.jpg 1068w\" sizes=\"auto, (max-width: 1136px) 100vw, 1136px\" \/><\/a><a href=\"https:\/\/primicias2262.com\/noticias\/wp-content\/uploads\/2023\/08\/lunes-14-clases-normal.jpg\"><img loading=\"lazy\" decoding=\"async\" class=\"aligncenter size-full wp-image-102644\" src=\"https:\/\/primicias2262.com\/noticias\/wp-content\/uploads\/2023\/08\/lunes-14-clases-normal.jpg\" alt=\"\" width=\"969\" height=\"683\" srcset=\"https:\/\/primicias2262.com\/noticias\/wp-content\/uploads\/2023\/08\/lunes-14-clases-normal.jpg 969w, https:\/\/primicias2262.com\/noticias\/wp-content\/uploads\/2023\/08\/lunes-14-clases-normal-300x211.jpg 300w, https:\/\/primicias2262.com\/noticias\/wp-content\/uploads\/2023\/08\/lunes-14-clases-normal-768x541.jpg 768w, https:\/\/primicias2262.com\/noticias\/wp-content\/uploads\/2023\/08\/lunes-14-clases-normal-150x106.jpg 150w, https:\/\/primicias2262.com\/noticias\/wp-content\/uploads\/2023\/08\/lunes-14-clases-normal-696x491.jpg 696w\" sizes=\"auto, (max-width: 969px) 100vw, 969px\" \/><\/a><\/p>\n","protected":false},"excerpt":{"rendered":"<p>As\u00ed lo confirm\u00f3 la Jefa Distrital de Educaci\u00f3n, Elsa Mar\u00eda Guillermo, durante una breve comunicaci\u00f3n telef\u00f3nica propiciada por el periodista Jorge G\u00f3mez en \u201cVoces de la Ciudad\u201d, a menos de una semana de las elecciones PASO. Frente a la consulta del caso, la inspectora afirm\u00f3 que en las escuelas donde se vota este domingo 13 [&hellip;]<\/p>\n","protected":false},"author":3,"featured_media":102645,"comment_status":"open","ping_status":"open","sticky":false,"template":"","format":"standard","meta":{"footnotes":""},"categories":[3],"tags":[],"class_list":["post-102642","post","type-post","status-publish","format-standard","has-post-thumbnail","category-masnoticias"],"_links":{"self":[{"href":"https:\/\/primicias2262.com\/noticias\/wp-json\/wp\/v2\/posts\/102642","targetHints":{"allow":["GET"]}}],"collection":[{"href":"https:\/\/primicias2262.com\/noticias\/wp-json\/wp\/v2\/posts"}],"about":[{"href":"https:\/\/primicias2262.com\/noticias\/wp-json\/wp\/v2\/types\/post"}],"author":[{"embeddable":true,"href":"https:\/\/primicias2262.com\/noticias\/wp-json\/wp\/v2\/users\/3"}],"replies":[{"embeddable":true,"href":"https:\/\/primicias2262.com\/noticias\/wp-json\/wp\/v2\/comments?post=102642"}],"version-history":[{"count":1,"href":"https:\/\/primicias2262.com\/noticias\/wp-json\/wp\/v2\/posts\/102642\/revisions"}],"predecessor-version":[{"id":102646,"href":"https:\/\/primicias2262.com\/noticias\/wp-json\/wp\/v2\/posts\/102642\/revisions\/102646"}],"wp:featuredmedia":[{"embeddable":true,"href":"https:\/\/primicias2262.com\/noticias\/wp-json\/wp\/v2\/media\/102645"}],"wp:attachment":[{"href":"https:\/\/primicias2262.com\/noticias\/wp-json\/wp\/v2\/media?parent=102642"}],"wp:term":[{"taxonomy":"category","embeddable":true,"href":"https:\/\/primicias2262.com\/noticias\/wp-json\/wp\/v2\/categories?post=102642"},{"taxonomy":"post_tag","embeddable":true,"href":"https:\/\/primicias2262.com\/noticias\/wp-json\/wp\/v2\/tags?post=102642"}],"curies":[{"name":"wp","href":"https:\/\/api.w.org\/{rel}","templated":true}]}}