{"id":102661,"date":"2023-08-07T17:14:16","date_gmt":"2023-08-07T17:14:16","guid":{"rendered":"https:\/\/primicias2262.com\/noticias\/?p=102661"},"modified":"2023-08-08T17:08:35","modified_gmt":"2023-08-08T17:08:35","slug":"mas-alla-de-las-cuestiones-que-atravesamos-en-su-momento-con-arturo-habia-que-sentarse-a-dialogar-y-las-dos-partes-tuvimos-esa-madurez","status":"publish","type":"post","link":"https:\/\/primicias2262.com\/noticias\/mas-alla-de-las-cuestiones-que-atravesamos-en-su-momento-con-arturo-habia-que-sentarse-a-dialogar-y-las-dos-partes-tuvimos-esa-madurez\/","title":{"rendered":"\u201cM\u00e1s all\u00e1 de las cuestiones que atravesamos en su momento con Arturo hab\u00eda que sentarse a dialogar y las dos partes tuvimos esa madurez\u201d"},"content":{"rendered":"<p><strong>As\u00ed lo valor\u00f3 la necochense secretaria de Gesti\u00f3n de Transporte de la Naci\u00f3n, Jimena L\u00f3pez, en el marco de una nota realizada por el periodista Jorge G\u00f3mez en \u201cVoces de la Ciudad\u201d, donde no solo habl\u00f3 de las importantes obras que gestion\u00f3 para que lleguen a la ciudad, sino que volvi\u00f3 a resaltar la figura militante de Mauro Vel\u00e1zquez, precandidato a intendente del Frente Renovador en Uni\u00f3n por la Patria.<\/strong><\/p>\n<p>Respecto a esto \u00faltimo, la exsecretaria de Desarrollo Humano de la comuna explic\u00f3 por qu\u00e9 Vel\u00e1zquez tendr\u00eda que ser el futuro intendente a partir de diciembre: \u201cPrimero porque tiene el deseo y la trayectoria necesaria para serlo\u2026 \u00e9l se plant\u00f3 y dijo que le gustar\u00eda ser candidato y pelear una PASO, y no es poco, ya que hay una exposici\u00f3n muy alta en quien se define ser candidato porque le sac\u00e1s tiempo a tu familia y te expon\u00e9s a que te digan cosas que no son ciertas, y a que la gente en la calle te diga cualquier cosa\u201d.<\/p>\n<p>Luego desterr\u00f3 todo tipo de comentario que la apunta como patrona de Vel\u00e1zquez, al enfatizar que \u201cnosotros tenemos un \u00fanico conductor pol\u00edtico que es Sergio Massa, despu\u00e9s el resto podemos ser m\u00e1s o menos referentes, pero patrona de Mauro no soy, de hecho creo que ha tenido un crecimiento muy grande en la conducci\u00f3n del espacio, desde los 18 a\u00f1os que est\u00e1 afiliado al partido y ha trabajado siempre en pol\u00edtica\u201d.<\/p>\n<p>En ese aspecto, lament\u00f3 que \u201chay una cuesti\u00f3n en Necochea de bajarle el precio a los compa\u00f1eros y esa tendencia no le hace bien a la pol\u00edtica, porque yo puedo tener una diferencia con cualquier adversario pol\u00edtico pero eso no me habilita a bajarle el precio a alguien que est\u00e1 predispuesto y se anima a ser candidato\u2026 en ese punto hay que acompa\u00f1ar y yo en Necochea estoy m\u00e1s en una posici\u00f3n de militancia y compa\u00f1era\u201d.<\/p>\n<p>\u201cNosotros hemos armado un equipo de trabajo y en los equipos los roles son m\u00f3viles, hay veces que toca conducir y otras que no y a m\u00ed en Necochea actualmente no me toc\u00f3 conducir la campa\u00f1a, sino que la campa\u00f1a es de Mauro Vel\u00e1zquez\u201d, complet\u00f3 al respecto.<\/p>\n<p><strong>Una mejor relaci\u00f3n con Rojas<\/strong><\/p>\n<p>Por otra parte, la funcionaria nacional fue consultada por la relaci\u00f3n compuesta con el intendente Arturo Rojas tras los roces de la campa\u00f1a del 2019 que enfrenteba al actual intendente con el otrora jefe comunal y hermano de Jimena, Facundo L\u00f3pez.<\/p>\n<p>\u201cM\u00e1s all\u00e1 de las cuestiones que atravesamos en su momento con el actual intendente Arturo Rojas, no deja de ser el intendente y hab\u00eda que sentarse a dialogar, y desde ese lugar en alg\u00fan punto tuvimos la madurez suficiente las dos partes en poder sentarnos\u201d, asegur\u00f3 Jimena.<\/p>\n<p>Adem\u00e1s, acot\u00f3 que \u201ctengo la oportunidad hist\u00f3rica en esta relaci\u00f3n de poder ser una vice ministra de un lugar que ejecuta obras (Transporte), y yo vivo y soy de Necochea, m\u00e1s all\u00e1 de no haber nacido ac\u00e1, es el lugar donde vive mi familia, mi hijo y mis amigos y el ego\u00edsmo no me cierra ni en la misma pol\u00edtica\u201d, argumentando que \u201cno se afecta a un intendente no baj\u00e1ndole una obra de Naci\u00f3n, sino que esa actitud de ego\u00edsmo hablar\u00eda m\u00e1s de uno propio que del Intendente\u201d.<\/p>\n<p>Incluso, prosigui\u00f3 explicando que \u201cme pareci\u00f3 que era necesario que entre los que formamos una generaci\u00f3n de pol\u00edticos j\u00f3venes en la ciudad, menores de 50 a\u00f1os, apostemos a una Necochea de desarrollo y quienes tenemos lugares estrat\u00e9gicos acompa\u00f1emos los procesos, porque las diferencias las dirimimos en otro lado y de otra manera, pero la inversi\u00f3n que yo puedo traer para Necochea en t\u00e9rminos econ\u00f3micos ayuda en el desarrollo\u2026 es la ciudad que eleg\u00ed para vivir y aunque no est\u00e9 en la funci\u00f3n p\u00fablica municipal es mi lugar\u201d.<\/p>\n<p>\u201cQuienes han estado en lugares de decisi\u00f3n y han tenido un comportamiento ego\u00edsta, a la \u00fanica que han atrasado ha sido a la ciudad, porque no atras\u00e1s a un intendente, sino al proceso de desarrollo de una comunidad\u201d, agreg\u00f3.<\/p>\n<p><strong>La Playa de Camiones, la Terminal y el objetivo de las \u201cparadas seguras\u201d<\/strong><\/p>\n<p>En tal caso, Jimena L\u00f3pez se refiri\u00f3 a las obras directamente relacionadas a la cartera nacional que pcupa, y que son de larga data en nuestro pago, como la Playa de Camiones de Quequ\u00e9n y la Terminal de Necochea.<\/p>\n<p>Referido a la primera de ellas, que ya se encuentra en ejecuci\u00f3n, se\u00f1al\u00f3 que \u201ccuando tuve la posibilidad de definir si ven\u00eda la obra de la Playa de Camiones ac\u00e1 no lo dud\u00e9 un segundo, hac\u00eda varios meses que lo hab\u00edamos presentado y Arturo hab\u00eda firmado ese convenio y hay que ejecutar parte del presupuesto que tiene diferentes env\u00edos de dinero. Es una obra que hace muchos a\u00f1os que se viene esperando y tenemos una comunidad muy grande transportistas y familias enteras, y era necesario brindar condiciones dignas de trabajo\u201d.<\/p>\n<p>En cuanto a la Terminal de \u00d3mnibus, actualiz\u00f3 que \u201cse presentaron todos los papeles y en esta segunda parte del a\u00f1o ingresa una reprogramaci\u00f3n del presupuesto porque entra en la segunda etapa de terminales, es un subsidio que damos\u2026 en un primer adelanto se da el 50% o 60% y despu\u00e9s se da el resto en dos etapas m\u00e1s a contra certificaci\u00f3n de avance. Ya est\u00e1 presentado y se avanza porque tiene que ver con una definici\u00f3n que tomamos desde Naci\u00f3n\u201d.<\/p>\n<p>Finalmente, asegur\u00f3 que \u201cyo dije que para Necochea me gustar\u00eda tener esto, esto y esto\u2026 vamos dos de tres y la tercera tiene que ver con que me gustar\u00eda traer unos m\u00f3dulos que se llaman Paradas seguras, referido a paradas de colectivos con un modo espec\u00edfico tecnol\u00f3gico para poder hacer disparos de alerta a la noche en las paradas del micro\u201d.<\/p>\n","protected":false},"excerpt":{"rendered":"<p>As\u00ed lo valor\u00f3 la necochense secretaria de Gesti\u00f3n de Transporte de la Naci\u00f3n, Jimena L\u00f3pez, en el marco de una nota realizada por el periodista Jorge G\u00f3mez en \u201cVoces de la Ciudad\u201d, donde no solo habl\u00f3 de las importantes obras que gestion\u00f3 para que lleguen a la ciudad, sino que volvi\u00f3 a resaltar la figura [&hellip;]<\/p>\n","protected":false},"author":3,"featured_media":102662,"comment_status":"open","ping_status":"open","sticky":false,"template":"","format":"standard","meta":{"footnotes":""},"categories":[3],"tags":[],"class_list":["post-102661","post","type-post","status-publish","format-standard","has-post-thumbnail","category-masnoticias"],"_links":{"self":[{"href":"https:\/\/primicias2262.com\/noticias\/wp-json\/wp\/v2\/posts\/102661","targetHints":{"allow":["GET"]}}],"collection":[{"href":"https:\/\/primicias2262.com\/noticias\/wp-json\/wp\/v2\/posts"}],"about":[{"href":"https:\/\/primicias2262.com\/noticias\/wp-json\/wp\/v2\/types\/post"}],"author":[{"embeddable":true,"href":"https:\/\/primicias2262.com\/noticias\/wp-json\/wp\/v2\/users\/3"}],"replies":[{"embeddable":true,"href":"https:\/\/primicias2262.com\/noticias\/wp-json\/wp\/v2\/comments?post=102661"}],"version-history":[{"count":2,"href":"https:\/\/primicias2262.com\/noticias\/wp-json\/wp\/v2\/posts\/102661\/revisions"}],"predecessor-version":[{"id":102664,"href":"https:\/\/primicias2262.com\/noticias\/wp-json\/wp\/v2\/posts\/102661\/revisions\/102664"}],"wp:featuredmedia":[{"embeddable":true,"href":"https:\/\/primicias2262.com\/noticias\/wp-json\/wp\/v2\/media\/102662"}],"wp:attachment":[{"href":"https:\/\/primicias2262.com\/noticias\/wp-json\/wp\/v2\/media?parent=102661"}],"wp:term":[{"taxonomy":"category","embeddable":true,"href":"https:\/\/primicias2262.com\/noticias\/wp-json\/wp\/v2\/categories?post=102661"},{"taxonomy":"post_tag","embeddable":true,"href":"https:\/\/primicias2262.com\/noticias\/wp-json\/wp\/v2\/tags?post=102661"}],"curies":[{"name":"wp","href":"https:\/\/api.w.org\/{rel}","templated":true}]}}