{"id":102677,"date":"2023-08-08T11:37:59","date_gmt":"2023-08-08T11:37:59","guid":{"rendered":"https:\/\/primicias2262.com\/noticias\/?p=102677"},"modified":"2023-08-09T13:23:32","modified_gmt":"2023-08-09T13:23:32","slug":"el-municipio-inicio-las-obras-para-dotar-de-cordon-cuneta-a-ocho-puntos-de-la-ciudad","status":"publish","type":"post","link":"https:\/\/primicias2262.com\/noticias\/el-municipio-inicio-las-obras-para-dotar-de-cordon-cuneta-a-ocho-puntos-de-la-ciudad\/","title":{"rendered":"El Municipio inici\u00f3 las obras para dotar de cord\u00f3n cuneta a ocho puntos de la ciudad"},"content":{"rendered":"<p><strong>Esta semana comenz\u00f3 a ejecutarse otro de los ambiciosos proyectos que impulsa el Ejecutivo municipal para seguir dotando con infraestructura b\u00e1sica a las zonas m\u00e1s postergadas de Necochea y Quequ\u00e9n, llevando calidad de vida a barrios en los que vive una numerosa cantidad de vecinos y vecinas.<\/strong><\/p>\n<p>En este caso, la importante obra que beneficiar\u00e1 directamente a cientos de familias del distrito es la de cord\u00f3n cuneta, el paso previo a la futura concreci\u00f3n de nuevas calles asfaltadas, y nada menos que en un trayecto total de alrededor de 7 mil metros lineales, algo as\u00ed como unas 35 cuadras que contar\u00e1n con este nuevo avance para mejorar definitivamente el estado transitable de sus calzadas.<\/p>\n<p>\u201cEs una obra important\u00edsima que estamos arrancando en estos d\u00edas\u201d, defini\u00f3 Lisandro Dones, subsecretario de Obras P\u00fablicas, sobre el trabajo que se inici\u00f3 en el Barrio Norte y seguir\u00e1 en otras zonas previamente definidas. \u201cRecordemos que una parte viene financiada por el programa Municipios a la Obra, de la Provincia de Buenos Aires, en este caso con 300 millones de pesos, y una parte pone el Municipio\u201d, un monto cercano a los 100 millones de pesos, certific\u00f3 el funcionario.<\/p>\n<p>El proyecto t\u00e9cnico est\u00e1 realizado enteramente por el \u00e1rea especializada de la comuna. La participaci\u00f3n del Gobierno bonaerense reside en el env\u00edo de un fondo al que el Departamento Ejecutivo le da el curso que estima necesario, \u201cen este caso, el intendente Arturo Rojas entiende que el cord\u00f3n cuneta es parte fundamental del desarrollo de la ciudad\u201d, explic\u00f3 el titular del \u00e1rea que depende de la Secretar\u00eda de Planeamiento, Obras y Servicios P\u00fablicos, a cargo de Adri\u00e1n Furno.<\/p>\n<p>\u201cLa obra que iniciamos hoy en el Barrio Mataderos continuar\u00e1 despu\u00e9s en distintos puntos\u201d, defini\u00f3 Dones, revelando que se completar\u00e1n con obras de iluminaci\u00f3n: \u201cLos llamados Corredores Seguros, que tambi\u00e9n se iniciaron en el d\u00eda de hoy en la 566 de Quequ\u00e9n, calle que tambi\u00e9n va a llevar el cord\u00f3n cuneta en los pr\u00f3ximos meses\u201d.<\/p>\n<p>\u201cArturo entiende que el progreso tiene que ver con dotar de infraestructura tanto a Necochea, como a Quequ\u00e9n y al interior del distrito, esto es cord\u00f3n cuneta, agua, cloacas\u201d. Y en ese marco record\u00f3 el funcionario que \u201csemanas atr\u00e1s lanzamos un programa important\u00edsimo de cloacas y agua que va a beneficiar a m\u00e1s de 280 familias\u201d.<\/p>\n<p>Finalmente, el subsecretario indic\u00f3 sobre las zonas a intervenir que ser\u00e1n ocho, entre ellas la Avenida 74 entre 75 y 91 o las quequenenses 517 y 566. \u201cSon muchos puntos, m\u00e1s de 7.000 metros lineales de cord\u00f3n cuneta que, como todos sabemos, ordenan, emprolijan, encausan el agua, evitan inundaciones. Es un progreso importante que viene previo a la futura pavimentaci\u00f3n de estas calles\u201d.<\/p>\n","protected":false},"excerpt":{"rendered":"<p>Esta semana comenz\u00f3 a ejecutarse otro de los ambiciosos proyectos que impulsa el Ejecutivo municipal para seguir dotando con infraestructura b\u00e1sica a las zonas m\u00e1s postergadas de Necochea y Quequ\u00e9n, llevando calidad de vida a barrios en los que vive una numerosa cantidad de vecinos y vecinas. En este caso, la importante obra que beneficiar\u00e1 [&hellip;]<\/p>\n","protected":false},"author":3,"featured_media":102678,"comment_status":"open","ping_status":"open","sticky":false,"template":"","format":"standard","meta":{"footnotes":""},"categories":[3],"tags":[],"class_list":["post-102677","post","type-post","status-publish","format-standard","has-post-thumbnail","category-masnoticias"],"_links":{"self":[{"href":"https:\/\/primicias2262.com\/noticias\/wp-json\/wp\/v2\/posts\/102677","targetHints":{"allow":["GET"]}}],"collection":[{"href":"https:\/\/primicias2262.com\/noticias\/wp-json\/wp\/v2\/posts"}],"about":[{"href":"https:\/\/primicias2262.com\/noticias\/wp-json\/wp\/v2\/types\/post"}],"author":[{"embeddable":true,"href":"https:\/\/primicias2262.com\/noticias\/wp-json\/wp\/v2\/users\/3"}],"replies":[{"embeddable":true,"href":"https:\/\/primicias2262.com\/noticias\/wp-json\/wp\/v2\/comments?post=102677"}],"version-history":[{"count":2,"href":"https:\/\/primicias2262.com\/noticias\/wp-json\/wp\/v2\/posts\/102677\/revisions"}],"predecessor-version":[{"id":102727,"href":"https:\/\/primicias2262.com\/noticias\/wp-json\/wp\/v2\/posts\/102677\/revisions\/102727"}],"wp:featuredmedia":[{"embeddable":true,"href":"https:\/\/primicias2262.com\/noticias\/wp-json\/wp\/v2\/media\/102678"}],"wp:attachment":[{"href":"https:\/\/primicias2262.com\/noticias\/wp-json\/wp\/v2\/media?parent=102677"}],"wp:term":[{"taxonomy":"category","embeddable":true,"href":"https:\/\/primicias2262.com\/noticias\/wp-json\/wp\/v2\/categories?post=102677"},{"taxonomy":"post_tag","embeddable":true,"href":"https:\/\/primicias2262.com\/noticias\/wp-json\/wp\/v2\/tags?post=102677"}],"curies":[{"name":"wp","href":"https:\/\/api.w.org\/{rel}","templated":true}]}}