{"id":102682,"date":"2023-08-10T11:00:03","date_gmt":"2023-08-10T11:00:03","guid":{"rendered":"https:\/\/primicias2262.com\/noticias\/?p=102682"},"modified":"2023-08-11T11:26:46","modified_gmt":"2023-08-11T11:26:46","slug":"defensa-civil-y-cruz-roja-brindaron-un-taller-de-rcp-al-aire-libre","status":"publish","type":"post","link":"https:\/\/primicias2262.com\/noticias\/defensa-civil-y-cruz-roja-brindaron-un-taller-de-rcp-al-aire-libre\/","title":{"rendered":"Defensa Civil y Cruz Roja brindaron un taller de RCP al aire libre"},"content":{"rendered":"<p><strong>Un balance muy positivo arroj\u00f3 la jornada del s\u00e1bado tras el taller gratuito de RCP y Primeros Auxilios al aire libre que se desarroll\u00f3 en la sede de Defensa Civil en el Parque Miguel Lillo, con la participaci\u00f3n de m\u00e1s de 50 personas, muchas de ellas vinculadas a la actividad f\u00edsica en el pulm\u00f3n verde m\u00e1s importante de la ciudad.<\/strong><\/p>\n<p>Desde Defensa Civil su director Augusto Fulton resalt\u00f3 la impronta colectiva de la jornada al destacar que el taller se hizo en conjunto con la Cruz Roja Argentina, filial Necochea, y con la Direcci\u00f3n de Deportes, acompa\u00f1ada por su titular Guadalupe Hern\u00e1ndez y el Prof. Mauro Cabrera.<\/p>\n<p>El funcionario revel\u00f3 que \u201crealizamos la actividad en este sector (Av. 10 y 97) porque la idea era trabajar con la gente que utiliza mucho esta zona para la actividad f\u00edsica al aire libre, el que viene a correr, andar en bicicleta o simplemente a caminar, entonces la idea era llevar esta t\u00e9cnica de que con las manos se puede salvar una vida\u201d.<\/p>\n<p><a href=\"https:\/\/primicias2262.com\/noticias\/wp-content\/uploads\/2023\/08\/07-08-FOTO-taller-RCP2.jpeg\"><img loading=\"lazy\" decoding=\"async\" class=\"aligncenter size-full wp-image-102684\" src=\"https:\/\/primicias2262.com\/noticias\/wp-content\/uploads\/2023\/08\/07-08-FOTO-taller-RCP2.jpeg\" alt=\"\" width=\"1280\" height=\"853\" srcset=\"https:\/\/primicias2262.com\/noticias\/wp-content\/uploads\/2023\/08\/07-08-FOTO-taller-RCP2.jpeg 1280w, https:\/\/primicias2262.com\/noticias\/wp-content\/uploads\/2023\/08\/07-08-FOTO-taller-RCP2-300x200.jpeg 300w, https:\/\/primicias2262.com\/noticias\/wp-content\/uploads\/2023\/08\/07-08-FOTO-taller-RCP2-1024x682.jpeg 1024w, https:\/\/primicias2262.com\/noticias\/wp-content\/uploads\/2023\/08\/07-08-FOTO-taller-RCP2-768x512.jpeg 768w, https:\/\/primicias2262.com\/noticias\/wp-content\/uploads\/2023\/08\/07-08-FOTO-taller-RCP2-150x100.jpeg 150w, https:\/\/primicias2262.com\/noticias\/wp-content\/uploads\/2023\/08\/07-08-FOTO-taller-RCP2-696x464.jpeg 696w, https:\/\/primicias2262.com\/noticias\/wp-content\/uploads\/2023\/08\/07-08-FOTO-taller-RCP2-1068x712.jpeg 1068w\" sizes=\"auto, (max-width: 1280px) 100vw, 1280px\" \/><\/a>Seguidamente, valor\u00f3 que \u201cestamos muy contentos porque se acerc\u00f3 un mont\u00f3n de gente, m\u00e1s de 50 personas que han venido a formarse y capacitarse, algunas con total desconocimiento de lo que era hacer RCP y otras que conoc\u00edan para hacer un repaso, consultar y evacuar dudas\u201d.<\/p>\n<p>En cuanto a los conceptos abordados en el taller, Fulton detall\u00f3 que \u201cen primer lugar marcamos qu\u00e9 hacer ante la llegada a una situaci\u00f3n de emergencia, c\u00f3mo trabajar con esa persona, remarcar siempre los n\u00fameros de emergencia a los que debo llamar y cu\u00e1les son las caracter\u00edsticas b\u00e1sicas del RCP (Reanimaci\u00f3n Cardio Pulmonar), desde evaluar la conciencia o inconsciencia, c\u00f3mo es la posici\u00f3n que debo adoptar con mi cuerpo para realizar esta t\u00e9cnica, cu\u00e1ntas son las compresiones que deben entrar en un determinado tiempo, que son entre 100 y 120 por minuto, y c\u00f3mo var\u00eda la t\u00e9cnica a realizar seg\u00fan la fisonom\u00eda de la persona, si es un lactante, un pedi\u00e1trico o un adulto\u201d.<\/p>\n<p>El director de Defensa Civil manifest\u00f3 que el buen clima propici\u00f3 el acercamiento de la gente y en ese sentido anticip\u00f3 que vendr\u00e1n m\u00e1s talleres: \u201cEste fue el puntapi\u00e9 en esta \u00e9poca donde empieza de a poco la primavera para replicar este tipo de actividades hasta fin de a\u00f1o, e incluso en el verano la idea es seguir trabajando en conjunto con la Direcci\u00f3n de Deportes y la filial de Cruz Roja Argentina, que sus voluntarios nos brinda una gran ayuda en formaci\u00f3n para la comunidad\u201d.<\/p>\n","protected":false},"excerpt":{"rendered":"<p>Un balance muy positivo arroj\u00f3 la jornada del s\u00e1bado tras el taller gratuito de RCP y Primeros Auxilios al aire libre que se desarroll\u00f3 en la sede de Defensa Civil en el Parque Miguel Lillo, con la participaci\u00f3n de m\u00e1s de 50 personas, muchas de ellas vinculadas a la actividad f\u00edsica en el pulm\u00f3n verde [&hellip;]<\/p>\n","protected":false},"author":3,"featured_media":102685,"comment_status":"open","ping_status":"open","sticky":false,"template":"","format":"standard","meta":{"footnotes":""},"categories":[3],"tags":[],"class_list":["post-102682","post","type-post","status-publish","format-standard","has-post-thumbnail","category-masnoticias"],"_links":{"self":[{"href":"https:\/\/primicias2262.com\/noticias\/wp-json\/wp\/v2\/posts\/102682","targetHints":{"allow":["GET"]}}],"collection":[{"href":"https:\/\/primicias2262.com\/noticias\/wp-json\/wp\/v2\/posts"}],"about":[{"href":"https:\/\/primicias2262.com\/noticias\/wp-json\/wp\/v2\/types\/post"}],"author":[{"embeddable":true,"href":"https:\/\/primicias2262.com\/noticias\/wp-json\/wp\/v2\/users\/3"}],"replies":[{"embeddable":true,"href":"https:\/\/primicias2262.com\/noticias\/wp-json\/wp\/v2\/comments?post=102682"}],"version-history":[{"count":2,"href":"https:\/\/primicias2262.com\/noticias\/wp-json\/wp\/v2\/posts\/102682\/revisions"}],"predecessor-version":[{"id":102725,"href":"https:\/\/primicias2262.com\/noticias\/wp-json\/wp\/v2\/posts\/102682\/revisions\/102725"}],"wp:featuredmedia":[{"embeddable":true,"href":"https:\/\/primicias2262.com\/noticias\/wp-json\/wp\/v2\/media\/102685"}],"wp:attachment":[{"href":"https:\/\/primicias2262.com\/noticias\/wp-json\/wp\/v2\/media?parent=102682"}],"wp:term":[{"taxonomy":"category","embeddable":true,"href":"https:\/\/primicias2262.com\/noticias\/wp-json\/wp\/v2\/categories?post=102682"},{"taxonomy":"post_tag","embeddable":true,"href":"https:\/\/primicias2262.com\/noticias\/wp-json\/wp\/v2\/tags?post=102682"}],"curies":[{"name":"wp","href":"https:\/\/api.w.org\/{rel}","templated":true}]}}