{"id":102704,"date":"2023-08-10T11:08:33","date_gmt":"2023-08-10T11:08:33","guid":{"rendered":"https:\/\/primicias2262.com\/noticias\/?p=102704"},"modified":"2023-08-11T14:24:09","modified_gmt":"2023-08-11T14:24:09","slug":"el-necopesca-celebra-este-viernes-la-cena-baile-del-pescador-deportivo","status":"publish","type":"post","link":"https:\/\/primicias2262.com\/noticias\/el-necopesca-celebra-este-viernes-la-cena-baile-del-pescador-deportivo\/","title":{"rendered":"El Necopesca celebra este viernes la cena baile del \u201cpescador deportivo\u201d"},"content":{"rendered":"<p><strong>Ser\u00e1 a partir de las 21.30 en el sal\u00f3n de fiestas del hermoso complejo con que cuenta el club en Av. 58 y Ruta 86. Las entradas est\u00e1n casi agotadas.<\/strong><\/p>\n<p>Por este acontecimiento pasaron dos de las autoridades del Necopesca Club por \u201cVoces de la Ciudad\u201d, Hugo Denaro y Fernando Fulton, anunciando que m\u00e1s all\u00e1 de la celebraci\u00f3n del D\u00eda del Pescador Deportivo, el evento ser\u00e1 una linda excusa para juntarse en familia.<\/p>\n<p><a href=\"https:\/\/primicias2262.com\/noticias\/wp-content\/uploads\/2023\/08\/necopesca-fulton-denaro.jpeg\"><img loading=\"lazy\" decoding=\"async\" class=\"aligncenter size-full wp-image-102708\" src=\"https:\/\/primicias2262.com\/noticias\/wp-content\/uploads\/2023\/08\/necopesca-fulton-denaro.jpeg\" alt=\"\" width=\"1024\" height=\"768\" srcset=\"https:\/\/primicias2262.com\/noticias\/wp-content\/uploads\/2023\/08\/necopesca-fulton-denaro.jpeg 1024w, https:\/\/primicias2262.com\/noticias\/wp-content\/uploads\/2023\/08\/necopesca-fulton-denaro-300x225.jpeg 300w, https:\/\/primicias2262.com\/noticias\/wp-content\/uploads\/2023\/08\/necopesca-fulton-denaro-768x576.jpeg 768w, https:\/\/primicias2262.com\/noticias\/wp-content\/uploads\/2023\/08\/necopesca-fulton-denaro-150x113.jpeg 150w, https:\/\/primicias2262.com\/noticias\/wp-content\/uploads\/2023\/08\/necopesca-fulton-denaro-696x522.jpeg 696w\" sizes=\"auto, (max-width: 1024px) 100vw, 1024px\" \/><\/a>En la nota realizada por el periodista Jorge G\u00f3mez, informaron que el festejo que agrupar\u00e1 a unas 100 personas, ser\u00e1 este viernes 11 a partir de las 21.30, y se denominar\u00e1 la Cena del \u201cpescador deportivo\u201d, en el sal\u00f3n de fiestas del Necopesca, en Av. 58 y Ruta 86, con un valor de la entrada de 5 mil pesos.<\/p>\n<p>Fulton destac\u00f3 al respecto que \u201cest\u00e1 pr\u00e1cticamente todo vendido, quedan pocas tarjetas y ya podemos decir que es un \u00e9xito\u201d, y aclar\u00f3 que \u201cel D\u00eda del Pescador Deportivo se celebra el 3 de agosto pero por una cuesti\u00f3n organizativa la pasamos para este viernes 11\u201d.<\/p>\n<p>Tambi\u00e9n aclar\u00f3 a la pasada que \u201ctomamos como excusa el D\u00eda del Pescador Deportivo, pero la idea principal de la comisi\u00f3n directiva es hacer una fiesta familiar al menos una vez al a\u00f1o, es decir, que puedan juntarse la familia, amigos y socios del club y festejar en una cena baile\u201d.<\/p>\n<div id='gallery-1' class='gallery galleryid-102704 gallery-columns-2 gallery-size-medium'><figure class='gallery-item'>\n\t\t\t<div class='gallery-icon landscape'>\n\t\t\t\t<a href='https:\/\/primicias2262.com\/noticias\/el-necopesca-celebra-este-viernes-la-cena-baile-del-pescador-deportivo\/necopesca-joda2\/'><img loading=\"lazy\" decoding=\"async\" width=\"300\" height=\"185\" src=\"https:\/\/primicias2262.com\/noticias\/wp-content\/uploads\/2023\/08\/necopesca-joda2-300x185.jpeg\" class=\"attachment-medium size-medium\" alt=\"\" srcset=\"https:\/\/primicias2262.com\/noticias\/wp-content\/uploads\/2023\/08\/necopesca-joda2-300x185.jpeg 300w, https:\/\/primicias2262.com\/noticias\/wp-content\/uploads\/2023\/08\/necopesca-joda2-150x92.jpeg 150w, https:\/\/primicias2262.com\/noticias\/wp-content\/uploads\/2023\/08\/necopesca-joda2.jpeg 566w\" sizes=\"auto, (max-width: 300px) 100vw, 300px\" \/><\/a>\n\t\t\t<\/div><\/figure><figure class='gallery-item'>\n\t\t\t<div class='gallery-icon portrait'>\n\t\t\t\t<a href='https:\/\/primicias2262.com\/noticias\/el-necopesca-celebra-este-viernes-la-cena-baile-del-pescador-deportivo\/necopesca-joda3\/'><img loading=\"lazy\" decoding=\"async\" width=\"263\" height=\"300\" src=\"https:\/\/primicias2262.com\/noticias\/wp-content\/uploads\/2023\/08\/necopesca-joda3-263x300.jpg\" class=\"attachment-medium size-medium\" alt=\"\" srcset=\"https:\/\/primicias2262.com\/noticias\/wp-content\/uploads\/2023\/08\/necopesca-joda3-263x300.jpg 263w, https:\/\/primicias2262.com\/noticias\/wp-content\/uploads\/2023\/08\/necopesca-joda3-150x171.jpg 150w, https:\/\/primicias2262.com\/noticias\/wp-content\/uploads\/2023\/08\/necopesca-joda3-300x342.jpg 300w, https:\/\/primicias2262.com\/noticias\/wp-content\/uploads\/2023\/08\/necopesca-joda3.jpg 526w\" sizes=\"auto, (max-width: 263px) 100vw, 263px\" \/><\/a>\n\t\t\t<\/div><\/figure>\n\t\t<\/div>\n\n<p>Refrendando las palabras del vicepresidente de la instituci\u00f3n, Hugo Denaro se\u00f1al\u00f3 que \u201clos pescadores somos entusiastas de la ca\u00f1a, pero tambi\u00e9n tenemos nuestras familias y nuestra sede en el r\u00edo, sobre la 58\u201d.<\/p>\n<p>Sin embargo, el complejo le lleg\u00f3 con el tiempo a la instituci\u00f3n, y el propio Denaro se encarg\u00f3 de hacer un poco de historia. \u201cEl Necopesca naci\u00f3 con la casilla del obrador de la Escollera Sur, con la segunda ampliaci\u00f3n, donde un grupo de pescadores negoci\u00f3 con la empresa que ya se iba despu\u00e9s de hacer la obra, y la casilla fue la primera sede del Necopesca. Y cuando no se pod\u00eda pescar en la escollera porque trabajaban, era el Club Boca el que le ced\u00eda una secretar\u00eda para hacer eventos familiares\u201d.<\/p>\n<p>Seguidamente, rememor\u00f3 que \u201cde ah\u00ed se fue al Club de Leones en la 58, y de ah\u00ed se pas\u00f3 a la Av. 59 entre 14 y 16, en una construcci\u00f3n de dos plantas, y simult\u00e1neamente a eso se trabaj\u00f3 en un lugar para podernos expandir y que el pescador estuviera al aire libre con el clima que sea\u201d. As\u00ed fue como lleg\u00f3 este hermoso complejo que disfrutan no solo los pescadores sino toda la comunidad en la actualidad.<\/p>\n<p>En el mismo, adem\u00e1s del sal\u00f3n de fiestas principal donde celebrar\u00e1n este viernes, hay un complejo de parrillas, arcos de f\u00fatbol para la diversi\u00f3n de los m\u00e1s chicos, un SUM para alquilar a los asociados o a la comunidad para cualquier tipo de eventos, algo m\u00e1s peque\u00f1o que el sal\u00f3n tradicional, y un paisaje incomparable de la naturaleza necochense.<\/p>\n","protected":false},"excerpt":{"rendered":"<p>Ser\u00e1 a partir de las 21.30 en el sal\u00f3n de fiestas del hermoso complejo con que cuenta el club en Av. 58 y Ruta 86. Las entradas est\u00e1n casi agotadas. Por este acontecimiento pasaron dos de las autoridades del Necopesca Club por \u201cVoces de la Ciudad\u201d, Hugo Denaro y Fernando Fulton, anunciando que m\u00e1s all\u00e1 [&hellip;]<\/p>\n","protected":false},"author":3,"featured_media":102709,"comment_status":"open","ping_status":"open","sticky":false,"template":"","format":"standard","meta":{"footnotes":""},"categories":[3],"tags":[],"class_list":["post-102704","post","type-post","status-publish","format-standard","has-post-thumbnail","category-masnoticias"],"_links":{"self":[{"href":"https:\/\/primicias2262.com\/noticias\/wp-json\/wp\/v2\/posts\/102704","targetHints":{"allow":["GET"]}}],"collection":[{"href":"https:\/\/primicias2262.com\/noticias\/wp-json\/wp\/v2\/posts"}],"about":[{"href":"https:\/\/primicias2262.com\/noticias\/wp-json\/wp\/v2\/types\/post"}],"author":[{"embeddable":true,"href":"https:\/\/primicias2262.com\/noticias\/wp-json\/wp\/v2\/users\/3"}],"replies":[{"embeddable":true,"href":"https:\/\/primicias2262.com\/noticias\/wp-json\/wp\/v2\/comments?post=102704"}],"version-history":[{"count":3,"href":"https:\/\/primicias2262.com\/noticias\/wp-json\/wp\/v2\/posts\/102704\/revisions"}],"predecessor-version":[{"id":102796,"href":"https:\/\/primicias2262.com\/noticias\/wp-json\/wp\/v2\/posts\/102704\/revisions\/102796"}],"wp:featuredmedia":[{"embeddable":true,"href":"https:\/\/primicias2262.com\/noticias\/wp-json\/wp\/v2\/media\/102709"}],"wp:attachment":[{"href":"https:\/\/primicias2262.com\/noticias\/wp-json\/wp\/v2\/media?parent=102704"}],"wp:term":[{"taxonomy":"category","embeddable":true,"href":"https:\/\/primicias2262.com\/noticias\/wp-json\/wp\/v2\/categories?post=102704"},{"taxonomy":"post_tag","embeddable":true,"href":"https:\/\/primicias2262.com\/noticias\/wp-json\/wp\/v2\/tags?post=102704"}],"curies":[{"name":"wp","href":"https:\/\/api.w.org\/{rel}","templated":true}]}}