{"id":102713,"date":"2023-08-09T13:05:32","date_gmt":"2023-08-09T13:05:32","guid":{"rendered":"https:\/\/primicias2262.com\/noticias\/?p=102713"},"modified":"2023-08-10T11:19:32","modified_gmt":"2023-08-10T11:19:32","slug":"el-radio-club-local-hizo-una-importante-inversion-en-su-estacion-meteorologica","status":"publish","type":"post","link":"https:\/\/primicias2262.com\/noticias\/el-radio-club-local-hizo-una-importante-inversion-en-su-estacion-meteorologica\/","title":{"rendered":"El Radio Club local hizo una importante inversi\u00f3n en su estaci\u00f3n meteorol\u00f3gica"},"content":{"rendered":"<p><strong>El tesorero de la instituci\u00f3n fundada en 1952, Guillermo Copl\u00f3, visit\u00f3 los estudios de \u201cVoces de la Ciudad\u201d y en una nota realizada por el periodista Jorge G\u00f3mez habl\u00f3 sobre la inversi\u00f3n llevada a cabo y los cursos que siguen vigentes para radioaficionados.<\/strong><\/p>\n<p>Acerca del equipo meteorol\u00f3gico del Radio Club, con la informaci\u00f3n del clima ubicado en 63 y 68, Copl\u00f3 destac\u00f3 que realizaron una importante inversi\u00f3n, ya que \u201cuno de los servicios que presta desde 2015 el Radio Club tiene que ver con los datos del clima d\u00eda por d\u00eda, est\u00e1 guardado en un servidor, pero lamentablemente las estaciones meteorol\u00f3gicas van sufriendo un deterioro l\u00f3gico porque los sensores est\u00e1n a la intemperie y con el tiempo envejecen y sufren roturas que hay que reemplazar\u201d.<\/p>\n<p>\u201cEn este caso -sigui\u00f3 contando- tuvimos que reemplazar toda la estaci\u00f3n meteorol\u00f3gica por completo a nueva y nos llev\u00f3 una derogaci\u00f3n de un dinero de forma imprevista, pero no pod\u00edamos dejar de ofrecer un servicio diario que utiliza mucha gente, dado que siempre nos hemos manejado en tratar de que los datos sean los m\u00e1s veraz y precisos posible\u201d.<\/p>\n<p>Recordando a la comunidad que la sede central del Radio Club, donde se juntan asiduamente, est\u00e1n en la planta baja del Centro C\u00edvico, en 58 casi 61, Copl\u00f3 dio cuenta que estuvieron durante dos semanas con problemas y cortes hasta que la comisi\u00f3n decidi\u00f3 hacer la inversi\u00f3n para poner la estaci\u00f3n en funcionamiento y que la poblaci\u00f3n cuente con el servicio.<\/p>\n<p><a href=\"https:\/\/primicias2262.com\/noticias\/wp-content\/uploads\/2023\/08\/coplo-radio-club.jpeg\"><img loading=\"lazy\" decoding=\"async\" class=\"aligncenter size-full wp-image-102714\" src=\"https:\/\/primicias2262.com\/noticias\/wp-content\/uploads\/2023\/08\/coplo-radio-club.jpeg\" alt=\"\" width=\"1024\" height=\"768\" srcset=\"https:\/\/primicias2262.com\/noticias\/wp-content\/uploads\/2023\/08\/coplo-radio-club.jpeg 1024w, https:\/\/primicias2262.com\/noticias\/wp-content\/uploads\/2023\/08\/coplo-radio-club-300x225.jpeg 300w, https:\/\/primicias2262.com\/noticias\/wp-content\/uploads\/2023\/08\/coplo-radio-club-768x576.jpeg 768w, https:\/\/primicias2262.com\/noticias\/wp-content\/uploads\/2023\/08\/coplo-radio-club-150x113.jpeg 150w, https:\/\/primicias2262.com\/noticias\/wp-content\/uploads\/2023\/08\/coplo-radio-club-696x522.jpeg 696w\" sizes=\"auto, (max-width: 1024px) 100vw, 1024px\" \/><\/a>De hecho, asegur\u00f3 que \u201csemanalmente tenemos que hacer distintos controles porque en los sensores las ara\u00f1as tejen su tela, hay palomas, se junta suciedad y tenemos que ir haciendo el mantenimiento para que los datos sean precisos\u201d, acotando que \u201cesta estaci\u00f3n meteorol\u00f3gica sali\u00f3 alrededor de 100 mil pesos y para una instituci\u00f3n como nosotros, que no tenemos ning\u00fan aporte estatal o p\u00fablico, se nos hace m\u00e1s costoso mantener todo\u201d.<\/p>\n<p>Acto seguido, record\u00f3 a la poblaci\u00f3n que los datos del clima que suministra la instituci\u00f3n se pueden observar en la p\u00e1gina web que es <a href=\"http:\/\/www.radioclubnecochea.com.ar\">www.radioclubnecochea.com.ar<\/a> , y all\u00ed mismo los interesados en hacer el curso de radioaficionados podr\u00e1n encontrar informaci\u00f3n.<\/p>\n<p>Sobre la vigencia del espacio de formaci\u00f3n, se\u00f1al\u00f3 con alegr\u00eda que \u201cel s\u00e1bado pasado se realiz\u00f3 un examen final de aspirantes y tenemos nueve radioaficionados nuevos, todos los aspirantes que rindieron tuvieron un final feliz y pronto tendr\u00e1n su licencia profesional\u201d.<\/p>\n","protected":false},"excerpt":{"rendered":"<p>El tesorero de la instituci\u00f3n fundada en 1952, Guillermo Copl\u00f3, visit\u00f3 los estudios de \u201cVoces de la Ciudad\u201d y en una nota realizada por el periodista Jorge G\u00f3mez habl\u00f3 sobre la inversi\u00f3n llevada a cabo y los cursos que siguen vigentes para radioaficionados. Acerca del equipo meteorol\u00f3gico del Radio Club, con la informaci\u00f3n del clima [&hellip;]<\/p>\n","protected":false},"author":3,"featured_media":102715,"comment_status":"open","ping_status":"open","sticky":false,"template":"","format":"standard","meta":{"footnotes":""},"categories":[3],"tags":[],"class_list":["post-102713","post","type-post","status-publish","format-standard","has-post-thumbnail","category-masnoticias"],"_links":{"self":[{"href":"https:\/\/primicias2262.com\/noticias\/wp-json\/wp\/v2\/posts\/102713","targetHints":{"allow":["GET"]}}],"collection":[{"href":"https:\/\/primicias2262.com\/noticias\/wp-json\/wp\/v2\/posts"}],"about":[{"href":"https:\/\/primicias2262.com\/noticias\/wp-json\/wp\/v2\/types\/post"}],"author":[{"embeddable":true,"href":"https:\/\/primicias2262.com\/noticias\/wp-json\/wp\/v2\/users\/3"}],"replies":[{"embeddable":true,"href":"https:\/\/primicias2262.com\/noticias\/wp-json\/wp\/v2\/comments?post=102713"}],"version-history":[{"count":2,"href":"https:\/\/primicias2262.com\/noticias\/wp-json\/wp\/v2\/posts\/102713\/revisions"}],"predecessor-version":[{"id":102776,"href":"https:\/\/primicias2262.com\/noticias\/wp-json\/wp\/v2\/posts\/102713\/revisions\/102776"}],"wp:featuredmedia":[{"embeddable":true,"href":"https:\/\/primicias2262.com\/noticias\/wp-json\/wp\/v2\/media\/102715"}],"wp:attachment":[{"href":"https:\/\/primicias2262.com\/noticias\/wp-json\/wp\/v2\/media?parent=102713"}],"wp:term":[{"taxonomy":"category","embeddable":true,"href":"https:\/\/primicias2262.com\/noticias\/wp-json\/wp\/v2\/categories?post=102713"},{"taxonomy":"post_tag","embeddable":true,"href":"https:\/\/primicias2262.com\/noticias\/wp-json\/wp\/v2\/tags?post=102713"}],"curies":[{"name":"wp","href":"https:\/\/api.w.org\/{rel}","templated":true}]}}