{"id":102717,"date":"2023-08-08T17:08:16","date_gmt":"2023-08-08T17:08:16","guid":{"rendered":"https:\/\/primicias2262.com\/noticias\/?p=102717"},"modified":"2023-08-09T16:31:55","modified_gmt":"2023-08-09T16:31:55","slug":"enfermedades-respiratorias-hay-un-30-de-casos-con-patologias-que-se-internan-y-no-tendria-que-pasar-porque-hay-vacuna","status":"publish","type":"post","link":"https:\/\/primicias2262.com\/noticias\/enfermedades-respiratorias-hay-un-30-de-casos-con-patologias-que-se-internan-y-no-tendria-que-pasar-porque-hay-vacuna\/","title":{"rendered":"Enfermedades respiratorias: \u201cHay un 30% de casos con patolog\u00edas que se internan y no tendr\u00eda que pasar porque hay vacuna\u201d"},"content":{"rendered":"<p><strong>As\u00ed lo referenci\u00f3 en \u201cVoces de la Ciudad\u201d la Jefa de Infectolog\u00eda, Bel\u00e9n Irungaray, remarcando que hay que seguir vacun\u00e1ndose contra el Covid y la gripe.<\/strong><\/p>\n<p>Al ser consultada por el periodista Jorge G\u00f3mez acerca del tema de las enfermedades respiratorias a nivel local en el pleno invierno, la infect\u00f3loga mencion\u00f3 que \u201cen el \u00faltimo reporte epidemiol\u00f3gico de los lugares donde se testea el 12 o 13% sigue siendo Covid y un 13% de influenza, y adem\u00e1s una gran cantidad de otras variantes virales que no son estas patolog\u00edas, pero lo importante en estas es que existe vacuna\u201d.<\/p>\n<p>Es decir, \u201cestamos hablando de entre un 26% y 30% de casos de patolog\u00edas respiratorias graves que se internan, que no tendr\u00eda que pasar porque hay vacuna, entonces es ah\u00ed donde vamos a apuntar, a que la gente se vacune\u201d, afirm\u00f3.<\/p>\n<p>Luego de ello, Irungaray asegur\u00f3 que \u201cel Covid vino para quedarse, actualmente hay variantes que vienen mutando desde Europa que no son agresivas pero s\u00ed contagiosas, no es para asustar a nadie, pero s\u00ed es verdad que del monitoreo de las \u00faltimas semanas en el pa\u00eds casi un 30% son cuadros que si tengo la vacuna puesta no s\u00e9 si llego a este estado\u201d.<\/p>\n<p>Por ello, \u201cse insiste con la vacuna del Covid, de la gripe y de la neumon\u00eda en pacientes que lo requiera, y cuando tengo patolog\u00eda de bases o alguna instancia cl\u00ednica est\u00e1 bueno seguir cuid\u00e1ndome, si me puedo testear me testeo y as\u00ed seguir cuidando a los convivientes\u201d, agreg\u00f3.<\/p>\n<p>Para finalizar, Irungaray reafirm\u00f3 en que \u201cvoy a recomendar siempre la vacuna, y si en los \u00faltimos ocho meses no me apliqu\u00e9 ninguna vacuna y tengo una enfermedad de base, no est\u00e1 de m\u00e1s aplic\u00e1rsela, incluso no se necesita orden, sino que se va directamente a los centros de salud\u201d, tras lo cual concluy\u00f3 que \u201clo ideal es que todos tengamos al menos cinco dosis contra el Covid, con la antigripal anual al d\u00eda que me sirve para evitar la neumon\u00eda\u201d.<\/p>\n","protected":false},"excerpt":{"rendered":"<p>As\u00ed lo referenci\u00f3 en \u201cVoces de la Ciudad\u201d la Jefa de Infectolog\u00eda, Bel\u00e9n Irungaray, remarcando que hay que seguir vacun\u00e1ndose contra el Covid y la gripe. Al ser consultada por el periodista Jorge G\u00f3mez acerca del tema de las enfermedades respiratorias a nivel local en el pleno invierno, la infect\u00f3loga mencion\u00f3 que \u201cen el \u00faltimo [&hellip;]<\/p>\n","protected":false},"author":3,"featured_media":102718,"comment_status":"open","ping_status":"open","sticky":false,"template":"","format":"standard","meta":{"footnotes":""},"categories":[3],"tags":[],"class_list":["post-102717","post","type-post","status-publish","format-standard","has-post-thumbnail","category-masnoticias"],"_links":{"self":[{"href":"https:\/\/primicias2262.com\/noticias\/wp-json\/wp\/v2\/posts\/102717","targetHints":{"allow":["GET"]}}],"collection":[{"href":"https:\/\/primicias2262.com\/noticias\/wp-json\/wp\/v2\/posts"}],"about":[{"href":"https:\/\/primicias2262.com\/noticias\/wp-json\/wp\/v2\/types\/post"}],"author":[{"embeddable":true,"href":"https:\/\/primicias2262.com\/noticias\/wp-json\/wp\/v2\/users\/3"}],"replies":[{"embeddable":true,"href":"https:\/\/primicias2262.com\/noticias\/wp-json\/wp\/v2\/comments?post=102717"}],"version-history":[{"count":2,"href":"https:\/\/primicias2262.com\/noticias\/wp-json\/wp\/v2\/posts\/102717\/revisions"}],"predecessor-version":[{"id":102751,"href":"https:\/\/primicias2262.com\/noticias\/wp-json\/wp\/v2\/posts\/102717\/revisions\/102751"}],"wp:featuredmedia":[{"embeddable":true,"href":"https:\/\/primicias2262.com\/noticias\/wp-json\/wp\/v2\/media\/102718"}],"wp:attachment":[{"href":"https:\/\/primicias2262.com\/noticias\/wp-json\/wp\/v2\/media?parent=102717"}],"wp:term":[{"taxonomy":"category","embeddable":true,"href":"https:\/\/primicias2262.com\/noticias\/wp-json\/wp\/v2\/categories?post=102717"},{"taxonomy":"post_tag","embeddable":true,"href":"https:\/\/primicias2262.com\/noticias\/wp-json\/wp\/v2\/tags?post=102717"}],"curies":[{"name":"wp","href":"https:\/\/api.w.org\/{rel}","templated":true}]}}