{"id":102720,"date":"2023-08-09T13:08:10","date_gmt":"2023-08-09T13:08:10","guid":{"rendered":"https:\/\/primicias2262.com\/noticias\/?p=102720"},"modified":"2023-08-10T11:21:56","modified_gmt":"2023-08-10T11:21:56","slug":"sofocaron-un-incendio-en-el-parque-provocado-por-un-ritual-religioso","status":"publish","type":"post","link":"https:\/\/primicias2262.com\/noticias\/sofocaron-un-incendio-en-el-parque-provocado-por-un-ritual-religioso\/","title":{"rendered":"Sofocaron un incendio en el parque provocado por un ritual religioso"},"content":{"rendered":"<p><strong>Defensa Civil y Guardaparques actuaron con urgencia esta ma\u00f1ana tras el irresponsable accionar de vecinos para controlar las llamas que se hab\u00edan generado por ritual religioso en la zona del Campo Scout.<\/strong><\/p>\n<p>Al instante de recibir un alerta por parte de un grupo de vecinos, las Direcciones de Defensa Civil y Guardaparques realizaron un notable trabajo en conjunto esta ma\u00f1ana al sofocar r\u00e1pidamente un incendio en inmediaciones del Parque Miguel Lillo, que tras los elementos encontrados en el lugar se constat\u00f3 que se produjo por una especie de ritual.<\/p>\n<p>El titular de Defensa Civil, Augusto Fulton, detall\u00f3 que \u201cse trat\u00f3 de un principio de incendio en la zona del campo Scout, m\u00e1s precisamente en 143 bis a la altura de calles 6 u 8, con una extensi\u00f3n aproximada de unos 50 metros de ancho por 100 de largo\u201d, es decir que \u201cera bastante importante la dimensi\u00f3n del evento, pero sin llegar a agarrar la parte alta de la vegetaci\u00f3n\u201d.<\/p>\n<p>El funcionario revel\u00f3 que \u201cfuimos alertados cerca de las 6 de la ma\u00f1ana en la base nuestra (10 y 97) por personas que se encontraban realizando actividad deportiva y que pasaban por la Av. 10 y vieron el resplandor de la llama, as\u00ed que r\u00e1pidamente sali\u00f3 un m\u00f3vil de nuestra Direcci\u00f3n y se le dio r\u00e1pido aviso a personal de Guardaparques y Bomberos\u201d, tras lo cual acot\u00f3 que \u201cen primera instancia llegamos y observamos que hab\u00eda una gran cantidad de llamas en el lugar, era lo que se denomina fuego rastrero de superficie\u201d.<\/p>\n<p><a href=\"https:\/\/primicias2262.com\/noticias\/wp-content\/uploads\/2023\/08\/09-08-FOTO-incendio-parque.jpeg\"><img loading=\"lazy\" decoding=\"async\" class=\"aligncenter size-full wp-image-102722\" src=\"https:\/\/primicias2262.com\/noticias\/wp-content\/uploads\/2023\/08\/09-08-FOTO-incendio-parque.jpeg\" alt=\"\" width=\"1280\" height=\"960\" srcset=\"https:\/\/primicias2262.com\/noticias\/wp-content\/uploads\/2023\/08\/09-08-FOTO-incendio-parque.jpeg 1280w, https:\/\/primicias2262.com\/noticias\/wp-content\/uploads\/2023\/08\/09-08-FOTO-incendio-parque-300x225.jpeg 300w, https:\/\/primicias2262.com\/noticias\/wp-content\/uploads\/2023\/08\/09-08-FOTO-incendio-parque-1024x768.jpeg 1024w, https:\/\/primicias2262.com\/noticias\/wp-content\/uploads\/2023\/08\/09-08-FOTO-incendio-parque-768x576.jpeg 768w, https:\/\/primicias2262.com\/noticias\/wp-content\/uploads\/2023\/08\/09-08-FOTO-incendio-parque-150x113.jpeg 150w, https:\/\/primicias2262.com\/noticias\/wp-content\/uploads\/2023\/08\/09-08-FOTO-incendio-parque-696x522.jpeg 696w, https:\/\/primicias2262.com\/noticias\/wp-content\/uploads\/2023\/08\/09-08-FOTO-incendio-parque-1068x801.jpeg 1068w\" sizes=\"auto, (max-width: 1280px) 100vw, 1280px\" \/><\/a>Seguidamente, \u201cse trabaj\u00f3 con elementos que tenemos nosotros, con autobomba, herramientas de mano y mochilas para incendios forestales en conjunto con el personal de Guardaparques, que tambi\u00e9n est\u00e1 dotado de todo ese equipamiento, y logramos controlar las llamas m\u00e1s grandes en primera instancia, mientras que al arribo de Bomberos, ellos realizaron el chequeo y enfriaron alguna que otra zona, pero se pudo controlar gracias a Dios con los elementos de las \u00e1reas municipales de Defensa Civil y Guardaparques\u201d.<\/p>\n<p>A la hora de explicar el m\u00f3vil de las llamas, Fulton inform\u00f3 que \u201cen la zona encontramos una especie de ritual religioso, donde hab\u00eda alimentos con una carta y velas, que pueden haber ca\u00eddo o al derretirse prendieron la maleza que hab\u00eda en la superficie y eso gener\u00f3 el incendio que posiblemente se prendi\u00f3 lentamente desde horas anteriores, pero las bajas temperaturas y la alta humedad ayudaron a que no se propague m\u00e1s\u201d.<\/p>\n<p><a href=\"https:\/\/primicias2262.com\/noticias\/wp-content\/uploads\/2023\/08\/09-08-FOTO-incendio-parque3.jpeg\"><img loading=\"lazy\" decoding=\"async\" class=\"aligncenter size-full wp-image-102724\" src=\"https:\/\/primicias2262.com\/noticias\/wp-content\/uploads\/2023\/08\/09-08-FOTO-incendio-parque3.jpeg\" alt=\"\" width=\"1600\" height=\"777\" srcset=\"https:\/\/primicias2262.com\/noticias\/wp-content\/uploads\/2023\/08\/09-08-FOTO-incendio-parque3.jpeg 1600w, https:\/\/primicias2262.com\/noticias\/wp-content\/uploads\/2023\/08\/09-08-FOTO-incendio-parque3-300x146.jpeg 300w, https:\/\/primicias2262.com\/noticias\/wp-content\/uploads\/2023\/08\/09-08-FOTO-incendio-parque3-1024x497.jpeg 1024w, https:\/\/primicias2262.com\/noticias\/wp-content\/uploads\/2023\/08\/09-08-FOTO-incendio-parque3-768x373.jpeg 768w, https:\/\/primicias2262.com\/noticias\/wp-content\/uploads\/2023\/08\/09-08-FOTO-incendio-parque3-1536x746.jpeg 1536w, https:\/\/primicias2262.com\/noticias\/wp-content\/uploads\/2023\/08\/09-08-FOTO-incendio-parque3-150x73.jpeg 150w, https:\/\/primicias2262.com\/noticias\/wp-content\/uploads\/2023\/08\/09-08-FOTO-incendio-parque3-696x338.jpeg 696w, https:\/\/primicias2262.com\/noticias\/wp-content\/uploads\/2023\/08\/09-08-FOTO-incendio-parque3-1068x519.jpeg 1068w\" sizes=\"auto, (max-width: 1600px) 100vw, 1600px\" \/><\/a>Valorando los elementos propios con que se han dotado desde el principio de la gesti\u00f3n del intendente Arturo Rojas para enfrentar eventualidades de este tipo, el director de Defensa Civil remarc\u00f3 finalmente que \u201cgracias a la ubicaci\u00f3n estrat\u00e9gica y los recursos con que hoy cuentan las dos \u00e1reas, tanto log\u00edsticos como veh\u00edculos y de personal, se logr\u00f3 que el primer ataque r\u00e1pido diera un buen efecto y no haya sido de mayor magnitud el incendio\u201d.<\/p>\n<p><strong>Audio de Augusto Fulton<\/strong><\/p>\n<audio class=\"wp-audio-shortcode\" id=\"audio-102720-1\" preload=\"none\" style=\"width: 100%;\" controls=\"controls\"><source type=\"audio\/mpeg\" src=\"https:\/\/primicias2262.com\/noticias\/wp-content\/uploads\/2023\/08\/09-08-AUDIO-Augusto-Fulton.mp3?_=1\" \/><a href=\"https:\/\/primicias2262.com\/noticias\/wp-content\/uploads\/2023\/08\/09-08-AUDIO-Augusto-Fulton.mp3\">https:\/\/primicias2262.com\/noticias\/wp-content\/uploads\/2023\/08\/09-08-AUDIO-Augusto-Fulton.mp3<\/a><\/audio>\n","protected":false},"excerpt":{"rendered":"<p>Defensa Civil y Guardaparques actuaron con urgencia esta ma\u00f1ana tras el irresponsable accionar de vecinos para controlar las llamas que se hab\u00edan generado por ritual religioso en la zona del Campo Scout. Al instante de recibir un alerta por parte de un grupo de vecinos, las Direcciones de Defensa Civil y Guardaparques realizaron un notable [&hellip;]<\/p>\n","protected":false},"author":3,"featured_media":102723,"comment_status":"open","ping_status":"open","sticky":false,"template":"","format":"standard","meta":{"footnotes":""},"categories":[3],"tags":[],"class_list":["post-102720","post","type-post","status-publish","format-standard","has-post-thumbnail","category-masnoticias"],"_links":{"self":[{"href":"https:\/\/primicias2262.com\/noticias\/wp-json\/wp\/v2\/posts\/102720","targetHints":{"allow":["GET"]}}],"collection":[{"href":"https:\/\/primicias2262.com\/noticias\/wp-json\/wp\/v2\/posts"}],"about":[{"href":"https:\/\/primicias2262.com\/noticias\/wp-json\/wp\/v2\/types\/post"}],"author":[{"embeddable":true,"href":"https:\/\/primicias2262.com\/noticias\/wp-json\/wp\/v2\/users\/3"}],"replies":[{"embeddable":true,"href":"https:\/\/primicias2262.com\/noticias\/wp-json\/wp\/v2\/comments?post=102720"}],"version-history":[{"count":1,"href":"https:\/\/primicias2262.com\/noticias\/wp-json\/wp\/v2\/posts\/102720\/revisions"}],"predecessor-version":[{"id":102726,"href":"https:\/\/primicias2262.com\/noticias\/wp-json\/wp\/v2\/posts\/102720\/revisions\/102726"}],"wp:featuredmedia":[{"embeddable":true,"href":"https:\/\/primicias2262.com\/noticias\/wp-json\/wp\/v2\/media\/102723"}],"wp:attachment":[{"href":"https:\/\/primicias2262.com\/noticias\/wp-json\/wp\/v2\/media?parent=102720"}],"wp:term":[{"taxonomy":"category","embeddable":true,"href":"https:\/\/primicias2262.com\/noticias\/wp-json\/wp\/v2\/categories?post=102720"},{"taxonomy":"post_tag","embeddable":true,"href":"https:\/\/primicias2262.com\/noticias\/wp-json\/wp\/v2\/tags?post=102720"}],"curies":[{"name":"wp","href":"https:\/\/api.w.org\/{rel}","templated":true}]}}