{"id":102733,"date":"2023-08-09T15:21:24","date_gmt":"2023-08-09T15:21:24","guid":{"rendered":"https:\/\/primicias2262.com\/noticias\/?p=102733"},"modified":"2023-08-09T15:21:24","modified_gmt":"2023-08-09T15:21:24","slug":"veda-por-las-paso-2023-cuando-comienza-y-hasta-cuando-dura","status":"publish","type":"post","link":"https:\/\/primicias2262.com\/noticias\/veda-por-las-paso-2023-cuando-comienza-y-hasta-cuando-dura\/","title":{"rendered":"Veda por las PASO 2023: cu\u00e1ndo comienza y hasta cu\u00e1ndo dura"},"content":{"rendered":"<p>La veda electoral por las<a href=\"https:\/\/www.pagina12.com.ar\/561334-cuando-son-las-paso-2023-y-que-se-vota\"> <b>PASO nacionales\u00a0<\/b>2023 <\/a>comienza a las 8 de la ma\u00f1ana del <b>viernes 11 de agosto<\/b>. Desde entonces y hasta las 21 del <b>domingo 13 de agosto<\/b>, tres horas despu\u00e9s de la finalizaci\u00f3n de los comicios,<b> hay una serie de actividades que quedan prohibidas<\/b>. Algunas prohibiciones comienzan en un momento m\u00e1s pr\u00f3ximo a la apertura de la votaci\u00f3n y otras se levantan en el momento mismo en que cierra el horario para votar.<\/p>\n<h2>Qu\u00e9 cosas est\u00e1n prohibidas durante la veda electoral<\/h2>\n<ul>\n<li>Las <b>reuniones de electoras y electores <\/b>o el dep\u00f3sito de armas en casas dentro de un radio de ochenta metros alrededor de los lugares de votaci\u00f3n<\/li>\n<li>Los <b>espect\u00e1culos, fiestas teatrales, actividades deportivas <\/b>y cualquier reuni\u00f3n p\u00fablica que no se refieran al acto electoral<\/li>\n<li>El expendio de cualquier clase de <b>bebidas alcoh\u00f3licas<\/b><\/li>\n<li>Ofrecer o <b>entregar boletas de sufragio <\/b>dentro de un radio de ochenta metros de los lugares de votaci\u00f3n<\/li>\n<li>La <b>portaci\u00f3n de armas<\/b>, el uso de banderas, divisas u otros distintivos.<\/li>\n<li>Realizar <b>actos p\u00fablicos de proselitismo<\/b><\/li>\n<li>Publicar y difundir encuestas y sondeos preelectorales y de proyecci\u00f3n sobre el resultado<\/li>\n<li>Abrir los<b> locales partidarios <\/b>ubicados dentro de un radio de ochenta metros de los lugares de votaci\u00f3n<\/li>\n<\/ul>\n<h2>Qu\u00e9 pasa con quienes violan la veda electoral<\/h2>\n<p>Los ciudadanos que no respeten la veda podr\u00e1n ser <b>denunciados por violaci\u00f3n al C\u00f3digo Electoral<\/b>, y sancionados si la Justicia comprueba la falta.<\/p>\n<p>Las penas establecidas para aquellos que violan la veda <b>dependen del incumplimiento en el que incurran.<\/b><\/p>\n<h2>Cu\u00e1ndo empieza y cu\u00e1ndo termina la prohibici\u00f3n de vender alcohol<\/h2>\n<p>Est\u00e1 prohibida la venta de cualquier clase de bebidas alcoh\u00f3licas<b> desde las 20 del d\u00eda anterior a la elecci\u00f3n<\/b> hasta las 21 del d\u00eda en que se celebran los comicios.<\/p>\n<p>A quien venda bebidas alcoh\u00f3licas durante ese per\u00edodo le corresponde una <b>pena de prisi\u00f3n de entre quince d\u00edas y seis meses.<\/b><\/p>\n","protected":false},"excerpt":{"rendered":"<p>La veda electoral por las PASO nacionales\u00a02023 comienza a las 8 de la ma\u00f1ana del viernes 11 de agosto. Desde entonces y hasta las 21 del domingo 13 de agosto, tres horas despu\u00e9s de la finalizaci\u00f3n de los comicios, hay una serie de actividades que quedan prohibidas. Algunas prohibiciones comienzan en un momento m\u00e1s pr\u00f3ximo [&hellip;]<\/p>\n","protected":false},"author":3,"featured_media":102734,"comment_status":"open","ping_status":"open","sticky":false,"template":"","format":"standard","meta":{"footnotes":""},"categories":[7],"tags":[],"class_list":{"0":"post-102733","1":"post","2":"type-post","3":"status-publish","4":"format-standard","5":"has-post-thumbnail","7":"category-nac"},"_links":{"self":[{"href":"https:\/\/primicias2262.com\/noticias\/wp-json\/wp\/v2\/posts\/102733","targetHints":{"allow":["GET"]}}],"collection":[{"href":"https:\/\/primicias2262.com\/noticias\/wp-json\/wp\/v2\/posts"}],"about":[{"href":"https:\/\/primicias2262.com\/noticias\/wp-json\/wp\/v2\/types\/post"}],"author":[{"embeddable":true,"href":"https:\/\/primicias2262.com\/noticias\/wp-json\/wp\/v2\/users\/3"}],"replies":[{"embeddable":true,"href":"https:\/\/primicias2262.com\/noticias\/wp-json\/wp\/v2\/comments?post=102733"}],"version-history":[{"count":1,"href":"https:\/\/primicias2262.com\/noticias\/wp-json\/wp\/v2\/posts\/102733\/revisions"}],"predecessor-version":[{"id":102735,"href":"https:\/\/primicias2262.com\/noticias\/wp-json\/wp\/v2\/posts\/102733\/revisions\/102735"}],"wp:featuredmedia":[{"embeddable":true,"href":"https:\/\/primicias2262.com\/noticias\/wp-json\/wp\/v2\/media\/102734"}],"wp:attachment":[{"href":"https:\/\/primicias2262.com\/noticias\/wp-json\/wp\/v2\/media?parent=102733"}],"wp:term":[{"taxonomy":"category","embeddable":true,"href":"https:\/\/primicias2262.com\/noticias\/wp-json\/wp\/v2\/categories?post=102733"},{"taxonomy":"post_tag","embeddable":true,"href":"https:\/\/primicias2262.com\/noticias\/wp-json\/wp\/v2\/tags?post=102733"}],"curies":[{"name":"wp","href":"https:\/\/api.w.org\/{rel}","templated":true}]}}