{"id":102736,"date":"2023-08-09T15:29:43","date_gmt":"2023-08-09T15:29:43","guid":{"rendered":"https:\/\/primicias2262.com\/noticias\/?p=102736"},"modified":"2023-08-09T15:29:43","modified_gmt":"2023-08-09T15:29:43","slug":"todas-las-boletas-de-las-22-formulas-presidenciales-que-compiten-en-las-paso-2023","status":"publish","type":"post","link":"https:\/\/primicias2262.com\/noticias\/todas-las-boletas-de-las-22-formulas-presidenciales-que-compiten-en-las-paso-2023\/","title":{"rendered":"Todas las boletas de las 22 f\u00f3rmulas presidenciales que compiten en las PASO 2023"},"content":{"rendered":"<p>En las<a href=\"https:\/\/www.pagina12.com.ar\/562992-elecciones-paso-2023-fecha-y-cuando-son\"> <b>PASO 2023<\/b> de este domingo 13 de agosto<\/a> se presentan 22 f\u00f3rmulas presidenciales. <b>Uni\u00f3n por la Patria<\/b> (UP) va a internas entre <b>Sergio Massa<\/b> y <b>Juan Grabois,<\/b> en <b>Juntos por el Cambio<\/b> (JxC) la candidatura para las generales de octubre se disputa entre <b>Horacio Rodr\u00edguez Larreta<\/b> y <b>Patricia Bullrich<\/b>, mientras que <b>La Libertad Avanza<\/b> (LLA) tiene a <b>Javier Milei<\/b> como \u00fanico candidato.<\/p>\n<p>Si bien<b> el cierre de listas dej\u00f3 27 f\u00f3rmulas oficializadas<\/b>, la jueza con competencia electoral <a href=\"https:\/\/www.pagina12.com.ar\/572357-cuatro-precandidatos-a-presidente-no-podran-competir-en-la-c\">Mar\u00eda Servini baj\u00f3 cuatro candidaturas del Frente Principios y Valores <\/a>porque no hab\u00edan presentado las 20 mil boletas testigo exigidas por ley. Luego,<a href=\"https:\/\/www.pagina12.com.ar\/573605-un-precandidato-a-presidente-bajo-su-candidatura-por-irregul\"> el precandidato <b>Julio B\u00e1rbaro, <\/b>del Frente Liber.AR,<b> tambi\u00e9n declin\u00f3 su postulaci\u00f3n<\/b><\/a>.\u00a0<b>As\u00ed se ven las boletas de todos los candidatos presidenciales.<\/b><\/p>\n<h2>Todas boletas presidenciales de las PASO 2023<\/h2>\n<p>&nbsp;<\/p>\n<h3><b>Uni\u00f3n por la Patria<\/b><\/h3>\n<p>&nbsp;<\/p>\n<h3><\/h3>\n<p>&nbsp;<\/p>\n<ul>\n<li><b>Lista Celeste y Blanca<\/b>: Sergio Massa &#8211; Agust\u00edn Rossi<\/li>\n<\/ul>\n<div align=\"center\">\n<div class=\"embedded-entity\" data-embed-button=\"media_image_button\" data-entity-embed-display=\"view_mode:media.single_media_image_460\" data-entity-type=\"media\" data-entity-uuid=\"f8571a9b-ce8d-4cdf-bd31-efe095ea4c08\" data-langcode=\"es\">\n<article class=\"media media--type-image media--view-mode-single-media-image-460\">\n<div class=\"field field--name-field-media-image field--type-image field--label-hidden field__item\"><img loading=\"lazy\" decoding=\"async\" class=\"image-style-width960\" src=\"https:\/\/images.pagina12.com.ar\/styles\/width960\/public\/2023-08\/750318-744426-massa-20rossi-0.jpg?itok=lA51nwYd\" width=\"960\" height=\"1516\" \/><\/div>\n<\/article>\n<\/div>\n<\/div>\n<p>&nbsp;<\/p>\n<ul>\n<li><b>Lista Justa y Soberana<\/b>: Juan Grabois &#8211; Paula Abal Medina<\/li>\n<\/ul>\n<div align=\"center\">\n<div class=\"embedded-entity\" data-embed-button=\"media_image_button\" data-entity-embed-display=\"view_mode:media.single_media_image_460\" data-entity-type=\"media\" data-entity-uuid=\"c1703585-133e-452a-a082-d16f878edfeb\" data-langcode=\"es\">\n<article class=\"media media--type-image media--view-mode-single-media-image-460\">\n<div class=\"field field--name-field-media-image field--type-image field--label-hidden field__item\"><img loading=\"lazy\" decoding=\"async\" class=\"image-style-width960\" src=\"https:\/\/images.pagina12.com.ar\/styles\/width960\/public\/2023-08\/750318-744426-grabois-20abal-20medina-0.jpg?itok=7Ld30JIk\" width=\"810\" height=\"1280\" \/><\/div>\n<\/article>\n<\/div>\n<\/div>\n<h3><b>Juntos por el Cambio<\/b><\/h3>\n<ul>\n<li><b>Lista El Cambio de Nuestras Vidas:<\/b> Horacio Rodr\u00edguez Larreta &#8211; Gerardo Morales<\/li>\n<\/ul>\n<div align=\"center\">\n<div class=\"embedded-entity\" data-embed-button=\"media_image_button\" data-entity-embed-display=\"view_mode:media.single_media_image_460\" data-entity-type=\"media\" data-entity-uuid=\"d724d55b-c49d-428e-a66c-b360cdc07c6d\" data-langcode=\"es\">\n<article class=\"media media--type-image media--view-mode-single-media-image-460\">\n<div class=\"field field--name-field-media-image field--type-image field--label-hidden field__item\"><img loading=\"lazy\" decoding=\"async\" class=\"image-style-width960\" src=\"https:\/\/images.pagina12.com.ar\/styles\/width960\/public\/2023-08\/750318-larreta-3.jpg?itok=K8vdlq71\" width=\"447\" height=\"719\" \/><\/div>\n<\/article>\n<\/div>\n<\/div>\n<ul>\n<li><b>Lista La Fuerza del Cambio<\/b>: Patricia Bullrich &#8211; Luis Petri<\/li>\n<\/ul>\n<div align=\"center\">\n<div class=\"embedded-entity\" data-embed-button=\"media_image_button\" data-entity-embed-display=\"view_mode:media.single_media_image_460\" data-entity-type=\"media\" data-entity-uuid=\"d37d6ed6-3c54-49c5-9683-b7982e6ac7de\" data-langcode=\"es\">\n<article class=\"media media--type-image media--view-mode-single-media-image-460\">\n<div class=\"field field--name-field-media-image field--type-image field--label-hidden field__item\"><img loading=\"lazy\" decoding=\"async\" class=\"image-style-width960\" src=\"https:\/\/images.pagina12.com.ar\/styles\/width960\/public\/2023-08\/750318-bulrich_0.jpg?itok=oApz0ZDE\" width=\"447\" height=\"713\" \/><\/div>\n<\/article>\n<\/div>\n<\/div>\n<h3><b>La Libertad Avanza<\/b><\/h3>\n<ul>\n<li><b>Lista Libertad por Siempre<\/b>: Javier Milei &#8211; Victoria Villarruel<\/li>\n<\/ul>\n<div align=\"center\">\n<div class=\"embedded-entity\" data-embed-button=\"media_image_button\" data-entity-embed-display=\"view_mode:media.single_media_image_460\" data-entity-type=\"media\" data-entity-uuid=\"e4945d6e-a2d3-4399-aadb-e127c8891be6\" data-langcode=\"es\">\n<article class=\"media media--type-image media--view-mode-single-media-image-460\">\n<div class=\"field field--name-field-media-image field--type-image field--label-hidden field__item\"><img loading=\"lazy\" decoding=\"async\" class=\"image-style-width960\" src=\"https:\/\/images.pagina12.com.ar\/styles\/width960\/public\/2023-08\/750318-milei-1.jpg?itok=y9KUCq2Q\" width=\"425\" height=\"712\" \/><\/div>\n<\/article>\n<\/div>\n<\/div>\n<h3><strong>Hacemos por Nuestro Pa\u00eds<\/strong><\/h3>\n<ul>\n<li><b>Lista Hacemos<\/b>: Juan Schiaretti &#8211; Florencio Randazzo<\/li>\n<\/ul>\n<div align=\"center\">\n<div class=\"embedded-entity\" data-embed-button=\"media_image_button\" data-entity-embed-display=\"view_mode:media.single_media_image_460\" data-entity-type=\"media\" data-entity-uuid=\"b2391700-9aed-4d3f-a95c-78ca5f217e65\" data-langcode=\"es\">\n<article class=\"media media--type-image media--view-mode-single-media-image-460\">\n<div class=\"field field--name-field-media-image field--type-image field--label-hidden field__item\"><img loading=\"lazy\" decoding=\"async\" class=\"image-style-width960\" src=\"https:\/\/images.pagina12.com.ar\/styles\/width960\/public\/2023-08\/750318-schiaretti-1.jpg?itok=0xZ_iP2C\" width=\"443\" height=\"709\" \/><\/div>\n<\/article>\n<\/div>\n<\/div>\n<h3><strong>Frente de Izquierda y los Trabajadores-Unidad (FIT-U)<\/strong><\/h3>\n<ul>\n<li><b>Lista Unir y Fortalecer la Izquierda<\/b>: Myriam Bregman &#8211; Nicol\u00e1s del Ca\u00f1o (PTS)<\/li>\n<\/ul>\n<div align=\"center\">\n<div class=\"embedded-entity\" data-embed-button=\"media_image_button\" data-entity-embed-display=\"view_mode:media.single_media_image_460\" data-entity-type=\"media\" data-entity-uuid=\"f5e046b8-d45f-416d-ba96-e4d230484b2f\" data-langcode=\"es\">\n<article class=\"media media--type-image media--view-mode-single-media-image-460\">\n<div class=\"field field--name-field-media-image field--type-image field--label-hidden field__item\"><img loading=\"lazy\" decoding=\"async\" class=\"image-style-width960\" src=\"https:\/\/images.pagina12.com.ar\/styles\/width960\/public\/2023-08\/750318-miriam-0.jpg?itok=BoMbP-7B\" width=\"444\" height=\"712\" \/><\/div>\n<\/article>\n<\/div>\n<\/div>\n<ul>\n<li><b>Lista Unidad de Luchadores y la izquierda<\/b>: Gabriel Solano (PO) &#8211; Vilma Ripoll (MST)<\/li>\n<\/ul>\n<div align=\"center\">\n<div class=\"embedded-entity\" data-embed-button=\"media_image_button\" data-entity-embed-display=\"view_mode:media.single_media_image_460\" data-entity-type=\"media\" data-entity-uuid=\"3c0e1986-a507-4265-b466-b9f0affb44ce\" data-langcode=\"es\">\n<article class=\"media media--type-image media--view-mode-single-media-image-460\">\n<div class=\"field field--name-field-media-image field--type-image field--label-hidden field__item\"><img loading=\"lazy\" decoding=\"async\" class=\"image-style-width960\" src=\"https:\/\/images.pagina12.com.ar\/styles\/width960\/public\/2023-08\/750318-solano-0.jpg?itok=saysb5Oa\" width=\"444\" height=\"709\" \/><\/div>\n<\/article>\n<\/div>\n<\/div>\n<h3><b>Nuevo MAS<\/b><\/h3>\n<ul>\n<li><b>Lista Izquierda Anticapitalista<\/b>: Manuela Casta\u00f1eira &#8211; Lucas Ruiz<\/li>\n<\/ul>\n<div align=\"center\">\n<div class=\"embedded-entity\" data-embed-button=\"media_image_button\" data-entity-embed-display=\"view_mode:media.single_media_image_460\" data-entity-type=\"media\" data-entity-uuid=\"b736b802-8ed6-44e4-89db-585e66b1fe84\" data-langcode=\"es\">\n<article class=\"media media--type-image media--view-mode-single-media-image-460\">\n<div class=\"field field--name-field-media-image field--type-image field--label-hidden field__item\"><img loading=\"lazy\" decoding=\"async\" class=\"image-style-width960\" src=\"https:\/\/images.pagina12.com.ar\/styles\/width960\/public\/2023-08\/750318-manuela_0.jpg?itok=wUYkg29W\" width=\"445\" height=\"717\" \/><\/div>\n<\/article>\n<\/div>\n<\/div>\n<h3><b>Pol\u00edtica Obrera<\/b><\/h3>\n<ul>\n<li><b>Lista Unidad Obrera: <\/b>Marcelo Ramal &#8211; Patricia Urones<\/li>\n<\/ul>\n<div align=\"center\">\n<div class=\"embedded-entity\" data-embed-button=\"media_image_button\" data-entity-embed-display=\"view_mode:media.single_media_image_460\" data-entity-type=\"media\" data-entity-uuid=\"239ea516-0923-4ba2-a969-d4976d0b7a96\" data-langcode=\"es\">\n<article class=\"media media--type-image media--view-mode-single-media-image-460\">\n<div class=\"field field--name-field-media-image field--type-image field--label-hidden field__item\"><img loading=\"lazy\" decoding=\"async\" class=\"image-style-width960\" src=\"https:\/\/images.pagina12.com.ar\/styles\/width960\/public\/2023-08\/750318-ramal_0.jpg?itok=HclGJk-a\" width=\"445\" height=\"711\" \/><\/div>\n<\/article>\n<\/div>\n<\/div>\n<h3><b>Libres del Sur<\/b><\/h3>\n<ul>\n<li><b>Lista Azul y Rojo<\/b>: Jes\u00fas Escobar &#8211; Marianella Lezama Hid<\/li>\n<\/ul>\n<div align=\"center\">\n<div class=\"embedded-entity\" data-embed-button=\"media_image_button\" data-entity-embed-display=\"view_mode:media.single_media_image_460\" data-entity-type=\"media\" data-entity-uuid=\"dd673496-7696-4f8d-94e7-1936f1a490b7\" data-langcode=\"es\">\n<article class=\"media media--type-image media--view-mode-single-media-image-460\">\n<div class=\"field field--name-field-media-image field--type-image field--label-hidden field__item\"><img loading=\"lazy\" decoding=\"async\" class=\"image-style-width960\" src=\"https:\/\/images.pagina12.com.ar\/styles\/width960\/public\/2023-08\/750318-jesus-1.jpg?itok=XeDQ-fMm\" width=\"453\" height=\"721\" \/><\/div>\n<\/article>\n<\/div>\n<\/div>\n<h3><b>Frente Principios y Valores<\/b><\/h3>\n<ul>\n<li><b>Lista Tierra Techo y Trabajo<\/b>: Guillermo Moreno &#8211; Leonardo Fabre<\/li>\n<\/ul>\n<div align=\"center\">\n<div class=\"embedded-entity\" data-embed-button=\"media_image_button\" data-entity-embed-display=\"view_mode:media.single_media_image_460\" data-entity-type=\"media\" data-entity-uuid=\"89608060-2cd3-4681-b7a6-825deeb98f76\" data-langcode=\"es\">\n<article class=\"media media--type-image media--view-mode-single-media-image-460\">\n<div class=\"field field--name-field-media-image field--type-image field--label-hidden field__item\"><img loading=\"lazy\" decoding=\"async\" class=\"image-style-width960\" src=\"https:\/\/images.pagina12.com.ar\/styles\/width960\/public\/2023-08\/750318-moreno-8.jpg?itok=2NzAGMcM\" width=\"441\" height=\"705\" \/><\/div>\n<\/article>\n<\/div>\n<\/div>\n<h3><strong>Frente Patriota Federal<\/strong><\/h3>\n<ul>\n<li><b>Lista Patria Unida<\/b>: C\u00e9sar Biondini &#8211; Mariel Avenda\u00f1o<\/li>\n<\/ul>\n<div align=\"center\">\n<div class=\"embedded-entity\" data-embed-button=\"media_image_button\" data-entity-embed-display=\"view_mode:media.single_media_image_460\" data-entity-type=\"media\" data-entity-uuid=\"a8de8b0e-a4fe-47d0-94ae-c26bc823054a\" data-langcode=\"es\">\n<article class=\"media media--type-image media--view-mode-single-media-image-460\">\n<div class=\"field field--name-field-media-image field--type-image field--label-hidden field__item\"><img loading=\"lazy\" decoding=\"async\" class=\"image-style-width960\" src=\"https:\/\/images.pagina12.com.ar\/styles\/width960\/public\/2023-08\/750318-biondini-0.jpg?itok=JdJQUzE8\" width=\"445\" height=\"707\" \/><\/div>\n<\/article>\n<\/div>\n<\/div>\n<h3><b>Frente Liber.ar<\/b><\/h3>\n<ul>\n<li><b>Lista Demos<\/b>: Nazareno Etchepare &#8211; Fernando Lorenzo<\/li>\n<\/ul>\n<div align=\"center\">\n<div class=\"embedded-entity\" data-embed-button=\"media_image_button\" data-entity-embed-display=\"view_mode:media.single_media_image_460\" data-entity-type=\"media\" data-entity-uuid=\"76707ac3-83ad-4955-abcc-7aed7525a37f\" data-langcode=\"es\">\n<article class=\"media media--type-image media--view-mode-single-media-image-460\">\n<div class=\"field field--name-field-media-image field--type-image field--label-hidden field__item\"><img loading=\"lazy\" decoding=\"async\" class=\"image-style-width960\" src=\"https:\/\/images.pagina12.com.ar\/styles\/width960\/public\/2023-08\/750318-liberar-20nazareno.jpg?itok=wDtTu2uD\" width=\"442\" height=\"710\" \/><\/div>\n<\/article>\n<\/div>\n<\/div>\n<ul>\n<li><b>Lista Reconquista: <\/b>Ramiro Vasena &#8211; V\u00edctor Lagonegro<\/li>\n<\/ul>\n<div align=\"center\">\n<div class=\"embedded-entity\" data-embed-button=\"media_image_button\" data-entity-embed-display=\"view_mode:media.single_media_image_460\" data-entity-type=\"media\" data-entity-uuid=\"74b23d2d-c23e-4fe0-81f6-d81a967812d8\" data-langcode=\"es\">\n<article class=\"media media--type-image media--view-mode-single-media-image-460\">\n<div class=\"field field--name-field-media-image field--type-image field--label-hidden field__item\"><img loading=\"lazy\" decoding=\"async\" class=\"image-style-width960\" src=\"https:\/\/images.pagina12.com.ar\/styles\/width960\/public\/2023-08\/750318-liberar-20reconquista.jpg?itok=3J8NFuK_\" width=\"453\" height=\"711\" \/><\/div>\n<\/article>\n<\/div>\n<\/div>\n<h3><b>Movimiento Izquierda Juventud Dignidad (<\/b><b>MIJD)<\/b><\/h3>\n<ul>\n<li><b>Lista Dignidad<\/b>: Ra\u00fal Castells &#8211; Adriana Reinoso<\/li>\n<\/ul>\n<div align=\"center\">\n<div class=\"embedded-entity\" data-embed-button=\"media_image_button\" data-entity-embed-display=\"view_mode:media.single_media_image_460\" data-entity-type=\"media\" data-entity-uuid=\"96cf78c0-9542-401e-b009-f1e45c138fe8\" data-langcode=\"es\">\n<article class=\"media media--type-image media--view-mode-single-media-image-460\">\n<div class=\"field field--name-field-media-image field--type-image field--label-hidden field__item\"><img loading=\"lazy\" decoding=\"async\" class=\"image-style-width960\" src=\"https:\/\/images.pagina12.com.ar\/styles\/width960\/public\/2023-08\/750318-castells_0.jpg?itok=aV5_AHCb\" width=\"449\" height=\"729\" \/><\/div>\n<\/article>\n<\/div>\n<\/div>\n<ul>\n<li><b>Lista Confederal<\/b>: Santiago C\u00faneo &#8211; Gustavo Barranco<\/li>\n<\/ul>\n<div align=\"center\">\n<div class=\"embedded-entity\" data-embed-button=\"media_image_button\" data-entity-embed-display=\"view_mode:media.single_media_image_460\" data-entity-type=\"media\" data-entity-uuid=\"668ae13e-2eb5-45a2-ae03-d8e517833336\" data-langcode=\"es\">\n<article class=\"media media--type-image media--view-mode-single-media-image-460\">\n<div class=\"field field--name-field-media-image field--type-image field--label-hidden field__item\"><img loading=\"lazy\" decoding=\"async\" class=\"image-style-width960\" src=\"https:\/\/images.pagina12.com.ar\/styles\/width960\/public\/2023-08\/750318-cuneo-0.jpg?itok=YAe6dh7s\" width=\"459\" height=\"709\" \/><\/div>\n<\/article>\n<\/div>\n<\/div>\n<h3><b>Proyecto Joven<\/b><\/h3>\n<ul>\n<li><b>Lista Paz, Democracia y Soberan\u00eda<\/b>: Mempo Giardinelli &#8211; B\u00e1rbara Salernou<\/li>\n<\/ul>\n<div align=\"center\">\n<div class=\"embedded-entity\" data-embed-button=\"media_image_button\" data-entity-embed-display=\"view_mode:media.single_media_image_460\" data-entity-type=\"media\" data-entity-uuid=\"43060928-df2c-423d-a0ff-a9057c728407\" data-langcode=\"es\">\n<article class=\"media media--type-image media--view-mode-single-media-image-460\">\n<div class=\"field field--name-field-media-image field--type-image field--label-hidden field__item\"><img loading=\"lazy\" decoding=\"async\" class=\"image-style-width960\" src=\"https:\/\/images.pagina12.com.ar\/styles\/width960\/public\/2023-08\/750318-pryecto-20joven-20mempo.jpg?itok=dAOjBt9F\" width=\"435\" height=\"677\" \/><\/div>\n<\/article>\n<\/div>\n<\/div>\n<ul>\n<li><b>Lista Patria Unida<\/b>: Mart\u00edn Ayerbe Ortiz &#8211; Hugo Rodriguez<\/li>\n<\/ul>\n<div align=\"center\">\n<div class=\"embedded-entity\" data-embed-button=\"media_image_button\" data-entity-embed-display=\"view_mode:media.single_media_image_460\" data-entity-type=\"media\" data-entity-uuid=\"698177f6-6bb0-4b5e-8c79-76a93ef2598f\" data-langcode=\"es\">\n<article class=\"media media--type-image media--view-mode-single-media-image-460\">\n<div class=\"field field--name-field-media-image field--type-image field--label-hidden field__item\"><img loading=\"lazy\" decoding=\"async\" class=\"image-style-width960\" src=\"https:\/\/images.pagina12.com.ar\/styles\/width960\/public\/2023-08\/750318-proyecto-20joven-20patria-20unida.jpg?itok=PGc6z3zc\" width=\"439\" height=\"695\" \/><\/div>\n<\/article>\n<\/div>\n<\/div>\n<ul>\n<li><b>Lista Todex:<\/b> Reina Xiomara Iba\u00f1ez &#8211; Gonzalo Rodrigo Ibarra<\/li>\n<\/ul>\n<div align=\"center\">\n<div class=\"embedded-entity\" data-embed-button=\"media_image_button\" data-entity-embed-display=\"view_mode:media.single_media_image_460\" data-entity-type=\"media\" data-entity-uuid=\"2dad55be-eadd-4510-a5f6-11d59e6c64d4\" data-langcode=\"es\">\n<article class=\"media media--type-image media--view-mode-single-media-image-460\">\n<div class=\"field field--name-field-media-image field--type-image field--label-hidden field__item\"><img loading=\"lazy\" decoding=\"async\" class=\"image-style-width960\" src=\"https:\/\/images.pagina12.com.ar\/styles\/width960\/public\/2023-08\/750318-proyecto-20joven-20todxs.jpg?itok=cuBTMofS\" width=\"439\" height=\"685\" \/><\/div>\n<\/article>\n<\/div>\n<\/div>\n<h3><b>Uni\u00f3n del Centro Democr\u00e1tico<\/b><\/h3>\n<ul>\n<li><b>Lista Apertura Liberal Argentina<\/b>: Andr\u00e9s Passamonti &#8211; Pamela Margaride Fernandez<\/li>\n<\/ul>\n<div align=\"center\">\n<div class=\"embedded-entity\" data-embed-button=\"media_image_button\" data-entity-embed-display=\"view_mode:media.single_media_image_460\" data-entity-type=\"media\" data-entity-uuid=\"60ff5684-f0d7-4938-8fa1-8f089b23db98\" data-langcode=\"es\">\n<article class=\"media media--type-image media--view-mode-single-media-image-460\">\n<div class=\"field field--name-field-media-image field--type-image field--label-hidden field__item\"><img loading=\"lazy\" decoding=\"async\" class=\"image-style-width960\" src=\"https:\/\/images.pagina12.com.ar\/styles\/width960\/public\/2023-08\/750318-ucd_0.jpg?itok=fmKTuvNh\" width=\"453\" height=\"709\" \/><\/div>\n<\/article>\n<\/div>\n<\/div>\n<h3><b>Movimiento de Acci\u00f3n Vecinal Orden Nacional<\/b><\/h3>\n<ul>\n<li><b>Lista Compromiso Vecinal<\/b>: Humberto Albarrac\u00edn &#8211; Dar\u00edo Pastore<\/li>\n<\/ul>\n<div align=\"center\">\n<div class=\"embedded-entity\" data-embed-button=\"media_image_button\" data-entity-embed-display=\"view_mode:media.single_media_image_460\" data-entity-type=\"media\" data-entity-uuid=\"fb0c7d34-360f-4062-8c8c-3fda022ec712\" data-langcode=\"es\">\n<article class=\"media media--type-image media--view-mode-single-media-image-460\">\n<div class=\"field field--name-field-media-image field--type-image field--label-hidden field__item\"><img loading=\"lazy\" decoding=\"async\" class=\"image-style-width960\" src=\"https:\/\/images.pagina12.com.ar\/styles\/width960\/public\/2023-08\/750318-sin-20t-c3-adtulo-58.jpg?itok=j9FwfH-7\" width=\"453\" height=\"711\" \/><\/div>\n<\/article>\n<\/div>\n<\/div>\n<h3><\/h3>\n","protected":false},"excerpt":{"rendered":"<p>En las PASO 2023 de este domingo 13 de agosto se presentan 22 f\u00f3rmulas presidenciales. Uni\u00f3n por la Patria (UP) va a internas entre Sergio Massa y Juan Grabois, en Juntos por el Cambio (JxC) la candidatura para las generales de octubre se disputa entre Horacio Rodr\u00edguez Larreta y Patricia Bullrich, mientras que La Libertad [&hellip;]<\/p>\n","protected":false},"author":3,"featured_media":102737,"comment_status":"open","ping_status":"open","sticky":false,"template":"","format":"standard","meta":{"footnotes":""},"categories":[7],"tags":[],"class_list":{"0":"post-102736","1":"post","2":"type-post","3":"status-publish","4":"format-standard","5":"has-post-thumbnail","7":"category-nac"},"_links":{"self":[{"href":"https:\/\/primicias2262.com\/noticias\/wp-json\/wp\/v2\/posts\/102736","targetHints":{"allow":["GET"]}}],"collection":[{"href":"https:\/\/primicias2262.com\/noticias\/wp-json\/wp\/v2\/posts"}],"about":[{"href":"https:\/\/primicias2262.com\/noticias\/wp-json\/wp\/v2\/types\/post"}],"author":[{"embeddable":true,"href":"https:\/\/primicias2262.com\/noticias\/wp-json\/wp\/v2\/users\/3"}],"replies":[{"embeddable":true,"href":"https:\/\/primicias2262.com\/noticias\/wp-json\/wp\/v2\/comments?post=102736"}],"version-history":[{"count":1,"href":"https:\/\/primicias2262.com\/noticias\/wp-json\/wp\/v2\/posts\/102736\/revisions"}],"predecessor-version":[{"id":102738,"href":"https:\/\/primicias2262.com\/noticias\/wp-json\/wp\/v2\/posts\/102736\/revisions\/102738"}],"wp:featuredmedia":[{"embeddable":true,"href":"https:\/\/primicias2262.com\/noticias\/wp-json\/wp\/v2\/media\/102737"}],"wp:attachment":[{"href":"https:\/\/primicias2262.com\/noticias\/wp-json\/wp\/v2\/media?parent=102736"}],"wp:term":[{"taxonomy":"category","embeddable":true,"href":"https:\/\/primicias2262.com\/noticias\/wp-json\/wp\/v2\/categories?post=102736"},{"taxonomy":"post_tag","embeddable":true,"href":"https:\/\/primicias2262.com\/noticias\/wp-json\/wp\/v2\/tags?post=102736"}],"curies":[{"name":"wp","href":"https:\/\/api.w.org\/{rel}","templated":true}]}}