{"id":102744,"date":"2023-08-09T16:31:35","date_gmt":"2023-08-09T16:31:35","guid":{"rendered":"https:\/\/primicias2262.com\/noticias\/?p=102744"},"modified":"2023-08-10T15:32:28","modified_gmt":"2023-08-10T15:32:28","slug":"el-erf-local-aun-en-el-espacio-de-juntos-apoya-a-arturo-rojas-y-propone-el-corte-de-boleta","status":"publish","type":"post","link":"https:\/\/primicias2262.com\/noticias\/el-erf-local-aun-en-el-espacio-de-juntos-apoya-a-arturo-rojas-y-propone-el-corte-de-boleta\/","title":{"rendered":"El ERF local, aun en el espacio de Juntos, apoya a Arturo Rojas y propone el corte de boleta"},"content":{"rendered":"<p><strong>As\u00ed lo dej\u00f3 bien en claro el Encuentro Republicano Federal en un comunicado que difundi\u00f3 durante las \u00faltimas horas, principalmente luego de que candidatos a concejales de Mart\u00edn Migueles difundieran previamente un mensaje responsabilizando a la Nueva Necochea oficialista de repartir tales boletas con Rodr\u00edguez Larreta y Santilli pero cortada en la parte local y con la opci\u00f3n del intendente Rojas a la cabeza.<\/strong><\/p>\n<p><a href=\"https:\/\/primicias2262.com\/noticias\/wp-content\/uploads\/2023\/08\/WhatsApp-Image-2023-08-08-at-10.33.12-PM.jpeg\"><img loading=\"lazy\" decoding=\"async\" class=\"alignleft size-large wp-image-102745\" src=\"https:\/\/primicias2262.com\/noticias\/wp-content\/uploads\/2023\/08\/WhatsApp-Image-2023-08-08-at-10.33.12-PM-437x1024.jpeg\" alt=\"\" width=\"437\" height=\"1024\" srcset=\"https:\/\/primicias2262.com\/noticias\/wp-content\/uploads\/2023\/08\/WhatsApp-Image-2023-08-08-at-10.33.12-PM-437x1024.jpeg 437w, https:\/\/primicias2262.com\/noticias\/wp-content\/uploads\/2023\/08\/WhatsApp-Image-2023-08-08-at-10.33.12-PM-128x300.jpeg 128w, https:\/\/primicias2262.com\/noticias\/wp-content\/uploads\/2023\/08\/WhatsApp-Image-2023-08-08-at-10.33.12-PM-150x351.jpeg 150w, https:\/\/primicias2262.com\/noticias\/wp-content\/uploads\/2023\/08\/WhatsApp-Image-2023-08-08-at-10.33.12-PM-300x702.jpeg 300w, https:\/\/primicias2262.com\/noticias\/wp-content\/uploads\/2023\/08\/WhatsApp-Image-2023-08-08-at-10.33.12-PM.jpeg 466w\" sizes=\"auto, (max-width: 437px) 100vw, 437px\" \/><\/a>En virtud de ello, el dirigente del Encuentro Republicano Federal de Necochea, H\u00e9ctor Mart\u00edn Orlando, aclar\u00f3 este mi\u00e9rcoles en \u201cVoces de la Ciudad\u201d ante la consulta del periodista Jorge G\u00f3mez que \u201cnos manetenemos en un eje y no sacamos los pies de Juntos por el Cambio, con nuestro partido Encuentro Republicano Federal a trav\u00e9s de Miguel \u00c1ngel Pichetto, pero al igual que hace dos a\u00f1os \u00a0hemos decidido acompa\u00f1ar al intendente municipal Arturo Rojas a nivel local\u201d, responsabiliz\u00e1ndose por tanto del reparto de tales boletas.<\/p>\n<p>El comunicado del ERF en cuesti\u00f3n aclara que \u201cesta boleta es oficial y cumple con los requisitos legales establecidos por la ley, no se encuentra la categor\u00eda de precandidato a Intendente en esa bolsita porque en nuestro distrito nuestro espacio no apoya a Mart\u00edn Migueles, por eso la boleta se compone de siete cuerpos en vez de ocho\u201d, seguido de \u201cal no poder participar de este acto eleccionario a nivel local muchos de nosotros vemos como mejor opci\u00f3n al intendente Arturo Rojas para que nuestra querida comunidad siga creciendo y teniendo un futuro mejor, da\u00f1o la libertad de poder votar libremente al candidato que quieran\u201d.<\/p>\n<p>Al respecto, Orlando argument\u00f3 que \u201clamentablemente desde el ERF no pudimos presentarnos para un proyecto propio, pero en esa coherencia pol\u00edtica que tenemos acompa\u00f1amos lo mismo que hace dos a\u00f1os atr\u00e1s, es decir, la gesti\u00f3n del intendente Arturo Rojas, que ha hecho muchas cosas y nadie lo puede desconocer\u201d.<\/p>\n<p>Por consiguiente, \u201capostamos a la Necochea del s\u00ed y del crecimiento a futuro, y al no ser nosotros part\u00edcipes de esta elecci\u00f3n, apoyamos a Nueva Necochea a trav\u00e9s del intendente municipal Arturo Rojas\u201d, reafirm\u00f3.<\/p>\n<p>En ese sentido, y ante las suspicacias del caso, el referente del ERF local se\u00f1al\u00f3 que \u201chay que llevar claridad y certeza a la gente, no confundir y no mentir fundamentalmente. Es un periodo donde la gente debe saber a d\u00f3nde se dirige y con qu\u00e9 herramientas hacerlo, entonces nosotros estamos trabajando arduamente desde nuestro local con la militancia que corresponde, llegando a los vecinos y acompa\u00f1ando al intendente municipal a nivel local\u201d.<\/p>\n<p><a href=\"https:\/\/primicias2262.com\/noticias\/wp-content\/uploads\/2023\/08\/WhatsApp-Image-2023-08-08-at-10.42.09-PM.jpeg\"><img loading=\"lazy\" decoding=\"async\" class=\"aligncenter size-full wp-image-102748\" src=\"https:\/\/primicias2262.com\/noticias\/wp-content\/uploads\/2023\/08\/WhatsApp-Image-2023-08-08-at-10.42.09-PM.jpeg\" alt=\"\" width=\"719\" height=\"948\" srcset=\"https:\/\/primicias2262.com\/noticias\/wp-content\/uploads\/2023\/08\/WhatsApp-Image-2023-08-08-at-10.42.09-PM.jpeg 719w, https:\/\/primicias2262.com\/noticias\/wp-content\/uploads\/2023\/08\/WhatsApp-Image-2023-08-08-at-10.42.09-PM-228x300.jpeg 228w, https:\/\/primicias2262.com\/noticias\/wp-content\/uploads\/2023\/08\/WhatsApp-Image-2023-08-08-at-10.42.09-PM-150x198.jpeg 150w, https:\/\/primicias2262.com\/noticias\/wp-content\/uploads\/2023\/08\/WhatsApp-Image-2023-08-08-at-10.42.09-PM-300x396.jpeg 300w, https:\/\/primicias2262.com\/noticias\/wp-content\/uploads\/2023\/08\/WhatsApp-Image-2023-08-08-at-10.42.09-PM-696x918.jpeg 696w\" sizes=\"auto, (max-width: 719px) 100vw, 719px\" \/><\/a><\/p>\n","protected":false},"excerpt":{"rendered":"<p>As\u00ed lo dej\u00f3 bien en claro el Encuentro Republicano Federal en un comunicado que difundi\u00f3 durante las \u00faltimas horas, principalmente luego de que candidatos a concejales de Mart\u00edn Migueles difundieran previamente un mensaje responsabilizando a la Nueva Necochea oficialista de repartir tales boletas con Rodr\u00edguez Larreta y Santilli pero cortada en la parte local y [&hellip;]<\/p>\n","protected":false},"author":3,"featured_media":102747,"comment_status":"open","ping_status":"open","sticky":false,"template":"","format":"standard","meta":{"footnotes":""},"categories":[3],"tags":[],"class_list":["post-102744","post","type-post","status-publish","format-standard","has-post-thumbnail","category-masnoticias"],"_links":{"self":[{"href":"https:\/\/primicias2262.com\/noticias\/wp-json\/wp\/v2\/posts\/102744","targetHints":{"allow":["GET"]}}],"collection":[{"href":"https:\/\/primicias2262.com\/noticias\/wp-json\/wp\/v2\/posts"}],"about":[{"href":"https:\/\/primicias2262.com\/noticias\/wp-json\/wp\/v2\/types\/post"}],"author":[{"embeddable":true,"href":"https:\/\/primicias2262.com\/noticias\/wp-json\/wp\/v2\/users\/3"}],"replies":[{"embeddable":true,"href":"https:\/\/primicias2262.com\/noticias\/wp-json\/wp\/v2\/comments?post=102744"}],"version-history":[{"count":3,"href":"https:\/\/primicias2262.com\/noticias\/wp-json\/wp\/v2\/posts\/102744\/revisions"}],"predecessor-version":[{"id":102752,"href":"https:\/\/primicias2262.com\/noticias\/wp-json\/wp\/v2\/posts\/102744\/revisions\/102752"}],"wp:featuredmedia":[{"embeddable":true,"href":"https:\/\/primicias2262.com\/noticias\/wp-json\/wp\/v2\/media\/102747"}],"wp:attachment":[{"href":"https:\/\/primicias2262.com\/noticias\/wp-json\/wp\/v2\/media?parent=102744"}],"wp:term":[{"taxonomy":"category","embeddable":true,"href":"https:\/\/primicias2262.com\/noticias\/wp-json\/wp\/v2\/categories?post=102744"},{"taxonomy":"post_tag","embeddable":true,"href":"https:\/\/primicias2262.com\/noticias\/wp-json\/wp\/v2\/tags?post=102744"}],"curies":[{"name":"wp","href":"https:\/\/api.w.org\/{rel}","templated":true}]}}