{"id":102754,"date":"2023-08-11T14:14:25","date_gmt":"2023-08-11T14:14:25","guid":{"rendered":"https:\/\/primicias2262.com\/noticias\/?p=102754"},"modified":"2023-08-11T16:33:32","modified_gmt":"2023-08-11T16:33:32","slug":"exitosa-participacion-de-todos-al-agua-en-la-etapa-regional-de-las-olimpiadas-especiales","status":"publish","type":"post","link":"https:\/\/primicias2262.com\/noticias\/exitosa-participacion-de-todos-al-agua-en-la-etapa-regional-de-las-olimpiadas-especiales\/","title":{"rendered":"Exitosa participaci\u00f3n de \u201cTodos al Agua\u201d en la etapa regional de las Olimpiadas Especiales"},"content":{"rendered":"<p><strong>La competencia se llev\u00f3 a cabo en Mar del Plata, donde los alumnos de la Escuela Municipal de Nataci\u00f3n Adaptada de Necochea tuvieron un notable desempe\u00f1o, logrando dos de ellos la clasificaci\u00f3n a la instancia nacional.<\/strong><\/p>\n<p>Con la participaci\u00f3n de la Escuela Municipal de Nataci\u00f3n Adaptada de Necochea \u201cTodos al Agua\u201d, se desarroll\u00f3 en Ciromar de Mar del Plata la etapa regional de las Olimpiadas Especiales, evento organizado por Integra Sport, donde adem\u00e1s compitieron otras instituciones de la ciudad anfitriona y de Balcarce.<\/p>\n<p><a href=\"https:\/\/primicias2262.com\/noticias\/wp-content\/uploads\/2023\/08\/09-08-FOTO-Todos-al-Agua-Olimpiadas.jpeg\"><img loading=\"lazy\" decoding=\"async\" class=\"aligncenter size-large wp-image-102763\" src=\"https:\/\/primicias2262.com\/noticias\/wp-content\/uploads\/2023\/08\/09-08-FOTO-Todos-al-Agua-Olimpiadas-1024x576.jpeg\" alt=\"\" width=\"696\" height=\"392\" srcset=\"https:\/\/primicias2262.com\/noticias\/wp-content\/uploads\/2023\/08\/09-08-FOTO-Todos-al-Agua-Olimpiadas-1024x576.jpeg 1024w, https:\/\/primicias2262.com\/noticias\/wp-content\/uploads\/2023\/08\/09-08-FOTO-Todos-al-Agua-Olimpiadas-300x169.jpeg 300w, https:\/\/primicias2262.com\/noticias\/wp-content\/uploads\/2023\/08\/09-08-FOTO-Todos-al-Agua-Olimpiadas-768x432.jpeg 768w, https:\/\/primicias2262.com\/noticias\/wp-content\/uploads\/2023\/08\/09-08-FOTO-Todos-al-Agua-Olimpiadas-1536x864.jpeg 1536w, https:\/\/primicias2262.com\/noticias\/wp-content\/uploads\/2023\/08\/09-08-FOTO-Todos-al-Agua-Olimpiadas-150x84.jpeg 150w, https:\/\/primicias2262.com\/noticias\/wp-content\/uploads\/2023\/08\/09-08-FOTO-Todos-al-Agua-Olimpiadas-696x392.jpeg 696w, https:\/\/primicias2262.com\/noticias\/wp-content\/uploads\/2023\/08\/09-08-FOTO-Todos-al-Agua-Olimpiadas-1068x601.jpeg 1068w, https:\/\/primicias2262.com\/noticias\/wp-content\/uploads\/2023\/08\/09-08-FOTO-Todos-al-Agua-Olimpiadas.jpeg 1600w\" sizes=\"auto, (max-width: 696px) 100vw, 696px\" \/><\/a>En lo que respecta a la escuela municipal necochense, coordinada por el Prof. Marcos Bertone y dependiente de la Direcci\u00f3n de Deportes, a cargo de Guadalupe Hern\u00e1ndez, viaj\u00f3 con una delegaci\u00f3n de cinco nadadores, Nicol\u00e1s Am\u00e9ndola, Anabella Hern\u00e1ndez, Juan Ignacio C\u00e1rdenas, Victoria Ferrer y Javier Loncan, quienes tuvieron grandes performances.<\/p>\n<p>En los casos puntuales de Ignacio C\u00e1rdenas y Anabella Hern\u00e1ndez, quienes ganaron sus respectivas pruebas, estar\u00edan en condiciones de competir en la etapa nacional de dichas Olimpiadas, a realizarse en la Provincia de La Pampa del 11 al 13 de octubre, aunque a\u00fan resta \u00a0la confirmaci\u00f3n oficial.<\/p>\n<p>En ese sentido, Bertone explic\u00f3 que los ganadores de cada una se las series, por el sistema de Olimpiadas Especiales, clasifican a dicha etapa nacional y las presencias de Hern\u00e1ndez y C\u00e1rdenas depender\u00e1n de los cupos que la organizaci\u00f3n disponga.<\/p>\n<p>En cuanto a los resultados de cada alumno necochense, Ignacio C\u00e1rdenas fue 1\u00ba en 100 metros libres y 50 espalda; Anabella Hern\u00e1ndez 2\u00aa en 50 metros libres y 1\u00aa en 50 pech; Nicol\u00e1s Am\u00e9ndola 2\u00ba en 100 metros libres y 50 mariposa; Javier Loncan 4\u00ba en 25 metros mariposa y 25 libres; y Victoria Ferrer 4\u00aa en 25 metros libres y 25 espalda.<\/p>\n<div id='gallery-1' class='gallery galleryid-102754 gallery-columns-3 gallery-size-medium'><figure class='gallery-item'>\n\t\t\t<div class='gallery-icon portrait'>\n\t\t\t\t<a href='https:\/\/primicias2262.com\/noticias\/unos-10-lobos-marinos-han-fallecido-por-atropellos-de-vehiculos-desde-enero-a-esta-parte\/09-08-foto-todos-al-agua-olimpiadas3\/'><img loading=\"lazy\" decoding=\"async\" width=\"169\" height=\"300\" src=\"https:\/\/primicias2262.com\/noticias\/wp-content\/uploads\/2023\/08\/09-08-FOTO-Todos-al-Agua-Olimpiadas3-169x300.jpeg\" class=\"attachment-medium size-medium\" alt=\"\" srcset=\"https:\/\/primicias2262.com\/noticias\/wp-content\/uploads\/2023\/08\/09-08-FOTO-Todos-al-Agua-Olimpiadas3-169x300.jpeg 169w, https:\/\/primicias2262.com\/noticias\/wp-content\/uploads\/2023\/08\/09-08-FOTO-Todos-al-Agua-Olimpiadas3-576x1024.jpeg 576w, https:\/\/primicias2262.com\/noticias\/wp-content\/uploads\/2023\/08\/09-08-FOTO-Todos-al-Agua-Olimpiadas3-768x1365.jpeg 768w, https:\/\/primicias2262.com\/noticias\/wp-content\/uploads\/2023\/08\/09-08-FOTO-Todos-al-Agua-Olimpiadas3-150x267.jpeg 150w, https:\/\/primicias2262.com\/noticias\/wp-content\/uploads\/2023\/08\/09-08-FOTO-Todos-al-Agua-Olimpiadas3-300x533.jpeg 300w, https:\/\/primicias2262.com\/noticias\/wp-content\/uploads\/2023\/08\/09-08-FOTO-Todos-al-Agua-Olimpiadas3-696x1237.jpeg 696w, https:\/\/primicias2262.com\/noticias\/wp-content\/uploads\/2023\/08\/09-08-FOTO-Todos-al-Agua-Olimpiadas3.jpeg 828w\" sizes=\"auto, (max-width: 169px) 100vw, 169px\" \/><\/a>\n\t\t\t<\/div><\/figure><figure class='gallery-item'>\n\t\t\t<div class='gallery-icon portrait'>\n\t\t\t\t<a href='https:\/\/primicias2262.com\/noticias\/unos-10-lobos-marinos-han-fallecido-por-atropellos-de-vehiculos-desde-enero-a-esta-parte\/09-08-foto-podio-todos-al-agua3\/'><img loading=\"lazy\" decoding=\"async\" width=\"169\" height=\"300\" src=\"https:\/\/primicias2262.com\/noticias\/wp-content\/uploads\/2023\/08\/09-08-FOTO-podio-Todos-al-Agua3-169x300.jpeg\" class=\"attachment-medium size-medium\" alt=\"\" srcset=\"https:\/\/primicias2262.com\/noticias\/wp-content\/uploads\/2023\/08\/09-08-FOTO-podio-Todos-al-Agua3-169x300.jpeg 169w, https:\/\/primicias2262.com\/noticias\/wp-content\/uploads\/2023\/08\/09-08-FOTO-podio-Todos-al-Agua3-576x1024.jpeg 576w, https:\/\/primicias2262.com\/noticias\/wp-content\/uploads\/2023\/08\/09-08-FOTO-podio-Todos-al-Agua3-768x1365.jpeg 768w, https:\/\/primicias2262.com\/noticias\/wp-content\/uploads\/2023\/08\/09-08-FOTO-podio-Todos-al-Agua3-864x1536.jpeg 864w, https:\/\/primicias2262.com\/noticias\/wp-content\/uploads\/2023\/08\/09-08-FOTO-podio-Todos-al-Agua3-150x267.jpeg 150w, https:\/\/primicias2262.com\/noticias\/wp-content\/uploads\/2023\/08\/09-08-FOTO-podio-Todos-al-Agua3-300x533.jpeg 300w, https:\/\/primicias2262.com\/noticias\/wp-content\/uploads\/2023\/08\/09-08-FOTO-podio-Todos-al-Agua3-696x1237.jpeg 696w, https:\/\/primicias2262.com\/noticias\/wp-content\/uploads\/2023\/08\/09-08-FOTO-podio-Todos-al-Agua3.jpeg 900w\" sizes=\"auto, (max-width: 169px) 100vw, 169px\" \/><\/a>\n\t\t\t<\/div><\/figure><figure class='gallery-item'>\n\t\t\t<div class='gallery-icon portrait'>\n\t\t\t\t<a href='https:\/\/primicias2262.com\/noticias\/unos-10-lobos-marinos-han-fallecido-por-atropellos-de-vehiculos-desde-enero-a-esta-parte\/09-08-foto-podio-todos-al-agua2\/'><img loading=\"lazy\" decoding=\"async\" width=\"169\" height=\"300\" src=\"https:\/\/primicias2262.com\/noticias\/wp-content\/uploads\/2023\/08\/09-08-FOTO-podio-Todos-al-Agua2-169x300.jpeg\" class=\"attachment-medium size-medium\" alt=\"\" srcset=\"https:\/\/primicias2262.com\/noticias\/wp-content\/uploads\/2023\/08\/09-08-FOTO-podio-Todos-al-Agua2-169x300.jpeg 169w, https:\/\/primicias2262.com\/noticias\/wp-content\/uploads\/2023\/08\/09-08-FOTO-podio-Todos-al-Agua2-576x1024.jpeg 576w, https:\/\/primicias2262.com\/noticias\/wp-content\/uploads\/2023\/08\/09-08-FOTO-podio-Todos-al-Agua2-768x1365.jpeg 768w, https:\/\/primicias2262.com\/noticias\/wp-content\/uploads\/2023\/08\/09-08-FOTO-podio-Todos-al-Agua2-864x1536.jpeg 864w, https:\/\/primicias2262.com\/noticias\/wp-content\/uploads\/2023\/08\/09-08-FOTO-podio-Todos-al-Agua2-150x267.jpeg 150w, https:\/\/primicias2262.com\/noticias\/wp-content\/uploads\/2023\/08\/09-08-FOTO-podio-Todos-al-Agua2-300x533.jpeg 300w, https:\/\/primicias2262.com\/noticias\/wp-content\/uploads\/2023\/08\/09-08-FOTO-podio-Todos-al-Agua2-696x1237.jpeg 696w, https:\/\/primicias2262.com\/noticias\/wp-content\/uploads\/2023\/08\/09-08-FOTO-podio-Todos-al-Agua2.jpeg 900w\" sizes=\"auto, (max-width: 169px) 100vw, 169px\" \/><\/a>\n\t\t\t<\/div><\/figure>\n\t\t<\/div>\n\n<p><strong>Designaci\u00f3n de Bertone como entrenador del Mundial para Sordos<\/strong><\/p>\n<p>A prop\u00f3sito del Prof. Marcos Bertone, esta semana viaj\u00f3 a Buenos Aires puesto que ha sido designado como t\u00e9cnico de la Selecci\u00f3n Argentina para el Mundial de Nataci\u00f3n para Sordos, a realizarse en Parque Roca de la Capital Federal, del 14 al 19 de agosto.<\/p>\n","protected":false},"excerpt":{"rendered":"<p>La competencia se llev\u00f3 a cabo en Mar del Plata, donde los alumnos de la Escuela Municipal de Nataci\u00f3n Adaptada de Necochea tuvieron un notable desempe\u00f1o, logrando dos de ellos la clasificaci\u00f3n a la instancia nacional. Con la participaci\u00f3n de la Escuela Municipal de Nataci\u00f3n Adaptada de Necochea \u201cTodos al Agua\u201d, se desarroll\u00f3 en Ciromar [&hellip;]<\/p>\n","protected":false},"author":3,"featured_media":102760,"comment_status":"open","ping_status":"open","sticky":false,"template":"","format":"standard","meta":{"footnotes":""},"categories":[3],"tags":[],"class_list":["post-102754","post","type-post","status-publish","format-standard","has-post-thumbnail","category-masnoticias"],"_links":{"self":[{"href":"https:\/\/primicias2262.com\/noticias\/wp-json\/wp\/v2\/posts\/102754","targetHints":{"allow":["GET"]}}],"collection":[{"href":"https:\/\/primicias2262.com\/noticias\/wp-json\/wp\/v2\/posts"}],"about":[{"href":"https:\/\/primicias2262.com\/noticias\/wp-json\/wp\/v2\/types\/post"}],"author":[{"embeddable":true,"href":"https:\/\/primicias2262.com\/noticias\/wp-json\/wp\/v2\/users\/3"}],"replies":[{"embeddable":true,"href":"https:\/\/primicias2262.com\/noticias\/wp-json\/wp\/v2\/comments?post=102754"}],"version-history":[{"count":3,"href":"https:\/\/primicias2262.com\/noticias\/wp-json\/wp\/v2\/posts\/102754\/revisions"}],"predecessor-version":[{"id":102773,"href":"https:\/\/primicias2262.com\/noticias\/wp-json\/wp\/v2\/posts\/102754\/revisions\/102773"}],"wp:featuredmedia":[{"embeddable":true,"href":"https:\/\/primicias2262.com\/noticias\/wp-json\/wp\/v2\/media\/102760"}],"wp:attachment":[{"href":"https:\/\/primicias2262.com\/noticias\/wp-json\/wp\/v2\/media?parent=102754"}],"wp:term":[{"taxonomy":"category","embeddable":true,"href":"https:\/\/primicias2262.com\/noticias\/wp-json\/wp\/v2\/categories?post=102754"},{"taxonomy":"post_tag","embeddable":true,"href":"https:\/\/primicias2262.com\/noticias\/wp-json\/wp\/v2\/tags?post=102754"}],"curies":[{"name":"wp","href":"https:\/\/api.w.org\/{rel}","templated":true}]}}