{"id":102757,"date":"2023-08-10T11:12:03","date_gmt":"2023-08-10T11:12:03","guid":{"rendered":"https:\/\/primicias2262.com\/noticias\/?p=102757"},"modified":"2023-08-11T14:24:51","modified_gmt":"2023-08-11T14:24:51","slug":"unos-10-lobos-marinos-han-fallecido-por-atropellos-de-vehiculos-desde-enero-a-esta-parte","status":"publish","type":"post","link":"https:\/\/primicias2262.com\/noticias\/unos-10-lobos-marinos-han-fallecido-por-atropellos-de-vehiculos-desde-enero-a-esta-parte\/","title":{"rendered":"Unos 10 lobos marinos han fallecido por atropellos de veh\u00edculos desde enero a esta parte"},"content":{"rendered":"<p><strong>As\u00ed lo inform\u00f3 el vecino Carlos Leo, quien se dedica al cuidado desinteresado de los mam\u00edferos y se expres\u00f3 sumamente irritado, no solo por la situaci\u00f3n en s\u00ed sino por el desinter\u00e9s mostrado por las autoridades de Puerto Quequ\u00e9n.<\/strong><\/p>\n<p>Ante el aviso en sus redes sociales de \u201csiguen muriendo lobos marinos atropellados\u201d, quien dialog\u00f3 con Leo fue el periodista Jorge G\u00f3mez en \u201cVoces de la Ciudad\u201d, y el proteccionista de animales enfatiz\u00f3 que \u201cestoy irritado por estos sucesos que se est\u00e1n dando en la Escollera Sur de Necochea, evidentemente los inescrupulosos de siempre act\u00faan bajo una impunidad tremenda\u2026 uno se rompe el lomo salvando vidas y vienen otros bobos y atropellan a los lobos marinos y les pisan las aletas sin ning\u00fan tipo de miramiento\u201d.<\/p>\n<p><a href=\"https:\/\/primicias2262.com\/noticias\/wp-content\/uploads\/2023\/08\/carlos-leo.jpeg\"><img loading=\"lazy\" decoding=\"async\" class=\"aligncenter size-full wp-image-102766\" src=\"https:\/\/primicias2262.com\/noticias\/wp-content\/uploads\/2023\/08\/carlos-leo.jpeg\" alt=\"\" width=\"715\" height=\"477\" srcset=\"https:\/\/primicias2262.com\/noticias\/wp-content\/uploads\/2023\/08\/carlos-leo.jpeg 715w, https:\/\/primicias2262.com\/noticias\/wp-content\/uploads\/2023\/08\/carlos-leo-300x200.jpeg 300w, https:\/\/primicias2262.com\/noticias\/wp-content\/uploads\/2023\/08\/carlos-leo-150x100.jpeg 150w, https:\/\/primicias2262.com\/noticias\/wp-content\/uploads\/2023\/08\/carlos-leo-696x464.jpeg 696w\" sizes=\"auto, (max-width: 715px) 100vw, 715px\" \/><\/a>Lamentablemente, no se trata de hechos aislados, ya que al instante aclar\u00f3 que \u201cno solamente estos dos lobos marinos murieron, sino que desde enero a la fecha murieron 16 lobos marinos, y unos 10 de ellos fueron atropellados por los veh\u00edculos, lo cual es muy f\u00e1cil de determinar porque est\u00e1n las c\u00e1maras del Consorcio de gesti\u00f3n de Puerto Quequ\u00e9n, que tendr\u00eda que accionarlas, o que por lo menos me atiendan\u201d.<\/p>\n<p>Acot\u00f3 en ese caso que \u201cpor supuesto que concurr\u00ed al Puerto y quise hablar con el presidente del Consorcio (Jorge \u00c1lvaro) pero no est\u00e1 nunca en Necochea\u2026 cada vez que voy y quiero hablar con el se\u00f1or presidente est\u00e1 en Mendoza, pero el filtro es su secretaria Maite Heras, que no me deja poder hablar con el se\u00f1or \u00c1lvaro y me siento discriminado\u201d, dispar\u00f3 sin dudar.<\/p>\n<p><a href=\"https:\/\/primicias2262.com\/noticias\/wp-content\/uploads\/2023\/08\/WhatsApp-Image-2023-08-09-at-2.41.01-PM2.jpeg\"><img loading=\"lazy\" decoding=\"async\" class=\"aligncenter size-full wp-image-102768\" src=\"https:\/\/primicias2262.com\/noticias\/wp-content\/uploads\/2023\/08\/WhatsApp-Image-2023-08-09-at-2.41.01-PM2.jpeg\" alt=\"\" width=\"1024\" height=\"768\" srcset=\"https:\/\/primicias2262.com\/noticias\/wp-content\/uploads\/2023\/08\/WhatsApp-Image-2023-08-09-at-2.41.01-PM2.jpeg 1024w, https:\/\/primicias2262.com\/noticias\/wp-content\/uploads\/2023\/08\/WhatsApp-Image-2023-08-09-at-2.41.01-PM2-300x225.jpeg 300w, https:\/\/primicias2262.com\/noticias\/wp-content\/uploads\/2023\/08\/WhatsApp-Image-2023-08-09-at-2.41.01-PM2-768x576.jpeg 768w, https:\/\/primicias2262.com\/noticias\/wp-content\/uploads\/2023\/08\/WhatsApp-Image-2023-08-09-at-2.41.01-PM2-150x113.jpeg 150w, https:\/\/primicias2262.com\/noticias\/wp-content\/uploads\/2023\/08\/WhatsApp-Image-2023-08-09-at-2.41.01-PM2-696x522.jpeg 696w\" sizes=\"auto, (max-width: 1024px) 100vw, 1024px\" \/><\/a>Leo demostr\u00f3 cierto cansancio por la situaci\u00f3n al manifestar que \u201ctodo lo que hago lo hago de vocaci\u00f3n, pero estoy preocupado y fastidioso, uno trata de hacer algo por esta hermosa ciudad y no recibo la reciprocidad por parte de las autoridades del Puerto\u201d.<\/p>\n<p>Asimismo, dej\u00f3 entrever que la pol\u00edtica est\u00e1 metida en el medio y aclar\u00f3 que \u201ccuando estaba el doctor Arturo Rojas en el Puerto era distinto, cuando yo le ped\u00eda algo no hab\u00eda problemas y los requerimientos siempre llegaban, pero ahora la situaci\u00f3n es diferente y cuando la cuesti\u00f3n pol\u00edtica se mete en el medio es una l\u00e1stima\u2026 no me reciben por una cuesti\u00f3n pol\u00edtica\u201d.<\/p>\n<p>De hecho, fue m\u00e1s all\u00e1 de la situaci\u00f3n de los lobos y habl\u00f3 de otros temas desatendidos: \u201cCuando entr\u00e1s a la escollera est\u00e1n las maderas rotas, hay escombros, el container est\u00e1 oxidado y tapado de arena, y no se hace nada desde hace cuatro a\u00f1os en el lugar, y no me dan ni pelota, la mugre que hay es impresionante\u201d, culmin\u00f3.<\/p>\n<p><a href=\"https:\/\/primicias2262.com\/noticias\/wp-content\/uploads\/2023\/08\/WhatsApp-Image-2023-08-09-at-2.41.01-PM3.jpeg\"><img loading=\"lazy\" decoding=\"async\" class=\"aligncenter size-full wp-image-102769\" src=\"https:\/\/primicias2262.com\/noticias\/wp-content\/uploads\/2023\/08\/WhatsApp-Image-2023-08-09-at-2.41.01-PM3.jpeg\" alt=\"\" width=\"576\" height=\"1024\" srcset=\"https:\/\/primicias2262.com\/noticias\/wp-content\/uploads\/2023\/08\/WhatsApp-Image-2023-08-09-at-2.41.01-PM3.jpeg 576w, https:\/\/primicias2262.com\/noticias\/wp-content\/uploads\/2023\/08\/WhatsApp-Image-2023-08-09-at-2.41.01-PM3-169x300.jpeg 169w, https:\/\/primicias2262.com\/noticias\/wp-content\/uploads\/2023\/08\/WhatsApp-Image-2023-08-09-at-2.41.01-PM3-150x267.jpeg 150w, https:\/\/primicias2262.com\/noticias\/wp-content\/uploads\/2023\/08\/WhatsApp-Image-2023-08-09-at-2.41.01-PM3-300x533.jpeg 300w\" sizes=\"auto, (max-width: 576px) 100vw, 576px\" \/><\/a><\/p>\n","protected":false},"excerpt":{"rendered":"<p>As\u00ed lo inform\u00f3 el vecino Carlos Leo, quien se dedica al cuidado desinteresado de los mam\u00edferos y se expres\u00f3 sumamente irritado, no solo por la situaci\u00f3n en s\u00ed sino por el desinter\u00e9s mostrado por las autoridades de Puerto Quequ\u00e9n. Ante el aviso en sus redes sociales de \u201csiguen muriendo lobos marinos atropellados\u201d, quien dialog\u00f3 con [&hellip;]<\/p>\n","protected":false},"author":3,"featured_media":102767,"comment_status":"open","ping_status":"open","sticky":false,"template":"","format":"standard","meta":{"footnotes":""},"categories":[3],"tags":[],"class_list":["post-102757","post","type-post","status-publish","format-standard","has-post-thumbnail","category-masnoticias"],"_links":{"self":[{"href":"https:\/\/primicias2262.com\/noticias\/wp-json\/wp\/v2\/posts\/102757","targetHints":{"allow":["GET"]}}],"collection":[{"href":"https:\/\/primicias2262.com\/noticias\/wp-json\/wp\/v2\/posts"}],"about":[{"href":"https:\/\/primicias2262.com\/noticias\/wp-json\/wp\/v2\/types\/post"}],"author":[{"embeddable":true,"href":"https:\/\/primicias2262.com\/noticias\/wp-json\/wp\/v2\/users\/3"}],"replies":[{"embeddable":true,"href":"https:\/\/primicias2262.com\/noticias\/wp-json\/wp\/v2\/comments?post=102757"}],"version-history":[{"count":3,"href":"https:\/\/primicias2262.com\/noticias\/wp-json\/wp\/v2\/posts\/102757\/revisions"}],"predecessor-version":[{"id":102770,"href":"https:\/\/primicias2262.com\/noticias\/wp-json\/wp\/v2\/posts\/102757\/revisions\/102770"}],"wp:featuredmedia":[{"embeddable":true,"href":"https:\/\/primicias2262.com\/noticias\/wp-json\/wp\/v2\/media\/102767"}],"wp:attachment":[{"href":"https:\/\/primicias2262.com\/noticias\/wp-json\/wp\/v2\/media?parent=102757"}],"wp:term":[{"taxonomy":"category","embeddable":true,"href":"https:\/\/primicias2262.com\/noticias\/wp-json\/wp\/v2\/categories?post=102757"},{"taxonomy":"post_tag","embeddable":true,"href":"https:\/\/primicias2262.com\/noticias\/wp-json\/wp\/v2\/tags?post=102757"}],"curies":[{"name":"wp","href":"https:\/\/api.w.org\/{rel}","templated":true}]}}