{"id":102772,"date":"2023-08-11T14:20:43","date_gmt":"2023-08-11T14:20:43","guid":{"rendered":"https:\/\/primicias2262.com\/noticias\/?p=102772"},"modified":"2023-08-12T21:25:38","modified_gmt":"2023-08-12T21:25:38","slug":"el-pavimento-de-58-entre-81-y-91-se-complementara-con-cordon-cuneta-luces-led-y-semaforos","status":"publish","type":"post","link":"https:\/\/primicias2262.com\/noticias\/el-pavimento-de-58-entre-81-y-91-se-complementara-con-cordon-cuneta-luces-led-y-semaforos\/","title":{"rendered":"El pavimento de 58 entre 81 y 91 se complementar\u00e1 con cord\u00f3n cuneta, luces Led y sem\u00e1foros"},"content":{"rendered":"<p><strong>As\u00ed lo resalt\u00f3 en \u201cVoces de la Ciudad\u201d el subsecretario de Obras P\u00fablicas, Lisandro Dones, luego de la consulta del periodista Jorge G\u00f3mez, teniendo en cuenta que esta semana iniciaron los trabajos de cord\u00f3n cuneta en dicho sector.<\/strong><\/p>\n<p>Se trata de diez cuadras de dicho servicio previo a la pavimentaci\u00f3n de la Av. 58 entre 81 y 91, la cual \u201ces una obra important\u00edsima que le llevar\u00e1 pavimento a una arteria con una din\u00e1mica muy marcada por las idas y vueltas con el parque y la playa\u201d, contextualiz\u00f3 el arquitecto.<\/p>\n<p>Seguidamente, Dones record\u00f3 que \u201ces una obra que arranc\u00f3 hace unos meses, los primeros trabajos fueron verificar el estado de los desag\u00fces pluviales y nos encontramos con una situaci\u00f3n imprevista en la obra original, por lo que hubo que restaurar diez sumideros, hacer ca\u00f1er\u00edas nuevas y ahora estamos dejando una obra en muy buen estado que va a funcionar no solamente como una arteria de movilizaci\u00f3n de veh\u00edculos, sino de desag\u00fces pluviales del sector, ya que en 91 y 58 se suele juntar agua y eso ya no va a pasar\u201d.<\/p>\n<p>\u201cEn este momento estamos con las construcci\u00f3n de los cordones cuneta, que es la etapa previa a la colocaci\u00f3n de la carpeta asf\u00e1ltica, que ya ser\u00e1 la finalizaci\u00f3n de esta obra tan importante\u201d, agreg\u00f3.<\/p>\n<p>Respecto a la financiaci\u00f3n de la misma, el funcionario destac\u00f3 que es entre el Estado Provincial (por Municipios a la Obra) y Municipal: \u201cUna parte la puso Provincia y otra parte el municipio, te dir\u00eda que un 50% y 50%\u201d, y desde lo t\u00e9cnico aport\u00f3 que en esa parte \u201cla 58 ir\u00e1 dotdaa de un pavimento negro, que es un material r\u00e1pido de colocar\u00a0 y por eso la etapa final es la m\u00e1s r\u00e1pida, mientras que lo que m\u00e1s tiempo y trabajo lleva es preparar la subrasante, que es la parte de abajo, el entoscado y comprimir el suelo\u201d.<\/p>\n<p>Cabe mencionar tambi\u00e9n, que \u201cya licitamos una obra de iluminaci\u00f3n para la 58, no era parte de esta obra pero la adicionamos, y adem\u00e1s porque vienen dos sem\u00e1foros, y creemos que la obra tiene que complementarse con el pavimento y con la iluminaci\u00f3n y semaforizaci\u00f3n\u201d, aclar\u00f3 finalmente Dones, asegurando de paso que \u201cesto nos permite ya tambi\u00e9n estar proyectando el cord\u00f3n cuneta sobre la Av. 91 entre 58 y 42\u201d.<\/p>\n","protected":false},"excerpt":{"rendered":"<p>As\u00ed lo resalt\u00f3 en \u201cVoces de la Ciudad\u201d el subsecretario de Obras P\u00fablicas, Lisandro Dones, luego de la consulta del periodista Jorge G\u00f3mez, teniendo en cuenta que esta semana iniciaron los trabajos de cord\u00f3n cuneta en dicho sector. Se trata de diez cuadras de dicho servicio previo a la pavimentaci\u00f3n de la Av. 58 entre [&hellip;]<\/p>\n","protected":false},"author":3,"featured_media":102795,"comment_status":"open","ping_status":"open","sticky":false,"template":"","format":"standard","meta":{"footnotes":""},"categories":[3],"tags":[],"class_list":["post-102772","post","type-post","status-publish","format-standard","has-post-thumbnail","category-masnoticias"],"_links":{"self":[{"href":"https:\/\/primicias2262.com\/noticias\/wp-json\/wp\/v2\/posts\/102772","targetHints":{"allow":["GET"]}}],"collection":[{"href":"https:\/\/primicias2262.com\/noticias\/wp-json\/wp\/v2\/posts"}],"about":[{"href":"https:\/\/primicias2262.com\/noticias\/wp-json\/wp\/v2\/types\/post"}],"author":[{"embeddable":true,"href":"https:\/\/primicias2262.com\/noticias\/wp-json\/wp\/v2\/users\/3"}],"replies":[{"embeddable":true,"href":"https:\/\/primicias2262.com\/noticias\/wp-json\/wp\/v2\/comments?post=102772"}],"version-history":[{"count":1,"href":"https:\/\/primicias2262.com\/noticias\/wp-json\/wp\/v2\/posts\/102772\/revisions"}],"predecessor-version":[{"id":102775,"href":"https:\/\/primicias2262.com\/noticias\/wp-json\/wp\/v2\/posts\/102772\/revisions\/102775"}],"wp:featuredmedia":[{"embeddable":true,"href":"https:\/\/primicias2262.com\/noticias\/wp-json\/wp\/v2\/media\/102795"}],"wp:attachment":[{"href":"https:\/\/primicias2262.com\/noticias\/wp-json\/wp\/v2\/media?parent=102772"}],"wp:term":[{"taxonomy":"category","embeddable":true,"href":"https:\/\/primicias2262.com\/noticias\/wp-json\/wp\/v2\/categories?post=102772"},{"taxonomy":"post_tag","embeddable":true,"href":"https:\/\/primicias2262.com\/noticias\/wp-json\/wp\/v2\/tags?post=102772"}],"curies":[{"name":"wp","href":"https:\/\/api.w.org\/{rel}","templated":true}]}}