{"id":102777,"date":"2023-08-10T15:30:40","date_gmt":"2023-08-10T15:30:40","guid":{"rendered":"https:\/\/primicias2262.com\/noticias\/?p=102777"},"modified":"2023-08-11T00:32:57","modified_gmt":"2023-08-11T00:32:57","slug":"no-veo-candidatos-con-propuestas-serias-a-presentar-para-mejorar-lo-que-nosotros-estamos-haciendo","status":"publish","type":"post","link":"https:\/\/primicias2262.com\/noticias\/no-veo-candidatos-con-propuestas-serias-a-presentar-para-mejorar-lo-que-nosotros-estamos-haciendo\/","title":{"rendered":"\u201cNo veo candidatos con propuestas serias a presentar para mejorar lo que nosotros estamos haciendo\u201d"},"content":{"rendered":"<p><strong>As\u00ed lo afirm\u00f3 el intendente Arturo Rojas, quien en el marco del cierre de la campa\u00f1a previa a las PASO del venidero domingo 13, visit\u00f3 los estudios de \u201cVoces de la Ciudad\u201d y llam\u00f3 \u201cal voto de confianza de los vecinos para seguir avanzando y mejorando\u201d, afirmando que \u201ces importante la participaci\u00f3n y que nos focalicemos en lo que sucede en nuestra ciudad, para tener una mejor comunidad precisamos un mayor involucramiento\u201d.<\/strong><\/p>\n<p>En di\u00e1logo con el periodista Jorge G\u00f3mez, el l\u00edder de Nueva Necochea refrend\u00f3 al inicio que \u201cen 2019 planteaba p\u00fablicamente que \u00edbamos a necesitar ocho a\u00f1os por la dif\u00edcil situaci\u00f3n del municipio y llevar adelante nuestro plan de gobierno, y no nos equivocamos\u201d, para acotar en t\u00e9rminos futbol\u00edsticos que \u201cel primer tiempo nos sirvi\u00f3 para ordenarnos y recuperar la confianza, poner en orden las cuentas municipales, hacer obras de servicios b\u00e1sicos en los barrios y gestionar obras ante provincia y Naci\u00f3n, las cuales varias de ellas tienen componentes de fondos municipales\u201d.<\/p>\n<p>En cuanto a las expectativas para las PASO, aclar\u00f3 que si bien habr\u00e1 gente que jugar\u00e1 a favor o en contra de tal candidato en una interna, \u201cnosotros jugamos dejando todo en la cancha, yendo a todos los barrios\u201d, apuntando que \u201calgunos candidatos parece que nacieron de un repollo y no quieren decir qu\u00e9 hicieron anteriormente, pero yo tengo pasado pol\u00edtico y puedo mostrar mi experiencia desde que abrac\u00e9 la militancia social desde joven, y esa preparaci\u00f3n y conocimiento para formar equipos es una de las grandes diferencias con el resto de los espacios pol\u00edticos\u201d.<\/p>\n<p>De hecho, cont\u00f3 con orgullo que \u201cno hubo un solo vecino en toda la recorrida de todos estos d\u00edas que nos dijera ir\u00f3nicamente \u201cahora vienen, ahora que est\u00e1n las elecciones aparecen\u201d, que seguramente es lo que les est\u00e1 sucediendo a los candidatos de la oposici\u00f3n, pero no nos sucedi\u00f3 porque nosotros venimos dando la cara y llevando la Oficina M\u00f3vil cada semana, entonces no puede haber un reproche de esas caracter\u00edsticas\u201d.<\/p>\n<p><strong>El conocimiento que se necesita para administrar<\/strong><\/p>\n<p>Seguidamente, Rojas manifest\u00f3 que \u201cla gente puede elegir un candidato por simpat\u00eda o por ser famoso en tal profesi\u00f3n, pero muchas veces llegan sin el suficiente manejo de la administraci\u00f3n p\u00fablica, porque m\u00e1s all\u00e1 de que ten\u00e9s que tener un muy buen equipo en hacienda y en la parte contable, hace falta que la mayor conciencia la tenga el intendente, que es el \u00faltimo que firma los expedientes con lo que se gasta\u201d, argumentando que \u201csi uno no est\u00e1 preparado para eso es muy dif\u00edcil, y eso explica los 45 a\u00f1os consecutivos de d\u00e9ficit en la comuna desde 1974, todos los gobiernos que pasaron gastaron m\u00e1s de lo que ingresaba y eso explica c\u00f3mo estaba el distrito de Necochea, con menos obras y servicios, con m\u00e1s deudas y con una situaci\u00f3n inviable\u201d.<\/p>\n<p>Pero \u201cen 2019 logramos superar ese d\u00e9ficit\u201d, expres\u00f3 orgulloso, aunque ante la dif\u00edcil situaci\u00f3n actual a nivel pa\u00eds con la inflaci\u00f3n reconoci\u00f3 que hay proyectos armados no prioritarios que se tuvieron que dejar de lado para mirar la situaci\u00f3n diaria: \u201cEsta crisis no solo golpea a los vecinos, sino al Estado Municipal, incluso hay municipios que hoy est\u00e1n comprometidos para pagar los sueldos\u201d, mientras que a nivel local, pronunci\u00f3 que \u201choy cada peso que entra va a parar a una obra p\u00fablica y para que las obras no se paralicen en este contexto de inflaci\u00f3n, a la mayor\u00eda de ellas las certificaciones las pagamos con recursos propios y despu\u00e9s vamos a reclamarlo, de hecho hoy ya debemos tener m\u00e1s de 100 millones de pesos para reclamar,\u201d.<\/p>\n<p><a href=\"https:\/\/primicias2262.com\/noticias\/wp-content\/uploads\/2023\/08\/arturo-rojas-56.jpg\"><img loading=\"lazy\" decoding=\"async\" class=\"aligncenter size-full wp-image-102778\" src=\"https:\/\/primicias2262.com\/noticias\/wp-content\/uploads\/2023\/08\/arturo-rojas-56.jpg\" alt=\"\" width=\"1024\" height=\"768\" srcset=\"https:\/\/primicias2262.com\/noticias\/wp-content\/uploads\/2023\/08\/arturo-rojas-56.jpg 1024w, https:\/\/primicias2262.com\/noticias\/wp-content\/uploads\/2023\/08\/arturo-rojas-56-300x225.jpg 300w, https:\/\/primicias2262.com\/noticias\/wp-content\/uploads\/2023\/08\/arturo-rojas-56-768x576.jpg 768w, https:\/\/primicias2262.com\/noticias\/wp-content\/uploads\/2023\/08\/arturo-rojas-56-150x113.jpg 150w, https:\/\/primicias2262.com\/noticias\/wp-content\/uploads\/2023\/08\/arturo-rojas-56-696x522.jpg 696w\" sizes=\"auto, (max-width: 1024px) 100vw, 1024px\" \/><\/a><strong>Diferencias de Nueva Necochea con el resto de los espacios<\/strong><\/p>\n<p>A la hora de establecer diferencias con los candidatos opositores, Rojas insisti\u00f3 en la preparaci\u00f3n del equipo y en la pluralidad, se\u00f1alando que en Nueva Necochea \u201cestamos por afuera de la grieta hist\u00f3rica, tengo dirigentes desde el primer d\u00eda del radicalismo, peronismo, PRO, kirchnerismo y de sectores independientes, lo que nos da una mayor libertad y pluralidad para enfocarnos en los problemas locales principalmente\u201d.<\/p>\n<p>Adujo asimismo que \u201cen estas recorridas de cierre hablan todos mis candidatos, del primero al \u00faltimo, y lo hacen p\u00fablicamente porque tienen preparaci\u00f3n, mientras que en la oposici\u00f3n a veces ni los pueden mostrar e incluso ni los mismos candidatos tienen el conocimiento suficiente y empiezan a mezclar peras con manzanas\u201d.<\/p>\n<p>Sigui\u00f3 asegurando que \u201clos candidatos que se muestran no solo no tienen la preparaci\u00f3n y conocimiento para hablar p\u00fablicamente de lo que significa un presupuesto, una Fiscal Impositiva, de c\u00f3mo se administra la Municipalidad, sino que hay algo m\u00e1s grave a\u00fan: no tienen equipos para mostrar, y la Municipalidad no es para improvisados porque la improvisaci\u00f3n nos ha hecho muy mal, ni tampoco necesitamos la sinton\u00eda fina porque tampoco nos fue bien, y nosotros adem\u00e1s demostramos en estos a\u00f1os la madurez y capacidad suficiente para haber conseguido las obras que ten\u00edamos que conseguir en Provincia y Naci\u00f3n a pesar de no pertenecer al mismo partido pol\u00edtico\u201d.<\/p>\n<p>Fue en ese marco que dej\u00f3 la frase que titula esta nota: \u201cHoy no veo candidatos con propuestas serias a presentar para mejorar lo que nosotros estamos haciendo\u2026 ojal\u00e1 que de cara a octubre haya propuestas serias a discutir y debatir, que no s\u00e9 por qu\u00e9 no lo hubo en las internas de ahora, pero de cara a octubre estoy preparado para debatirlas ideas que precisamos para el distrito\u201d.<\/p>\n<p><strong>Empezar por casa es privilegiar lo local<\/strong><\/p>\n<p>M\u00e1s adelante, quien busca ser reelecto reconoci\u00f3 el hast\u00edo de la ciudadan\u00eda por la pol\u00edtica nacional: \u201cLa gente empez\u00f3 hace tiempo a privilegiar lo local por encima de lo Provincial y nacional y creo que esta elecci\u00f3n va a ser hist\u00f3rica en ese sentido\u201d, dejando en claro que \u201cen esta PASO hay mucha gente enojada con la pol\u00edtica nacional que solo valora lo que sucede a nivel local, la gente va madurando en saber c\u00f3mo cortar boleta y cu\u00e1l es el candidato que mejor lo representa, pero a\u00fan falta un salto de calidad mayor en t\u00e9rminos pol\u00edticos, partidarios y de formaci\u00f3n de los candidatos\u201d.<\/p>\n<p>Por supuesto, volvi\u00f3 a subrayar que \u201cesfundamental el trabajo mancomunado y en conjunto con todas las instituciones intermedias, con el Consorcio y la Usina pero tambi\u00e9n con las que trabajan socialmente\u201d, y a prop\u00f3sito del Consorcio, se mostr\u00f3 bastante cr\u00edtico con la situaci\u00f3n actual: \u201cMe gustar\u00eda que el puerto retome el programa de Puerto Ciudad, pero a su vez recupera cuestiones de orden, limpieza y mantenimiento, todo aquello que en su momento lo recuperamos en t\u00e9rminos tur\u00edsticos, sociales y culturales, no quiero que se pierda pero est\u00e1\u00a0 pasando\u201d.<\/p>\n<p>Finalmente, Arturo Rojas puso la visi\u00f3n en el turismo, asegurando que \u201cestamos a paso firme y sin pausa para poder recuperar el perfil tur\u00edstico que supimos tener\u201d, y ejemplific\u00f3 con el servicio del agua: \u201cNi un solo candidato habla de la problem\u00e1tica de la falta de agua, ya que desde el d\u00eda n\u00famero uno de gesti\u00f3n venimos invirtiendo en los pozos, e incluso le estamos haciendo la conexi\u00f3n oficial a los vecinos que la tienen clandestina, y para volver a recuperar el turismo tenemos que brindar servicios, una ciudad m\u00e1s linda como la renovaci\u00f3n que hicimos en la costanera; y facilitarle al privado m\u00e1s posibilidades de invertir, bajadas inclusivas y bajadas para las 4&#215;4, generando y embelleciendo circuitos tur\u00edsticos que nos permitan recuperar ese sitial y generar muchos puestos de trabajo, que es lo que estamos necesitando\u201d.<\/p>\n","protected":false},"excerpt":{"rendered":"<p>As\u00ed lo afirm\u00f3 el intendente Arturo Rojas, quien en el marco del cierre de la campa\u00f1a previa a las PASO del venidero domingo 13, visit\u00f3 los estudios de \u201cVoces de la Ciudad\u201d y llam\u00f3 \u201cal voto de confianza de los vecinos para seguir avanzando y mejorando\u201d, afirmando que \u201ces importante la participaci\u00f3n y que nos [&hellip;]<\/p>\n","protected":false},"author":3,"featured_media":102543,"comment_status":"open","ping_status":"open","sticky":false,"template":"","format":"standard","meta":{"footnotes":""},"categories":[3],"tags":[],"class_list":["post-102777","post","type-post","status-publish","format-standard","has-post-thumbnail","category-masnoticias"],"_links":{"self":[{"href":"https:\/\/primicias2262.com\/noticias\/wp-json\/wp\/v2\/posts\/102777","targetHints":{"allow":["GET"]}}],"collection":[{"href":"https:\/\/primicias2262.com\/noticias\/wp-json\/wp\/v2\/posts"}],"about":[{"href":"https:\/\/primicias2262.com\/noticias\/wp-json\/wp\/v2\/types\/post"}],"author":[{"embeddable":true,"href":"https:\/\/primicias2262.com\/noticias\/wp-json\/wp\/v2\/users\/3"}],"replies":[{"embeddable":true,"href":"https:\/\/primicias2262.com\/noticias\/wp-json\/wp\/v2\/comments?post=102777"}],"version-history":[{"count":1,"href":"https:\/\/primicias2262.com\/noticias\/wp-json\/wp\/v2\/posts\/102777\/revisions"}],"predecessor-version":[{"id":102779,"href":"https:\/\/primicias2262.com\/noticias\/wp-json\/wp\/v2\/posts\/102777\/revisions\/102779"}],"wp:featuredmedia":[{"embeddable":true,"href":"https:\/\/primicias2262.com\/noticias\/wp-json\/wp\/v2\/media\/102543"}],"wp:attachment":[{"href":"https:\/\/primicias2262.com\/noticias\/wp-json\/wp\/v2\/media?parent=102777"}],"wp:term":[{"taxonomy":"category","embeddable":true,"href":"https:\/\/primicias2262.com\/noticias\/wp-json\/wp\/v2\/categories?post=102777"},{"taxonomy":"post_tag","embeddable":true,"href":"https:\/\/primicias2262.com\/noticias\/wp-json\/wp\/v2\/tags?post=102777"}],"curies":[{"name":"wp","href":"https:\/\/api.w.org\/{rel}","templated":true}]}}