{"id":102780,"date":"2023-08-10T16:53:53","date_gmt":"2023-08-10T16:53:53","guid":{"rendered":"https:\/\/primicias2262.com\/noticias\/?p=102780"},"modified":"2023-08-10T16:53:53","modified_gmt":"2023-08-10T16:53:53","slug":"uno-por-uno-quienes-son-los-23-precandidatos-a-gobernador-en-la-provincia-de-buenos-aires-en-las-paso","status":"publish","type":"post","link":"https:\/\/primicias2262.com\/noticias\/uno-por-uno-quienes-son-los-23-precandidatos-a-gobernador-en-la-provincia-de-buenos-aires-en-las-paso\/","title":{"rendered":"Uno por uno, qui\u00e9nes son los 23 precandidatos a gobernador en la provincia de Buenos Aires en las PASO"},"content":{"rendered":"<section class=\"detail-note_news-article\" data-td-script-src=\"https:\/\/infocielo.com\/js-custom\/vendor\/jquery\/dist\/jquery.min-min-version-1598405132.js,https:\/\/infocielo.com\/js-custom\/299\/functions\/checkTwitterQuoteHighlight-min-version-1630609151.js,https:\/\/infocielo.com\/js-custom\/299\/functions\/embedsVideosOnBody-min-version-1630609151.js\">\n<div class=\"detail-note_body\" data-twitter-link=\"https:\/\/twitter.com\/intent\/tweet?url=https%3A%2F%2Finfocielo.com%2Fc767489&amp;related=infocielo&amp;text=Uno+por+uno%2C+qui%C3%A9nes+son+los+23+precandidatos+a+gobernador+en+la+provincia+de+Buenos+Aires+en+las+PASO&amp;via=infocielo\">\n<p><strong>La provincia de Buenos Aires elegir\u00e1 <a id=\"354_agrupador\" class=\"agrupador\" href=\"https:\/\/infocielo.com\/axel-kicllof-a23845\">gobernador<\/a> o gobernadora en las<a id=\"304_agrupador\" class=\"agrupador\" href=\"https:\/\/infocielo.com\/elecciones\"> elecciones <\/a> 2023 y la ciudadan\u00eda podr\u00e1 elegir entre 26 listas con los precandidatos <\/strong>que fueron aprobadas por la Junta Electoral bonaerense y que est\u00e1n en condiciones de competir en las <strong>PASO<\/strong> del pr\u00f3ximo 13 de agosto.<\/p>\n<\/div>\n<\/section>\n<section class=\"detail-note_news-article\" data-td-script-src=\"https:\/\/infocielo.com\/js-custom\/vendor\/jquery\/dist\/jquery.min-min-version-1598405132.js,https:\/\/infocielo.com\/js-custom\/299\/functions\/checkTwitterQuoteHighlight-min-version-1630609151.js,https:\/\/infocielo.com\/js-custom\/299\/functions\/embedsVideosOnBody-min-version-1630609151.js\">\n<div class=\"detail-note_body\" data-twitter-link=\"https:\/\/twitter.com\/intent\/tweet?url=https%3A%2F%2Finfocielo.com%2Fc767489&amp;related=infocielo&amp;text=Uno+por+uno%2C+qui%C3%A9nes+son+los+23+precandidatos+a+gobernador+en+la+provincia+de+Buenos+Aires+en+las+PASO&amp;via=infocielo\">\n<p><span id=\"saysCMSEmphasis36l4s5xmmb5\" class=\"\">As\u00ed como INFOCIELO mostr\u00f3 minuciosamente qui\u00e9nes son los precandidatos a intendente en cada uno de los 135 municipios, te invitamos a conocer las f\u00f3rmulas para competir por la gobernaci\u00f3n de la provincia<\/span>.<\/p>\n<h2>\u00bfQui\u00e9nes son los precandidatos a gobernador de la provincia de Buenos Aires?<\/h2>\n<h3>Uni\u00f3n por la Patria<\/h3>\n<ul>\n<li>Lista Celeste y Blanca:<strong> Axel Kicillof &#8211; <\/strong><strong>Ver\u00f3nica Magario<\/strong><\/li>\n<\/ul>\n<div id=\"195164-Libre-2083168243_wrap\" class=\"embed_cont type_imagen\" contenteditable=\"false\">\n<div id=\"195164-Libre-2083168243_content\" class=\"embed_content\"><img decoding=\"async\" id=\"195164-Libre-2083168243_embed\" title=\"\" src=\"https:\/\/media.infocielo.com\/p\/7225cd40fdecbe58c0c1119292851b50\/adjuntos\/299\/imagenes\/001\/679\/0001679847\/887x0\/smart\/boleta-1jpg.jpg\" alt=\"\" width=\"887\" height=\"\" \/><\/div>\n<\/div>\n<h3>Juntos por el Cambio (Falta Menos para Vivir sin Miedo)<\/h3>\n<ul>\n<li>Lista Falta Menos para Vivir sin Miedo: <strong>Diego Santilli &#8211; Gustavo Posse<\/strong><\/li>\n<li>Lista La Fuerza del Cambio: <strong>N\u00e9stor Grindetti &#8211; <\/strong><strong>Miguel Fern\u00e1ndez<\/strong><\/li>\n<\/ul>\n<div id=\"195165-Libre-972306495_wrap\" class=\"embed_cont type_imagen\" contenteditable=\"false\">\n<div id=\"195165-Libre-972306495_content\" class=\"embed_content\"><img decoding=\"async\" id=\"195165-Libre-972306495_embed\" title=\"\" src=\"https:\/\/media.infocielo.com\/p\/1393109636b217042c68bd20e331e785\/adjuntos\/299\/imagenes\/001\/679\/0001679848\/887x0\/smart\/santilli-possejpg.jpg\" alt=\"\" width=\"887\" height=\"\" \/><\/div>\n<\/div>\n<h3>La Libertad Avanza<\/h3>\n<ul>\n<li>Lista Libertad por Siempre: <strong>Carolina P\u00edparo &#8211; Francisco Oneto<\/strong><\/li>\n<\/ul>\n<div id=\"192015-Libre-2088252504_wrap\" class=\"embed_cont type_imagen\" contenteditable=\"false\">\n<div id=\"192015-Libre-2088252504_content\" class=\"embed_content\"><img decoding=\"async\" id=\"192015-Libre-2088252504_embed\" title=\"\" src=\"https:\/\/media.infocielo.com\/p\/bd071a37e7fdac7da5a36252ffea9f1d\/adjuntos\/299\/imagenes\/001\/665\/0001665371\/887x0\/smart\/javier-milei-carolina-piparo-francisco-onetojpg.jpg\" alt=\"\" width=\"887\" height=\"\" \/><\/div>\n<\/div>\n<h3>Frente de Izquierda y de los Trabajadores Unidad<\/h3>\n<ul>\n<li>Lista Unir y Fortalecer la Izquierda:<strong> Rub\u00e9n Dar\u00edo \u00abPollo\u00bb Sobrero &#8211; Nathalia Gonz\u00e1lez Seligra<\/strong><\/li>\n<li>Lista Unidad de Luchadores y la Izquierda:<strong> Hugo Alejandro Bodart &#8211; Jimena Lettieri<\/strong><\/li>\n<\/ul>\n<div id=\"194342-Libre-903890542_wrap\" class=\"embed_cont type_imagen\" contenteditable=\"false\">\n<div id=\"194342-Libre-903890542_content\" class=\"embed_content\"><img decoding=\"async\" id=\"194342-Libre-903890542_embed\" title=\"\" src=\"https:\/\/media.infocielo.com\/p\/b44bba49584647d0bd2b6ad3de35df7c\/adjuntos\/299\/imagenes\/001\/675\/0001675997\/887x0\/smart\/ruben-pollo-sobrero-muestra-buenos-aires.jpg\" alt=\"\" width=\"887\" height=\"\" \/><\/div>\n<\/div>\n<h3><strong>Libres del Sur <\/strong><\/h3>\n<ul>\n<li>Lista Azul y Rojo: <strong>Silvia Saravia &#8211; <\/strong><strong>Rodrigo Hern\u00e1ndez<\/strong><\/li>\n<\/ul>\n<div id=\"195190-Libre-972251070_wrap\" class=\"embed_cont type_imagen\" contenteditable=\"false\">\n<div id=\"195190-Libre-972251070_content\" class=\"embed_content\"><img decoding=\"async\" id=\"195190-Libre-972251070_embed\" title=\"\" src=\"https:\/\/media.infocielo.com\/p\/62dba0465b9f651b062fda609731e6f1\/adjuntos\/299\/imagenes\/001\/679\/0001679873\/887x0\/smart\/silvia-saraviajpg.jpg\" alt=\"\" width=\"887\" height=\"\" \/><\/div>\n<\/div>\n<h3>Principios y Valores<\/h3>\n<ul>\n<li>Lista Tierra Techo y Trabajo: <strong>Luis D&#8217;Elia &#8211; <\/strong><strong>Fabiana Beatriz Montoni<\/strong><\/li>\n<\/ul>\n<div id=\"195188-Libre-444394740_wrap\" class=\"embed_cont type_imagen\" contenteditable=\"false\">\n<div id=\"195188-Libre-444394740_content\" class=\"embed_content\"><img decoding=\"async\" id=\"195188-Libre-444394740_embed\" title=\"\" src=\"https:\/\/media.infocielo.com\/p\/7a2dccaf11b327fe41914907ae0dd133\/adjuntos\/299\/imagenes\/001\/679\/0001679871\/887x0\/smart\/luis-deliajpg.jpg\" alt=\"\" width=\"887\" height=\"\" \/><\/div>\n<\/div>\n<h3>Corriente de Pensamiento Bonaerense<\/h3>\n<ul>\n<li>Lista Corriente de Pensamiento Aut\u00e9ntica: <strong>Ernesto Claudio Ludue\u00f1a &#8211; <\/strong><strong>Paola Sabrina G\u00f3mez<\/strong><\/li>\n<\/ul>\n<div id=\"195175-Libre-1022022711_wrap\" class=\"embed_cont type_imagen\" contenteditable=\"false\">\n<div id=\"195175-Libre-1022022711_content\" class=\"embed_content\"><img decoding=\"async\" id=\"195175-Libre-1022022711_embed\" title=\"\" src=\"https:\/\/media.infocielo.com\/p\/f4a39fdc7bbd5195f947f51a381e7c3f\/adjuntos\/299\/imagenes\/001\/679\/0001679858\/887x0\/smart\/copebojpg.jpg\" alt=\"\" width=\"887\" height=\"\" \/><\/div>\n<\/div>\n<h3>Pol\u00edtica Abierta para la Integridad Social (PAIS)<\/h3>\n<ul>\n<li>Lista PAIS:<strong> Oscar H\u00e9ctor Alva &#8211; <\/strong><strong>Marina Soledad Guatta<\/strong><\/li>\n<\/ul>\n<div id=\"195176-Libre-843272230_wrap\" class=\"embed_cont type_imagen\" contenteditable=\"false\">\n<div id=\"195176-Libre-843272230_content\" class=\"embed_content\"><img decoding=\"async\" id=\"195176-Libre-843272230_embed\" title=\"\" src=\"https:\/\/media.infocielo.com\/p\/f1c278ad5acae9be6830db72e6b452fa\/adjuntos\/299\/imagenes\/001\/679\/0001679859\/887x0\/smart\/paisjpg.jpg\" alt=\"\" width=\"887\" height=\"\" \/><\/div>\n<\/div>\n<h3>Vocaci\u00f3n Social<\/h3>\n<ul>\n<li>Lista Valores y Solidaridad:<strong> Pablo Eliseo Vazquez &#8211; <\/strong><strong>Lisa Macci<\/strong><\/li>\n<\/ul>\n<div id=\"195177-Libre-1257962075_wrap\" class=\"embed_cont type_imagen\" contenteditable=\"false\">\n<div id=\"195177-Libre-1257962075_content\" class=\"embed_content\"><img decoding=\"async\" id=\"195177-Libre-1257962075_embed\" title=\"\" src=\"https:\/\/media.infocielo.com\/p\/bd1ebd163f0f0caca8ea79ea9d1b59c9\/adjuntos\/299\/imagenes\/001\/679\/0001679860\/887x0\/smart\/pablo-eliseo-vazquezjpg.jpg\" alt=\"\" width=\"887\" height=\"\" \/><\/div>\n<\/div>\n<h3>Todos por Buenos Aires<\/h3>\n<ul>\n<li>Lista TOBA:<strong> Dami\u00e1n Eduardo D\u00edaz &#8211; <\/strong><strong>Nahir Mariana Gioberchio Deneva<\/strong><\/li>\n<\/ul>\n<h3>Justicia y Dignidad Patri\u00f3tica<\/h3>\n<ul>\n<li>Lista Justicia y Dignidad<strong>: Pablo Hugo Gobbi &#8211; <\/strong><strong>Julio C\u00e9sar Archet<\/strong><\/li>\n<\/ul>\n<div id=\"195181-Libre-373903565_wrap\" class=\"embed_cont type_imagen\" contenteditable=\"false\">\n<div id=\"195181-Libre-373903565_content\" class=\"embed_content\"><img decoding=\"async\" id=\"195181-Libre-373903565_embed\" title=\"\" src=\"https:\/\/media.infocielo.com\/p\/f69aacad95c3c50ece4aec03f364cbb0\/adjuntos\/299\/imagenes\/001\/679\/0001679864\/887x0\/smart\/gobbi-archetjpg.jpg\" alt=\"\" width=\"887\" height=\"\" \/><\/div>\n<\/div>\n<h3>Partido Celeste Provida<\/h3>\n<ul>\n<li>Lista Celeste:<strong> Ayel\u00e9n Alancay &#8211; <\/strong><strong>Ra\u00fal Magnasco<\/strong><\/li>\n<\/ul>\n<div id=\"195182-Libre-294551853_wrap\" class=\"embed_cont type_imagen\" contenteditable=\"false\">\n<div id=\"195182-Libre-294551853_content\" class=\"embed_content\"><img decoding=\"async\" id=\"195182-Libre-294551853_embed\" title=\"\" src=\"https:\/\/media.infocielo.com\/p\/6fdca2bdb0b9064fcd8ff953b16e05a1\/adjuntos\/299\/imagenes\/001\/679\/0001679865\/887x0\/smart\/alancay-magnascojpg.jpg\" alt=\"\" width=\"887\" height=\"\" \/><\/div>\n<\/div>\n<h3>Movimiento de Integraci\u00f3n Federal<\/h3>\n<ul>\n<li>Lista Defendamos la Provincia<strong>: Guillermo Marcelo Baque &#8211; <\/strong><strong>Andrea Patricia Campbell<\/strong><\/li>\n<\/ul>\n<h3>Movimiento Avanzada Socialista<\/h3>\n<ul>\n<li>Lista Izquierda Anticapitalista:<strong> Soledad Victoria Yapura &#8211; <\/strong><strong>Jorge Luis Ayala<\/strong><\/li>\n<\/ul>\n<h3>Frente Patriota Federal<\/h3>\n<ul>\n<li>Lista Primero La Patria<strong>: Mario Vicente Guarnieri &#8211; <\/strong><strong>Anabella Marta Tenca<\/strong><\/li>\n<\/ul>\n<div id=\"195186-Libre-397004117_wrap\" class=\"embed_cont type_imagen\" contenteditable=\"false\">\n<div id=\"195186-Libre-397004117_content\" class=\"embed_content\"><img decoding=\"async\" id=\"195186-Libre-397004117_embed\" title=\"\" src=\"https:\/\/media.infocielo.com\/p\/95fb9663d8abc76438d9821bed534d88\/adjuntos\/299\/imagenes\/001\/679\/0001679869\/887x0\/smart\/mario-guarnierijpg.jpg\" alt=\"\" width=\"887\" height=\"\" \/><\/div>\n<\/div>\n<h3>Buenos Aires Primero<\/h3>\n<ul>\n<li>Lista \u00danica<strong>: Sergio del Milagro Braga &#8211; <\/strong><strong>Graciela Reny <\/strong><strong>Gonz\u00e1lez<\/strong><\/li>\n<\/ul>\n<h3>Pol\u00edtica Obrera<\/h3>\n<ul>\n<li>Lista Unidad Obrera:<strong> Pablo Busch &#8211; <\/strong><strong>Eva Mercedes <\/strong><strong>Guti\u00e9rrez<\/strong><\/li>\n<\/ul>\n<div id=\"195187-Libre-1997057169_wrap\" class=\"embed_cont type_imagen\" contenteditable=\"false\">\n<div id=\"195187-Libre-1997057169_content\" class=\"embed_content\"><img decoding=\"async\" id=\"195187-Libre-1997057169_embed\" title=\"\" src=\"https:\/\/media.infocielo.com\/p\/fc3e19c02374e271d1550932e603e07e\/adjuntos\/299\/imagenes\/001\/679\/0001679870\/887x0\/smart\/pablo-buschpng.png\" alt=\"\" width=\"887\" height=\"\" \/><\/div>\n<\/div>\n<h3>Unidad Social<\/h3>\n<ul>\n<li>Lista Unidad:<strong> Jos\u00e9 Antonio Canalda &#8211; <\/strong><strong>Nancy del Carmen Salvatierra<\/strong><\/li>\n<\/ul>\n<h3>Frente Federal de Acci\u00f3n Solidaria<\/h3>\n<ul>\n<li>Lista Acci\u00f3n y Solidaridad:<strong> Jaime Walter Contreras &#8211; <\/strong><strong>Esteban David Heboe<\/strong><\/li>\n<\/ul>\n<h3>Confianza P\u00fablica<\/h3>\n<ul>\n<li>Lista Valores en Acci\u00f3n:<strong> Antonio Juan Guerrero &#8211; <\/strong><strong>Liliana Beatriz Cataldi<\/strong><\/li>\n<\/ul>\n<div id=\"195191-Libre-1272722875_wrap\" class=\"embed_cont type_imagen\" contenteditable=\"false\">\n<div id=\"195191-Libre-1272722875_content\" class=\"embed_content\"><img decoding=\"async\" id=\"195191-Libre-1272722875_embed\" title=\"\" src=\"https:\/\/media.infocielo.com\/p\/bbc23dd452f796e523b654b062dc7f50\/adjuntos\/299\/imagenes\/001\/679\/0001679874\/887x0\/smart\/antonio-juan-guerrerojpg.jpg\" alt=\"\" width=\"887\" height=\"\" \/><\/div>\n<\/div>\n<h3>Proyecto Joven<\/h3>\n<ul>\n<li>Lista Frente Joven:<strong> Rosendo Cruz Pedernera &#8211; <\/strong><strong>N\u00e9lida Librada Rios<\/strong><\/li>\n<\/ul>\n<div id=\"195192-Libre-1388786211_wrap\" class=\"embed_cont type_imagen\" contenteditable=\"false\">\n<div id=\"195192-Libre-1388786211_content\" class=\"embed_content\"><img decoding=\"async\" id=\"195192-Libre-1388786211_embed\" title=\"\" src=\"https:\/\/media.infocielo.com\/p\/c4b82dcdea198c71ee883bbf1d16232c\/adjuntos\/299\/imagenes\/001\/679\/0001679875\/887x0\/smart\/rosendo-pedernerajpg.jpg\" alt=\"\" width=\"887\" height=\"\" \/><\/div>\n<\/div>\n<\/div>\n<\/section>\n","protected":false},"excerpt":{"rendered":"<p>La provincia de Buenos Aires elegir\u00e1 gobernador o gobernadora en las elecciones 2023 y la ciudadan\u00eda podr\u00e1 elegir entre 26 listas con los precandidatos que fueron aprobadas por la Junta Electoral bonaerense y que est\u00e1n en condiciones de competir en las PASO del pr\u00f3ximo 13 de agosto. As\u00ed como INFOCIELO mostr\u00f3 minuciosamente qui\u00e9nes son los [&hellip;]<\/p>\n","protected":false},"author":3,"featured_media":102781,"comment_status":"open","ping_status":"open","sticky":false,"template":"","format":"standard","meta":{"footnotes":""},"categories":[7],"tags":[],"class_list":{"0":"post-102780","1":"post","2":"type-post","3":"status-publish","4":"format-standard","5":"has-post-thumbnail","7":"category-nac"},"_links":{"self":[{"href":"https:\/\/primicias2262.com\/noticias\/wp-json\/wp\/v2\/posts\/102780","targetHints":{"allow":["GET"]}}],"collection":[{"href":"https:\/\/primicias2262.com\/noticias\/wp-json\/wp\/v2\/posts"}],"about":[{"href":"https:\/\/primicias2262.com\/noticias\/wp-json\/wp\/v2\/types\/post"}],"author":[{"embeddable":true,"href":"https:\/\/primicias2262.com\/noticias\/wp-json\/wp\/v2\/users\/3"}],"replies":[{"embeddable":true,"href":"https:\/\/primicias2262.com\/noticias\/wp-json\/wp\/v2\/comments?post=102780"}],"version-history":[{"count":1,"href":"https:\/\/primicias2262.com\/noticias\/wp-json\/wp\/v2\/posts\/102780\/revisions"}],"predecessor-version":[{"id":102782,"href":"https:\/\/primicias2262.com\/noticias\/wp-json\/wp\/v2\/posts\/102780\/revisions\/102782"}],"wp:featuredmedia":[{"embeddable":true,"href":"https:\/\/primicias2262.com\/noticias\/wp-json\/wp\/v2\/media\/102781"}],"wp:attachment":[{"href":"https:\/\/primicias2262.com\/noticias\/wp-json\/wp\/v2\/media?parent=102780"}],"wp:term":[{"taxonomy":"category","embeddable":true,"href":"https:\/\/primicias2262.com\/noticias\/wp-json\/wp\/v2\/categories?post=102780"},{"taxonomy":"post_tag","embeddable":true,"href":"https:\/\/primicias2262.com\/noticias\/wp-json\/wp\/v2\/tags?post=102780"}],"curies":[{"name":"wp","href":"https:\/\/api.w.org\/{rel}","templated":true}]}}