{"id":102783,"date":"2023-08-11T11:26:28","date_gmt":"2023-08-11T11:26:28","guid":{"rendered":"https:\/\/primicias2262.com\/noticias\/?p=102783"},"modified":"2023-08-13T20:21:45","modified_gmt":"2023-08-13T20:21:45","slug":"mas-de-88-000-ciudadanos-habilitados-para-votar-en-las-paso-de-necochea","status":"publish","type":"post","link":"https:\/\/primicias2262.com\/noticias\/mas-de-88-000-ciudadanos-habilitados-para-votar-en-las-paso-de-necochea\/","title":{"rendered":"M\u00e1s de 88.000 ciudadanos habilitados para votar en las PASO de Necochea"},"content":{"rendered":"<p><strong>Se dispondr\u00e1n 254 mesas para sufragar entre las 8 y las 18 en establecimientos educativos de nuestro distrito en esta elecci\u00f3n primaria, abierta, simult\u00e1nea y obligatoria. Los resultados de tal instancia c\u00edvica determinar\u00e1n los candidatos que quedar\u00e1n en competencia para el comicio general del pr\u00f3ximo 22 de octubre cuando se elija -en otra cita a votar- un intendente, 10 concejales y 3 consejeros escolares. Los electos asumir\u00e1n sus mandatos el 10 de diciembre. Un total de 15 listas de precandidatos se presentar\u00e1n para estos cargos locales, con tres internas que resolver\u00e1n estas PASO. Tres n\u00f3minas concurren en nombre de Juntos por el Cambio y tambi\u00e9n Uni\u00f3n por la Patria, y dos en representaci\u00f3n de la Izquierda Unida.<\/strong><\/p>\n<p><strong>Por Jorge G\u00f3mez<\/strong><\/p>\n<p>Un total de 88.264 ciudadanos est\u00e1n habilitados para votar este domingo 13 de agosto en las elecciones primarias, abiertas y obligatorias (PASO) en el distrito de Necochea, ocasi\u00f3n en que se definir\u00e1n los candidatos a intendente, concejales y consejeros escolares que competir\u00e1n por estos cargos municipales en el comicio general que tendr\u00e1 lugar el domingo 22 de octubre pr\u00f3ximo.<\/p>\n<p>Tanto la Naci\u00f3n como la Provincia de Buenos Aires realizar\u00e1n simult\u00e1neamente estas primarias, pudiendo sufragar de 8 a 18 en las 254 mesas que se habilitar\u00e1n en nuestro distrito, 4 de ellas correspondientes al padr\u00f3n de extranjeros.<\/p>\n<p>23 establecimientos educativos estar\u00e1n dispuestos para la convocatoria c\u00edvica a votar obligatoriamente. Se inform\u00f3 que estas dependencias escolares brindar\u00e1n normalmente clases el lunes 14 de agosto, tras la labor de limpieza y acondicionamiento que llevar\u00e1n adelante los auxiliares educativos al t\u00e9rmino del acto de sufragar y mientras se lleve adelante el escrutinio provisorio.<\/p>\n<p>La transmisi\u00f3n de datos del mencionado escrutinio -que ser\u00e1 provisorio hasta la oficializaci\u00f3n de los resultados definitivos- se producir\u00e1 desde los mismos establecimientos a la Junta Electoral de la Provincia de Buenos Aires (JEPBA).<\/p>\n<p>Las urnas a utilizarse se encontrar\u00e1n desde este s\u00e1bado 12 de agosto en los lugares en que se votar\u00e1 -o sea una jornada antes-, quedando en custodia de las fuerzas de seguridad. Las autoridades de mesa han sido notificadas de parte de la JEPBA, encargada de la concreci\u00f3n de estas PASO 2023.<\/p>\n<p>Un total de 15 listas de precandidatos a aquellos cargos municipales est\u00e1n inscriptas para ser parte de estas primarias, cuyas n\u00f3minas tendr\u00e1n s\u00f3lo internas en tres de los frentes electorales conocidos: Juntos por el Cambio, que promueve las precandidaturas a intendente de Dami\u00e1n Unibaso, Mart\u00edn Migueles y Mar\u00eda Eugenia Vallota; de Uni\u00f3n por la Patria (ex Frente de Todos) con las postulaciones de Mauro Vel\u00e1zquez, Marcelo Rivero y Daniel L\u00f3pez; y el Frente de Izquierda que plantea las aspiraciones a jefe comunal de Luciana Nogueira y de Silvana Andrada.<\/p>\n<p>En el cuarto oscuro tendr\u00e1n tambi\u00e9n presencia las listas de precandidaturas a presidente y vice de la Naci\u00f3n, a parlamentarios del Mercosur -distrito nacional, a senadores nacionales en representaci\u00f3n de la Provincia de Buenos Aires, a diputados nacionales por la Provincia, a parlamentarios del Mercosur -distrito regional bonaerense-, a gobernador y vice de la Provincia de Buenos Aires, a diputados provinciales por la Quinta Secci\u00f3n Electoral, y a intendente, concejales y consejeros escolares. Este \u00faltimo rengl\u00f3n -las nominaciones municipales- compartir\u00e1n una \u00fanica boleta.<\/p>\n<p>De aquel total de ciudadanos habilitados para votar este domingo 13 se los puede discriminar por planta urbana en nuestro distrito. La ciudad de Necochea informa tener para sufragar un total de 65.097 ciudadanos, escoltada por Quequ\u00e9n con 15.868, tras lo cual se ubican la localidad de Juan N. Fern\u00e1ndez con 2.651 ciudadanos, La Dulce con 1.927, Claraz con 572, y Ram\u00f3n Santamarina con 541.<\/p>\n<p>El padr\u00f3n de extranjeros residentes en el distrito de Necochea suma 1.608. Tres mesas para este segmento se habilitar\u00e1n en la sede del colegio Ikastola, en la villa balnearia local, y la restante en el CEF N\u00ba 76 de Quequ\u00e9n.<\/p>\n<p>Vale citar que en las \u00faltimas semanas la Junta Electoral bonaerense dio de baja a cuatro listas locales, tras realizar observaciones variadas al total de 19 que quedar\u00e1n inicialmente inscriptas para estas primarias.<\/p>\n<p>Culminada la elecci\u00f3n se presume que el escrutinio provisorio a conocerse este mismo domingo por la noche podr\u00eda extenderse en el tiempo, habida cuenta el importante n\u00famero de boletas para las diversas categor\u00edas que compiten por ser candidatos, tanto para el plano nacional como provincial y municipal.<\/p>\n<p>Se reitera que tendr\u00e1n primarias -o sea que resolver\u00e1n su contienda interna- s\u00f3lo tres coaliciones en Necochea: el frente Juntos por el Cambio que tiene tres aspirantes a la Intendencia, con listas encabezadas por Mart\u00edn Migueles, Mar\u00eda Vallota y Dami\u00e1n Unibaso. El primero integra la la lista s\u00e1bana que propone como precandidatos a presidente y vice a Horacio Rodr\u00edguez Larreta y Gerardo Morales, mientras que las restantes acompa\u00f1an id\u00e9ntica aspiraci\u00f3n nacional de la f\u00f3rmula Patricia Bullrich y Luis Petri.<\/p>\n<p>La otra interna que definir\u00e1 estas PASO locales ser\u00e1 de la de Uni\u00f3n por la Patria, tambi\u00e9n con tres precandidatos a jefes comunales. Ellos son Mauro Vel\u00e1zquez, Marcelo Rivero y Daniel L\u00f3pez.<\/p>\n<p>Los dos primeros estar\u00e1n en lista s\u00e1bana con la f\u00f3rmula nacional de Sergio Massa y Agust\u00edn Rossi, y el restante con la de Juan Grabois y Paula Abal Medina. Coinciden las tres en las precandidaturas a gobernador y vice de la Provincia, f\u00f3rmula integrada por Axel Kicillof y Ver\u00f3nica Magario.<\/p>\n<p>Entre la compulsa -primaria del sector- de Luciana Nogueira y Silvana Andrada resultar\u00e1 la candidata a intendente de Necochea en nombre del Frente de Izquierda de los Trabajadores.<\/p>\n<p>Ser\u00e1n 7 las restantes listas que est\u00e1n adem\u00e1s inscriptas para las PASO del domingo 13 de agosto, las que tendr\u00e1n como requisito, para acceder a la elecci\u00f3n general de octubre venidero, tan s\u00f3lo alcanzar o superar el 1,5% de los votos positivos.<\/p>\n<p>Ellas son las del oficialismo municipal de la agrupaci\u00f3n vecinal Nueva Necochea, que promueve en este 2023 la reelecci\u00f3n del intendente Arturo Rojas, como as\u00ed tambi\u00e9n la n\u00f3mina de la ACT con la precandidatura de Juan Pedro Arabarco, la Libertad Avanza con Pablo Nosek al frente de la n\u00f3mina, de Mart\u00edn Salcedo en nombre del Partido e Autonomista, Gloria Noelia Ianni por el Partido Principio y Valores, de Mabel Elizabeth Salamone en representaci\u00f3n del Partido Frente Federal de Acci\u00f3n Solidaria de la Provincia de Buenos Aires, y de Gimena Graziano por Libres del Sur.<\/p>\n<p>La definici\u00f3n de los candidatos a cargos municipales que quedar\u00e1n inscriptos para la elecci\u00f3n general del domingo 22 de octubre, definir\u00e1n tambi\u00e9n el cuadro de aspirantes nacionales y provinciales. En esa pr\u00f3xima jornada c\u00edvica se elegir\u00e1 presidente y vice de la Naci\u00f3n, y gobernador y vice de la Provincia -cargos ejecutivos-, y se renovar\u00e1 la mitad de los diversos cargos de legisladores nacionales, provinciales y comunales. Todos estos estar\u00e1n jurando mandato el 10 de diciembre.<\/p>\n<p><a href=\"https:\/\/primicias2262.com\/noticias\/wp-content\/uploads\/2023\/06\/Municipalidad_de_Necochea-scaled.jpg\"><img loading=\"lazy\" decoding=\"async\" class=\"aligncenter size-large wp-image-100281\" src=\"https:\/\/primicias2262.com\/noticias\/wp-content\/uploads\/2023\/06\/Municipalidad_de_Necochea-1024x715.jpg\" alt=\"\" width=\"696\" height=\"486\" srcset=\"https:\/\/primicias2262.com\/noticias\/wp-content\/uploads\/2023\/06\/Municipalidad_de_Necochea-1024x715.jpg 1024w, https:\/\/primicias2262.com\/noticias\/wp-content\/uploads\/2023\/06\/Municipalidad_de_Necochea-300x209.jpg 300w, https:\/\/primicias2262.com\/noticias\/wp-content\/uploads\/2023\/06\/Municipalidad_de_Necochea-768x536.jpg 768w, https:\/\/primicias2262.com\/noticias\/wp-content\/uploads\/2023\/06\/Municipalidad_de_Necochea-1536x1072.jpg 1536w, https:\/\/primicias2262.com\/noticias\/wp-content\/uploads\/2023\/06\/Municipalidad_de_Necochea-2048x1430.jpg 2048w, https:\/\/primicias2262.com\/noticias\/wp-content\/uploads\/2023\/06\/Municipalidad_de_Necochea-150x105.jpg 150w, https:\/\/primicias2262.com\/noticias\/wp-content\/uploads\/2023\/06\/Municipalidad_de_Necochea-696x486.jpg 696w, https:\/\/primicias2262.com\/noticias\/wp-content\/uploads\/2023\/06\/Municipalidad_de_Necochea-1068x746.jpg 1068w, https:\/\/primicias2262.com\/noticias\/wp-content\/uploads\/2023\/06\/Municipalidad_de_Necochea-1920x1341.jpg 1920w\" sizes=\"auto, (max-width: 696px) 100vw, 696px\" \/><\/a>En cuanto a la elecci\u00f3n de presidente y vice debe consignarse que existe la alternativa de que, al no producirse una mayor\u00eda prevista por la ley electoral, se tenga que volver a las urnas para definir s\u00f3lo estos cargos en un balotaje que est\u00e1 previsto llevar adelante el domingo 19 de noviembre.<\/p>\n<p>Iniciada este viernes 11 de agosto la veda electoral nacional y provincial, entraron a regir las prohibiciones que conlleva esta circunstancia. El inicio de esta normativa se inici\u00f3 a las 8 de este viernes y se extender\u00e1 por dos d\u00edas.<\/p>\n<p>Seg\u00fan consta en el art\u00edculo 71 del C\u00f3digo Electoral, la veda debe comenzar 48 horas antes de la apertura de los comicios. La misma finalizar\u00e1 el domingo 13 de agosto a las 21 horas, luego de que se conozcan los primeros resultados de la votaci\u00f3n.<\/p>\n<p>Quienes no cumplan con este requisito podr\u00edan ser denunciados o sancionados seg\u00fan el C\u00f3digo Electoral.<\/p>\n<p><strong>\u00bfQu\u00e9 actividades est\u00e1n prohibidas durante la veda electoral?<\/strong><\/p>\n<ul>\n<li>Las reuniones de electores o el dep\u00f3sito de armas en casas dentro de un radio de ochenta metros alrededor de las mesas donde se va a votar.<\/li>\n<li>Las fiestas teatrales, actividades deportivas, espect\u00e1culos y toda clase de reuni\u00f3n p\u00fablica que no tenga relaci\u00f3n con las elecciones.<\/li>\n<li>El expendio de bebidas alcoh\u00f3licas.<\/li>\n<li>Ofrecer boletas para votar dentro de un radio de ochenta metros de los lugares donde se sufraga.<\/li>\n<li>La portaci\u00f3n de armas, el uso de banderas, divisas u otros distintivos durante el domingo de elecciones, doce horas antes y tres horas despu\u00e9s de finalizada.<\/li>\n<li>Realizar actos p\u00fablicos proselitistas que llamen al voto.<\/li>\n<li>Abrir locales partidarios que se ubiquen dentro de un radio de ochenta metros de los lugares de votaci\u00f3n<\/li>\n<li>Publicar y difundir encuestas y sondeos preelectorales y de proyecci\u00f3n sobre el resultado<\/li>\n<\/ul>\n<p>\u00bfQu\u00e9 pasa con quienes violan la veda?<\/p>\n<p>El art\u00edculo 140 del C\u00f3digo Electoral pena a quien con enga\u00f1os u otras artima\u00f1as \u00abindujere a otro a sufragar en determinada forma o a abstenerse de hacerlo\u00bb con penas de dos meses a dos a\u00f1os de prisi\u00f3n.<\/p>\n<p>En tanto, para quien viole el secreto del sufragio, el art\u00edculo 141 prev\u00e9 un castigo de tres a\u00f1os de prisi\u00f3n.<\/p>\n<p>Adem\u00e1s, para quienes incurrieran en la publicaci\u00f3n de avisos publicitarios en medios de comunicaci\u00f3n se le aplicar\u00e1n multas que oscilan entre los $10.000 y $100.000.<\/p>\n<p>La misma sanci\u00f3n le cabr\u00eda a quienes realicen actos de campa\u00f1a fuera del plazo establecido para ese fin.<\/p>\n<p>Para los candidatos que no cumplan la veda, el castigo ser\u00e1 perder el derecho a recibir cualquier tipo de financiamiento por un plazo que var\u00eda de uno a cuatro a\u00f1os.<\/p>\n<p>\u00bfDesde cu\u00e1ndo se proh\u00edbe la venta de alcohol?<\/p>\n<p>Desde este s\u00e1bado 12 de agosto a las 20 hasta el domingo a las 21, queda prohibida la venta de cualquier clase de bebidas alcoh\u00f3licas. Las penas, en este caso, var\u00edan entre 15 d\u00edas y seis meses de prisi\u00f3n.<\/p>\n<p>Debe consignarse que un grupo de argentinos no tienen la obligaci\u00f3n de emitir su voto, aunque pueden hacerlo si lo desean. Otros est\u00e1n excluidos del Registro Nacional de Electores<\/p>\n<p>Las leyes electorales argentinas disponen que el voto en las elecciones PASO 2023 es obligatorio para las y los ciudadanos de 18 a 70 a\u00f1os.<\/p>\n<p>Sin embargo, algunos ciudadanos quedar\u00e1n exceptuados de la obligaci\u00f3n de emitir su voto, aunque podr\u00edan hacerlo si ese es su deseo.<\/p>\n<p>Las situaciones especiales en las que los electores no est\u00e1n obligados a concurrir a las urnas son:<\/p>\n<ul>\n<li>Estar a m\u00e1s de 500 kil\u00f3metros del lugar de votaci\u00f3n y tener una justificaci\u00f3n v\u00e1lida que impida el traslado.<\/li>\n<li>Estar enfermo o imposibilitado de ejercer el sufragio por motivos de fuerza mayor. En este caso tambi\u00e9n se debe presentar una justificaci\u00f3n.<\/li>\n<li>Formar parte de organismos o empresas de servicios p\u00fablicos que cumplan funciones durante el d\u00eda de la elecci\u00f3n.<\/li>\n<li>Ser juez o auxiliar y estar en funciones durante la elecci\u00f3n.<\/li>\n<\/ul>\n<p>Quienes no concurran a votar tienen que justificar su ausencia ante la Justicia Nacional Electoral. De lo contrario, deben pagar una multa. Mientras no se abone esa multa, los ciudadanos quedan registrados como infractores.<\/p>\n<p>Esto implica que no pueden hacer tr\u00e1mites durante un a\u00f1o, como obtener el pasaporte, y tampoco podr\u00e1n ser designados para desempe\u00f1ar funciones o empleos p\u00fablicos durante tres a\u00f1os a partir de la elecci\u00f3n.<\/p>\n<p>De todas maneras, las personas de entre 16 y 17 a\u00f1os y los mayores de 70 no reciben penalidades en el caso de no participar de los comicios.<\/p>\n<p>Los excluidos del Registro Nacional de Electores<\/p>\n<ul>\n<li>Los dementes, declarados como tales en juicio.<\/li>\n<li>Los condenados por delitos dolosos a pena privativa de la libertad, y, por sentencia ejecutoriada, por el t\u00e9rmino de la condena.<\/li>\n<li>Los condenados por faltas previstas en las leyes nacionales y provinciales de juegos prohibidos, por el t\u00e9rmino de tres a\u00f1os; en el caso de reincidencia, por seis.<\/li>\n<li>Los sancionados por la infracci\u00f3n de deserci\u00f3n calificada, por el doble t\u00e9rmino de la duraci\u00f3n de la sanci\u00f3n.<\/li>\n<li>Los declarados rebeldes en causa penal, hasta que cese la rebeld\u00eda o se opere la prescripci\u00f3n.<\/li>\n<li>Los inhabilitados seg\u00fan disposiciones de la Ley Org\u00e1nica de los Partidos Pol\u00edticos.<\/li>\n<li>Los que en virtud de otras prescripciones legales y reglamentarias quedaren inhabilitados para el ejercicio de los derechos pol\u00edticos.<\/li>\n<\/ul>\n<p>Por \u00faltimo, la Junta Electoral de la Provincia de Buenos Aires dispuso para el 21 de agosto -feriado nacional- a partir de las 9 el comienzo del escrutinio definitivo de las mesas de electores extranjeros que funcionar\u00e1n en el distrito bonaerense en las primarias para cargos provinciales.<\/p>\n<p>Mediante una resoluci\u00f3n publicada en el Bolet\u00edn Oficial del distrito, adem\u00e1s se estableci\u00f3 que la actividad de recinto se desarrollar\u00e1 de 9 a 13.30, y de 14.30 a 19 en las dependencias del Hip\u00f3dromo de la ciudad de La Plata, en calle 44 y 115 de La Plata.<\/p>\n","protected":false},"excerpt":{"rendered":"<p>Se dispondr\u00e1n 254 mesas para sufragar entre las 8 y las 18 en establecimientos educativos de nuestro distrito en esta elecci\u00f3n primaria, abierta, simult\u00e1nea y obligatoria. Los resultados de tal instancia c\u00edvica determinar\u00e1n los candidatos que quedar\u00e1n en competencia para el comicio general del pr\u00f3ximo 22 de octubre cuando se elija -en otra cita a [&hellip;]<\/p>\n","protected":false},"author":3,"featured_media":101995,"comment_status":"open","ping_status":"open","sticky":false,"template":"","format":"standard","meta":{"footnotes":""},"categories":[5],"tags":[],"class_list":{"0":"post-102783","1":"post","2":"type-post","3":"status-publish","4":"format-standard","5":"has-post-thumbnail","7":"category-neco"},"_links":{"self":[{"href":"https:\/\/primicias2262.com\/noticias\/wp-json\/wp\/v2\/posts\/102783","targetHints":{"allow":["GET"]}}],"collection":[{"href":"https:\/\/primicias2262.com\/noticias\/wp-json\/wp\/v2\/posts"}],"about":[{"href":"https:\/\/primicias2262.com\/noticias\/wp-json\/wp\/v2\/types\/post"}],"author":[{"embeddable":true,"href":"https:\/\/primicias2262.com\/noticias\/wp-json\/wp\/v2\/users\/3"}],"replies":[{"embeddable":true,"href":"https:\/\/primicias2262.com\/noticias\/wp-json\/wp\/v2\/comments?post=102783"}],"version-history":[{"count":4,"href":"https:\/\/primicias2262.com\/noticias\/wp-json\/wp\/v2\/posts\/102783\/revisions"}],"predecessor-version":[{"id":102802,"href":"https:\/\/primicias2262.com\/noticias\/wp-json\/wp\/v2\/posts\/102783\/revisions\/102802"}],"wp:featuredmedia":[{"embeddable":true,"href":"https:\/\/primicias2262.com\/noticias\/wp-json\/wp\/v2\/media\/101995"}],"wp:attachment":[{"href":"https:\/\/primicias2262.com\/noticias\/wp-json\/wp\/v2\/media?parent=102783"}],"wp:term":[{"taxonomy":"category","embeddable":true,"href":"https:\/\/primicias2262.com\/noticias\/wp-json\/wp\/v2\/categories?post=102783"},{"taxonomy":"post_tag","embeddable":true,"href":"https:\/\/primicias2262.com\/noticias\/wp-json\/wp\/v2\/tags?post=102783"}],"curies":[{"name":"wp","href":"https:\/\/api.w.org\/{rel}","templated":true}]}}