{"id":102785,"date":"2023-08-11T00:32:08","date_gmt":"2023-08-11T00:32:08","guid":{"rendered":"https:\/\/primicias2262.com\/noticias\/?p=102785"},"modified":"2023-08-12T21:20:58","modified_gmt":"2023-08-12T21:20:58","slug":"nadie-discute-que-la-ciudad-esta-mejor-pero-yo-quiero-que-este-mucho-mejor","status":"publish","type":"post","link":"https:\/\/primicias2262.com\/noticias\/nadie-discute-que-la-ciudad-esta-mejor-pero-yo-quiero-que-este-mucho-mejor\/","title":{"rendered":"\u00abNadie discute que la ciudad est\u00e1 mejor, pero yo quiero que est\u00e9 mucho mejor\u00bb"},"content":{"rendered":"<p>A pesar de la copiosa lluvia de esta tarde, la sede partidaria de la Agrupaci\u00f3n Vecinal Nueva Necochea se vio desbordada de almas que le dieron un ambiente fervoroso y esperanzador al cierre de campa\u00f1a de la Lista N\u00b0 895, que postula como precandidato a intendente a Arturo Rojas, en busca de su sue\u00f1o de gobernar cuatro a\u00f1os m\u00e1s los destinos de la comuna para seguir impulsado a todo el distrito en este camino de desarrollo y prosperidad.<\/p>\n<p>Con un clima inmejorable, despu\u00e9s de presentar a cada uno de los hombres y mujeres comprometidos que lo acompa\u00f1ar\u00e1n en la boleta este domingo y tambi\u00e9n en las generales de octubre, y de escuchar las palabras de algunos y algunas de ellos y ellas en representaci\u00f3n de todo un equipo que es enormemente m\u00e1s grande de las caras que lo representan circunstancialmente, fue el propio l\u00edder del espacio plural y abierto quien puso cierre a esta primera parte de la campa\u00f1a, antes de que la veda obligue a esperar por los resultados del fin de semana.<\/p>\n<p>\u201cVoy a adelantarme un poquito a lo que va a ser despu\u00e9s de las PASO, con alguna de las obras que tenemos en marcha y que vamos a estar inaugurando y que son un orgullo. La gran mayor\u00eda, m\u00e1s all\u00e1 de tener alg\u00fan componente de Provincia y Naci\u00f3n, las que nos son municipales, todas tienen tambi\u00e9n un componente de recursos que aportan ustedes, los vecinos, que son para quienes en definitiva nosotros estamos ac\u00e1: para ustedes, para gestionar para las familias, para los j\u00f3venes, para lo ni\u00f1os, para nuestros abuelos\u201d, avanz\u00f3 el Intendente sobre los anuncios que se ven\u00edan.<\/p>\n<p>Y comenz\u00f3 a enumerar, ante un aplauso que se redoblaba con cada palabra del mandatario: \u201cEntre ellas, una obra tantas veces prometida y tantas veces incumplida, que tiene que ver con la formaci\u00f3n de los valores, de los principios de nuestra juventud, y estoy hablando de la inauguraci\u00f3n que se va a ser en septiembre de la Pista de Atletismo Municipal; vamos a estar inaugurando un Centro de Desarrollo Infantil en el Barrio Municipal para que las madres puedan dejar a sus beb\u00e9s hasta los cuatro a\u00f1os\u00bb<\/p>\n<p>\u00abVamos a estar inaugurando el Jard\u00edn N\u00b0 919 que hac\u00eda 25 a\u00f1os que estaba paralizado; vamos a estar inaugurando cada uno de los Corredores Seguros para que los barrios est\u00e9n m\u00e1s iluminados; vamos a estar inaugurando m\u00e1s de cien cuadras de cord\u00f3n cuneta en Necochea, en Quequ\u00e9n y en cada una de las localidades del interior\u201d, resalt\u00f3 orgulloso el l\u00edder de Nueva Necochea.<\/p>\n<p><a href=\"https:\/\/primicias2262.com\/noticias\/wp-content\/uploads\/2023\/08\/WhatsApp-Image-2023-08-10-at-9.27.12-PM-1.jpeg\"><img loading=\"lazy\" decoding=\"async\" class=\"aligncenter size-large wp-image-102786\" src=\"https:\/\/primicias2262.com\/noticias\/wp-content\/uploads\/2023\/08\/WhatsApp-Image-2023-08-10-at-9.27.12-PM-1-1024x682.jpeg\" alt=\"\" width=\"696\" height=\"464\" srcset=\"https:\/\/primicias2262.com\/noticias\/wp-content\/uploads\/2023\/08\/WhatsApp-Image-2023-08-10-at-9.27.12-PM-1-1024x682.jpeg 1024w, https:\/\/primicias2262.com\/noticias\/wp-content\/uploads\/2023\/08\/WhatsApp-Image-2023-08-10-at-9.27.12-PM-1-300x200.jpeg 300w, https:\/\/primicias2262.com\/noticias\/wp-content\/uploads\/2023\/08\/WhatsApp-Image-2023-08-10-at-9.27.12-PM-1-768x512.jpeg 768w, https:\/\/primicias2262.com\/noticias\/wp-content\/uploads\/2023\/08\/WhatsApp-Image-2023-08-10-at-9.27.12-PM-1-1536x1023.jpeg 1536w, https:\/\/primicias2262.com\/noticias\/wp-content\/uploads\/2023\/08\/WhatsApp-Image-2023-08-10-at-9.27.12-PM-1-150x100.jpeg 150w, https:\/\/primicias2262.com\/noticias\/wp-content\/uploads\/2023\/08\/WhatsApp-Image-2023-08-10-at-9.27.12-PM-1-696x464.jpeg 696w, https:\/\/primicias2262.com\/noticias\/wp-content\/uploads\/2023\/08\/WhatsApp-Image-2023-08-10-at-9.27.12-PM-1-1068x712.jpeg 1068w, https:\/\/primicias2262.com\/noticias\/wp-content\/uploads\/2023\/08\/WhatsApp-Image-2023-08-10-at-9.27.12-PM-1.jpeg 1600w\" sizes=\"auto, (max-width: 696px) 100vw, 696px\" \/><\/a><\/p>\n<p>Como si esto fuera poco, Arturo Rojas se adelant\u00f3 a un trabajo que ser\u00e1 revolucionario para todo el Partido. \u201cVamos a estar inaugurando, entre otras cosas, porque hay muchas obras que tienen que ver con la calidad de vida y con los servicios b\u00e1sicos y elementales que venimos llevando adelante, pero los que vivimos ac\u00e1 sabemos que tenemos varias problem\u00e1ticas que han trascendido a los diferentes gobiernos que son problemas estructurales que nadie ha podido resolver, seguramente no porque no quisieran, sino porque no lograron primero ordenar la Municipalidad, y sin recursos y sin gesti\u00f3n es imposible hacer que las cosas sucedan\u201d.<\/p>\n<p>\u201cEntre las problem\u00e1ticas m\u00e1s grandes que tenemos en el distrito de Necochea tiene que ver con el tratamiento de nuestra basura, de nuestros residuos. Hace m\u00e1s de 23 a\u00f1os que en el mismo predio que est\u00e1 actualmente, y anteriormente en otro, porque no es que esta problem\u00e1tica comenz\u00f3 hace 23 a\u00f1os, viene de toda la vida, logramos firmar un convenio y se est\u00e1 construyendo, y la fecha de finalizaci\u00f3n es el 3 de octubre\u201d, asegur\u00f3 el precandidato a la reelecci\u00f3n en la Intendencia.<\/p>\n<p>\u201cEso va a representar un punto de inflexi\u00f3n en c\u00f3mo cuidamos el ambiente en nuestra ciudad\u201d, calific\u00f3, para agregar que, \u201ca partir de ah\u00ed, comenzar\u00e1n campa\u00f1as de concientizaci\u00f3n y tenemos un convenio firmado con una asociaci\u00f3n que tiene una vasta experiencia como Todo para Ellos, que transforma el pl\u00e1stico en trabajo inclusivo. Junto a ellos, vamos a estar administrando la planta de manera conjunta, potenciado ese emprendimiento y comenzando con el reciclado de otros productos\u201d.<\/p>\n<p>Sobre ese mismo lineamiento, sum\u00f3: \u201cY algo igual o m\u00e1s importante, que nunca se ha hecho para dejar de tirar en esa monta\u00f1a de 23 metros que tenemos en el basural a cielo abierto, se construyeron cavas con las membranas para la impermeabilizaci\u00f3n de nuestros suelos y el tratamiento de los l\u00edquidos lixiviados, para hacer la disposici\u00f3n final como corresponde en nuestro distrito\u201d.<\/p>\n<p>Luego de dejar esta gran noticia a la gente que se acerc\u00f3 a acompa\u00f1arlo en este cierre de campa\u00f1a, el Intendente y primer precandidato en la boleta corta color violeta, tambi\u00e9n adelant\u00f3 que \u201cestamos haciendo un obra para darle dignidad a nuestros transportistas, una gran obra que logramos gestionar ante el Ministerio de Trasporte de la Naci\u00f3n para poder hacer la remodelaci\u00f3n integral de la Playa de Camiones Municipal, pero que tambi\u00e9n, una vez finalizada, nos va a servir para algo en lo que venimos trabajando que es poder tener un Parque Industrial para aquellos empresas que decidan venir a radicarse a nuestras tierras, generando valor agregado a la producci\u00f3n primaria y, sobre todas la cosas, generando puestos de trabajo\u201d.<\/p>\n<p>Para terminar, Arturo Rojas dej\u00f3 un mensaje a los fiscales partidarios y, entre l\u00edneas, a toda la comunidad: \u201cUstedes trabajen tranquilos, que nosotros vamos a estar ac\u00e1, esper\u00e1ndolos para festejar junto a ustedes, porque el triunfo est\u00e1 asegurado\u201d.<\/p>\n<p>Y en ese contexto, \u201cquiero pedirles que ese triunfo que vamos a tener de manera contundente lo recibamos con absoluta humildad, no va a significar m\u00e1s que una responsabilidad que nos van a dar los vecinos en esta primera etapa. Despu\u00e9s tenemos que redoblar los esfuerzos porque el partido final est\u00e1 en octubre, que es donde necesito el mayor caudal de votos para que el distrito tenga la cantidad de legisladores suficientes para que me acompa\u00f1en para seguir avanzando, para seguir mejorando\u201d.<\/p>\n<p>\u201cHoy nadie discute que la ciudad est\u00e1 mejor, pero yo quiero que est\u00e9 mucho, pero mucho mejor en los pr\u00f3ximos cuatro a\u00f1os\u201d, redobl\u00f3 el desaf\u00edo el Intendente, y se despidi\u00f3 diciendo: \u201cHasta ahora, en este primer mandato, hicimos lo que ten\u00edamos que hacer. En el segundo mandato vamos a hacer lo que nadie hizo, lo que ning\u00fan gobierno hizo, que es darle dignidad a todos los que vivimos ac\u00e1 y es recuperar el orgullo de vivir en nuestra ciudad\u201d.<\/p>\n","protected":false},"excerpt":{"rendered":"<p>A pesar de la copiosa lluvia de esta tarde, la sede partidaria de la Agrupaci\u00f3n Vecinal Nueva Necochea se vio desbordada de almas que le dieron un ambiente fervoroso y esperanzador al cierre de campa\u00f1a de la Lista N\u00b0 895, que postula como precandidato a intendente a Arturo Rojas, en busca de su sue\u00f1o de [&hellip;]<\/p>\n","protected":false},"author":3,"featured_media":102787,"comment_status":"open","ping_status":"open","sticky":false,"template":"","format":"standard","meta":{"footnotes":""},"categories":[3],"tags":[],"class_list":["post-102785","post","type-post","status-publish","format-standard","has-post-thumbnail","category-masnoticias"],"_links":{"self":[{"href":"https:\/\/primicias2262.com\/noticias\/wp-json\/wp\/v2\/posts\/102785","targetHints":{"allow":["GET"]}}],"collection":[{"href":"https:\/\/primicias2262.com\/noticias\/wp-json\/wp\/v2\/posts"}],"about":[{"href":"https:\/\/primicias2262.com\/noticias\/wp-json\/wp\/v2\/types\/post"}],"author":[{"embeddable":true,"href":"https:\/\/primicias2262.com\/noticias\/wp-json\/wp\/v2\/users\/3"}],"replies":[{"embeddable":true,"href":"https:\/\/primicias2262.com\/noticias\/wp-json\/wp\/v2\/comments?post=102785"}],"version-history":[{"count":1,"href":"https:\/\/primicias2262.com\/noticias\/wp-json\/wp\/v2\/posts\/102785\/revisions"}],"predecessor-version":[{"id":102788,"href":"https:\/\/primicias2262.com\/noticias\/wp-json\/wp\/v2\/posts\/102785\/revisions\/102788"}],"wp:featuredmedia":[{"embeddable":true,"href":"https:\/\/primicias2262.com\/noticias\/wp-json\/wp\/v2\/media\/102787"}],"wp:attachment":[{"href":"https:\/\/primicias2262.com\/noticias\/wp-json\/wp\/v2\/media?parent=102785"}],"wp:term":[{"taxonomy":"category","embeddable":true,"href":"https:\/\/primicias2262.com\/noticias\/wp-json\/wp\/v2\/categories?post=102785"},{"taxonomy":"post_tag","embeddable":true,"href":"https:\/\/primicias2262.com\/noticias\/wp-json\/wp\/v2\/tags?post=102785"}],"curies":[{"name":"wp","href":"https:\/\/api.w.org\/{rel}","templated":true}]}}