{"id":102797,"date":"2023-08-11T14:36:05","date_gmt":"2023-08-11T14:36:05","guid":{"rendered":"https:\/\/primicias2262.com\/noticias\/?p=102797"},"modified":"2023-08-11T14:36:05","modified_gmt":"2023-08-11T14:36:05","slug":"para-larreta-en-el-obelisco-solo-fallecio-una-persona-de-un-infarto","status":"publish","type":"post","link":"https:\/\/primicias2262.com\/noticias\/para-larreta-en-el-obelisco-solo-fallecio-una-persona-de-un-infarto\/","title":{"rendered":"Para Larreta en el Obelisco solo \u00abfalleci\u00f3 una persona de un infarto\u00bb"},"content":{"rendered":"<p>Seg\u00fan Horacio Rodr\u00edguez Larreta, <b><a href=\"https:\/\/www.pagina12.com.ar\/576813-un-muerto-tras-la-violenta-represion-de-una-manifestacion-pa\">la muerte del militante <\/a>Facundo <a href=\"https:\/\/www.pagina12.com.ar\/576788-un-militante-que-recorrio-sudmerica-y-estuvo-varias-veces-al\">Molares <\/a>fue \u201cpor un infarto\u201d<\/b> y su fallecimiento <a href=\"https:\/\/www.pagina12.com.ar\/576664-un-hombre-murio-tras-una-represion-de-la-policia-portena-en-\">durante una represi\u00f3n de la polic\u00eda porte\u00f1a<\/a> esconde \u201cobviamente\u201d el prop\u00f3sito de <b>\u201cembarrar la cancha (para) generar m\u00e1s confusi\u00f3n y afectar las decisiones electorales\u201d<\/b> en su contra.<\/p>\n<p>La in\u00e9dita interpretaci\u00f3n del jefe de gobierno porte\u00f1o que tiene bajo su responsabilidad la Polic\u00eda de la Ciudad omiti\u00f3 el relato de testigos y c\u00e1maras de seguridad que evidencian que <b>Molares sufri\u00f3 una golpiza e intento de detenci\u00f3n durante la movilizaci\u00f3n pac\u00edfica<\/b> de la que participaba en la Plaza de la Rep\u00fablica.<\/p>\n<p><b>\u00abLo que sucedi\u00f3 fue que en el marco de una manifestaci\u00f3n falleci\u00f3 una persona de un infarto\u00bb<\/b>, dijo suelto de cuerpo el precandidato presidencial de Juntos por el Cambio adversario de Patricia Bullrich, quien tambi\u00e9n defendi\u00f3 ayer a la polic\u00eda que reprimi\u00f3.<\/p>\n<h2>\u201cLo de ayer en el Obelisco fue un infarto\u00bb<\/h2>\n<p><b>\u201cLo de ayer en el Obelisco fue un infarto<\/b>, lo dijo claramente (el titular del SAME) Alberto Crescenti, que es una eminencia como m\u00e9dico y fue muy claro sobre las causas de muerte\u201d, insisti\u00f3.<\/p>\n<p>Con esa conclusi\u00f3n de Larreta, que no aborda cu\u00e1les fueron los motivos que produjeron el infarto, no solo intent\u00f3 despegar de responsabilidades a la fuerza de seguridad que \u00e9l conduce sino que tambi\u00e9n <b>cuestion\u00f3 a la v\u00edctima, como si esta tuviera la culpa de haber muerto<\/b>\u00a0y sugiri\u00f3 la necesidad de <b>desviar la investigaci\u00f3n<\/b>.<\/p>\n<p>Con esa intenci\u00f3n puso de relieve el pasado militante de Molares: <b>\u201cHay que investigar c\u00f3mo un tipo de las FARC estaba en la Argentina, qu\u00e9 hac\u00eda alguien con ese prontuario\u201d<\/b>, afirm\u00f3.<\/p>\n<p>Luego, en su continuo af\u00e1n de minimizar la muerte de un manifestante, dijo de soslayo que <b>la v\u00edctima no fue Molares sino \u00e9l<\/b>, al sostener que \u201cel prop\u00f3sito (de este hecho) obviamente fue embarrar la cancha, generar m\u00e1s confusi\u00f3n, querer afectar las decisiones electorales\u201d.<\/p>\n<h2>En defensa de la gorra<\/h2>\n<p>En defensa de los suyos, Larreta remarc\u00f3 que <b>la Polic\u00eda de la Ciudad \u201cactu\u00f3 con total profesionalismo\u201d<\/b> al reprimir la marcha pac\u00edfica de la que participaba Molares.<\/p>\n<p>\u201cSe estaban generarndo hechos de violencia y por eso se actu\u00f3 \u2013agreg\u00f3-. La violencia es el l\u00edmite, <b>nosotros no permitimos acciones de violencia<\/b>.\u201d Sin embargo, los videos muestran que los agentes policiales avanzaron sin que hubiera ning\u00fan incidente en la manifestaci\u00f3n.<\/p>\n","protected":false},"excerpt":{"rendered":"<p>Seg\u00fan Horacio Rodr\u00edguez Larreta, la muerte del militante Facundo Molares fue \u201cpor un infarto\u201d y su fallecimiento durante una represi\u00f3n de la polic\u00eda porte\u00f1a esconde \u201cobviamente\u201d el prop\u00f3sito de \u201cembarrar la cancha (para) generar m\u00e1s confusi\u00f3n y afectar las decisiones electorales\u201d en su contra. La in\u00e9dita interpretaci\u00f3n del jefe de gobierno porte\u00f1o que tiene bajo [&hellip;]<\/p>\n","protected":false},"author":3,"featured_media":102798,"comment_status":"open","ping_status":"open","sticky":false,"template":"","format":"standard","meta":{"footnotes":""},"categories":[7],"tags":[],"class_list":{"0":"post-102797","1":"post","2":"type-post","3":"status-publish","4":"format-standard","5":"has-post-thumbnail","7":"category-nac"},"_links":{"self":[{"href":"https:\/\/primicias2262.com\/noticias\/wp-json\/wp\/v2\/posts\/102797","targetHints":{"allow":["GET"]}}],"collection":[{"href":"https:\/\/primicias2262.com\/noticias\/wp-json\/wp\/v2\/posts"}],"about":[{"href":"https:\/\/primicias2262.com\/noticias\/wp-json\/wp\/v2\/types\/post"}],"author":[{"embeddable":true,"href":"https:\/\/primicias2262.com\/noticias\/wp-json\/wp\/v2\/users\/3"}],"replies":[{"embeddable":true,"href":"https:\/\/primicias2262.com\/noticias\/wp-json\/wp\/v2\/comments?post=102797"}],"version-history":[{"count":1,"href":"https:\/\/primicias2262.com\/noticias\/wp-json\/wp\/v2\/posts\/102797\/revisions"}],"predecessor-version":[{"id":102799,"href":"https:\/\/primicias2262.com\/noticias\/wp-json\/wp\/v2\/posts\/102797\/revisions\/102799"}],"wp:featuredmedia":[{"embeddable":true,"href":"https:\/\/primicias2262.com\/noticias\/wp-json\/wp\/v2\/media\/102798"}],"wp:attachment":[{"href":"https:\/\/primicias2262.com\/noticias\/wp-json\/wp\/v2\/media?parent=102797"}],"wp:term":[{"taxonomy":"category","embeddable":true,"href":"https:\/\/primicias2262.com\/noticias\/wp-json\/wp\/v2\/categories?post=102797"},{"taxonomy":"post_tag","embeddable":true,"href":"https:\/\/primicias2262.com\/noticias\/wp-json\/wp\/v2\/tags?post=102797"}],"curies":[{"name":"wp","href":"https:\/\/api.w.org\/{rel}","templated":true}]}}