{"id":102803,"date":"2023-08-11T16:33:05","date_gmt":"2023-08-11T16:33:05","guid":{"rendered":"https:\/\/primicias2262.com\/noticias\/?p=102803"},"modified":"2023-08-12T21:36:53","modified_gmt":"2023-08-12T21:36:53","slug":"puente-rocha-la-licitacion-desierta-nos-pone-en-una-situacion-compleja-para-la-necesidad-de-su-reparacion","status":"publish","type":"post","link":"https:\/\/primicias2262.com\/noticias\/puente-rocha-la-licitacion-desierta-nos-pone-en-una-situacion-compleja-para-la-necesidad-de-su-reparacion\/","title":{"rendered":"Puente Rocha: \u201cLa licitaci\u00f3n desierta nos pone en una situaci\u00f3n compleja para la necesidad de su reparaci\u00f3n\u201d"},"content":{"rendered":"<p><strong>As\u00ed lo reconoci\u00f3 Carlos Etcheverry, titular de Vialidad Zona XII, quien en \u201cVoces de la Ciudad\u201d cont\u00f3 los pormenores de la resoluci\u00f3n de la Comisi\u00f3n de Preadjudicaci\u00f3n de Vialidad de la Provincia de Buenos Aires sobre la tercera apertura de sobres para el arreglo del Puente Dardo Rocha, en la cual se hab\u00eda presentado un oferente.<\/strong><\/p>\n<p>Luego de las primeras dos licitaciones desiertas para arreglar todo el puente, se abri\u00f3 un tercer periodo que ataba plenamente la parte met\u00e1lica del mismo, pero tampoco hubo luz verde para hacer la obra. \u201cLuego de presentarse una sola empresa para la reparaci\u00f3n parcial del puente, todo lo que tiene que ver con sus artefactos met\u00e1licos, la comisi\u00f3n opt\u00f3 por desestimar la oferta por no ser conveniente a los intereses fijados\u201d, se\u00f1al\u00f3 Etcheverry.<\/p>\n<p>En tal sentido, detall\u00f3 que \u201cel presupuesto oficial era de 360.196.487,77 millones de pesos, y la empresa cotiz\u00f3 890.890.160,50 estando un 147,33% por encima del presupuesto oficial, pero despu\u00e9s de unos d\u00edas de estudios y conclusiones la comisi\u00f3n la desestim\u00f3, y esto nos pone en una situaci\u00f3n compleja para la necesidad de reparar el puente\u201d.<\/p>\n<p>En este \u00faltimo aspecto, el titular local de Vialidad argument\u00f3 que \u201cla estructura met\u00e1lica del puente cada d\u00eda est\u00e1 en condiciones peores y en este momento estamos otra vez a foja cero y la semana que viene trataremos de coordinar algo con La Plata y ver qu\u00e9 determinaci\u00f3n se toma para esta situaci\u00f3n\u201d.<\/p>\n","protected":false},"excerpt":{"rendered":"<p>As\u00ed lo reconoci\u00f3 Carlos Etcheverry, titular de Vialidad Zona XII, quien en \u201cVoces de la Ciudad\u201d cont\u00f3 los pormenores de la resoluci\u00f3n de la Comisi\u00f3n de Preadjudicaci\u00f3n de Vialidad de la Provincia de Buenos Aires sobre la tercera apertura de sobres para el arreglo del Puente Dardo Rocha, en la cual se hab\u00eda presentado un [&hellip;]<\/p>\n","protected":false},"author":3,"featured_media":101451,"comment_status":"open","ping_status":"open","sticky":false,"template":"","format":"standard","meta":{"footnotes":""},"categories":[3],"tags":[],"class_list":["post-102803","post","type-post","status-publish","format-standard","has-post-thumbnail","category-masnoticias"],"_links":{"self":[{"href":"https:\/\/primicias2262.com\/noticias\/wp-json\/wp\/v2\/posts\/102803","targetHints":{"allow":["GET"]}}],"collection":[{"href":"https:\/\/primicias2262.com\/noticias\/wp-json\/wp\/v2\/posts"}],"about":[{"href":"https:\/\/primicias2262.com\/noticias\/wp-json\/wp\/v2\/types\/post"}],"author":[{"embeddable":true,"href":"https:\/\/primicias2262.com\/noticias\/wp-json\/wp\/v2\/users\/3"}],"replies":[{"embeddable":true,"href":"https:\/\/primicias2262.com\/noticias\/wp-json\/wp\/v2\/comments?post=102803"}],"version-history":[{"count":3,"href":"https:\/\/primicias2262.com\/noticias\/wp-json\/wp\/v2\/posts\/102803\/revisions"}],"predecessor-version":[{"id":102810,"href":"https:\/\/primicias2262.com\/noticias\/wp-json\/wp\/v2\/posts\/102803\/revisions\/102810"}],"wp:featuredmedia":[{"embeddable":true,"href":"https:\/\/primicias2262.com\/noticias\/wp-json\/wp\/v2\/media\/101451"}],"wp:attachment":[{"href":"https:\/\/primicias2262.com\/noticias\/wp-json\/wp\/v2\/media?parent=102803"}],"wp:term":[{"taxonomy":"category","embeddable":true,"href":"https:\/\/primicias2262.com\/noticias\/wp-json\/wp\/v2\/categories?post=102803"},{"taxonomy":"post_tag","embeddable":true,"href":"https:\/\/primicias2262.com\/noticias\/wp-json\/wp\/v2\/tags?post=102803"}],"curies":[{"name":"wp","href":"https:\/\/api.w.org\/{rel}","templated":true}]}}