{"id":102805,"date":"2023-08-12T16:42:13","date_gmt":"2023-08-12T16:42:13","guid":{"rendered":"https:\/\/primicias2262.com\/noticias\/?p=102805"},"modified":"2023-08-13T20:22:40","modified_gmt":"2023-08-13T20:22:40","slug":"sergio-melgarejo-nos-encontramos-con-que-se-quemo-un-80-de-la-radio","status":"publish","type":"post","link":"https:\/\/primicias2262.com\/noticias\/sergio-melgarejo-nos-encontramos-con-que-se-quemo-un-80-de-la-radio\/","title":{"rendered":"Sergio Melgarejo: \u201cNos encontramos con que se quem\u00f3 un 80% de la radio\u201d"},"content":{"rendered":"<p><strong>El locutor y titular del medio radiof\u00f3nico \u201cFolclore Necochea\u201d, cont\u00f3 c\u00f3mo fue afectado el lugar de transmisi\u00f3n tras el fen\u00f3meno meteorol\u00f3gico del jueves que dej\u00f3 sin luz a un sector de la ciudad y en su caso se llev\u00f3 la peor parte.<\/strong><\/p>\n<p>Tras la consulta del periodista Jorge G\u00f3mez en \u201cVoces de la Ciudad\u201d, Melgarejo se\u00f1al\u00f3 que vive en la calle 102 del barrio 9 de Julio y describi\u00f3 que \u201canoche despu\u00e9s de las 19 (en referencia a la lluvia del jueves) me avis\u00f3 mi hijo que se cort\u00f3 toda la luz con una explosi\u00f3n y dem\u00e1s dentro del estudio de la radio \u201cFolclore Necochea\u201d 106.9, que lo tenemos ah\u00ed mismo\u201d.<\/p>\n<p>Si bien, primero esperaron hasta que se restableci\u00f3 el servicio en todos los barrios de la zona, 9 de julio, Tilos y Fonavi, luego Melgarejo oberv\u00f3 que en su casa no volv\u00eda la luz y se comunic\u00f3 con la Usina. \u201cVino personal de la UPC y me dijeron que la luz llegaba hasta el medidor, para adentro nada, y hoy cuando restablecimos todo con un electricista que nos asiste siempre, nos encontramos con que se hab\u00eda quemado un 80% de la radio\u201d.<\/p>\n<p>En ese aspecto, el locutor detall\u00f3 que resultaron quemadas dos computadoras, consolas, l h\u00edbrido telef\u00f3nico y los televisores\u201d Estamos evaluando qu\u00e9 pasos seguir porque est\u00e1 la parte econ\u00f3mica y despu\u00e9s restablecer todo nuevamente\u201d, lament\u00f3.<\/p>\n<p>Al finalizar, Sergio se\u00f1al\u00f3 que a vecinos del barrio les han sucedido situaciones parecidas, y justo en ese momento \u00e9l no estaba en su vivienda: \u201cEstaba mi hijo, que estaba operando en la radio y dijo que fue una explosi\u00f3n tremenda, y ah\u00ed se cort\u00f3 toda la luz\u201d, concluy\u00f3.<\/p>\n","protected":false},"excerpt":{"rendered":"<p>El locutor y titular del medio radiof\u00f3nico \u201cFolclore Necochea\u201d, cont\u00f3 c\u00f3mo fue afectado el lugar de transmisi\u00f3n tras el fen\u00f3meno meteorol\u00f3gico del jueves que dej\u00f3 sin luz a un sector de la ciudad y en su caso se llev\u00f3 la peor parte. Tras la consulta del periodista Jorge G\u00f3mez en \u201cVoces de la Ciudad\u201d, Melgarejo [&hellip;]<\/p>\n","protected":false},"author":3,"featured_media":102807,"comment_status":"open","ping_status":"open","sticky":false,"template":"","format":"standard","meta":{"footnotes":""},"categories":[3],"tags":[],"class_list":["post-102805","post","type-post","status-publish","format-standard","has-post-thumbnail","category-masnoticias"],"_links":{"self":[{"href":"https:\/\/primicias2262.com\/noticias\/wp-json\/wp\/v2\/posts\/102805","targetHints":{"allow":["GET"]}}],"collection":[{"href":"https:\/\/primicias2262.com\/noticias\/wp-json\/wp\/v2\/posts"}],"about":[{"href":"https:\/\/primicias2262.com\/noticias\/wp-json\/wp\/v2\/types\/post"}],"author":[{"embeddable":true,"href":"https:\/\/primicias2262.com\/noticias\/wp-json\/wp\/v2\/users\/3"}],"replies":[{"embeddable":true,"href":"https:\/\/primicias2262.com\/noticias\/wp-json\/wp\/v2\/comments?post=102805"}],"version-history":[{"count":1,"href":"https:\/\/primicias2262.com\/noticias\/wp-json\/wp\/v2\/posts\/102805\/revisions"}],"predecessor-version":[{"id":102806,"href":"https:\/\/primicias2262.com\/noticias\/wp-json\/wp\/v2\/posts\/102805\/revisions\/102806"}],"wp:featuredmedia":[{"embeddable":true,"href":"https:\/\/primicias2262.com\/noticias\/wp-json\/wp\/v2\/media\/102807"}],"wp:attachment":[{"href":"https:\/\/primicias2262.com\/noticias\/wp-json\/wp\/v2\/media?parent=102805"}],"wp:term":[{"taxonomy":"category","embeddable":true,"href":"https:\/\/primicias2262.com\/noticias\/wp-json\/wp\/v2\/categories?post=102805"},{"taxonomy":"post_tag","embeddable":true,"href":"https:\/\/primicias2262.com\/noticias\/wp-json\/wp\/v2\/tags?post=102805"}],"curies":[{"name":"wp","href":"https:\/\/api.w.org\/{rel}","templated":true}]}}