{"id":102811,"date":"2023-08-12T21:24:28","date_gmt":"2023-08-12T21:24:28","guid":{"rendered":"https:\/\/primicias2262.com\/noticias\/?p=102811"},"modified":"2023-08-12T21:24:28","modified_gmt":"2023-08-12T21:24:28","slug":"paso-2023-programa-especial-de-voces-de-la-ciudad-por-vinilo-fm-y-por-la-tv-de-agenda-necochense","status":"publish","type":"post","link":"https:\/\/primicias2262.com\/noticias\/paso-2023-programa-especial-de-voces-de-la-ciudad-por-vinilo-fm-y-por-la-tv-de-agenda-necochense\/","title":{"rendered":"PASO 2023: programa especial de Voces de la Ciudad por Vinilo FM y por la TV de Agenda Necochense"},"content":{"rendered":"<p>Al cierre de las PASO, este domingo 13 de agosto desde las 17.30 se pondr\u00e1 en el aire de radio y televisi\u00f3n un programa especial para dar cuenta del escrutinio provisorio que resulten de las elecciones primarias locales.<\/p>\n<p>A trav\u00e9s de la se\u00f1al de radio de Vinilo FM, 103,5 Mhz y por la frecuencia de TV de la programaci\u00f3n de Agenda Necochense (agendanecochense.com, y por el canal 730 de WoPlay) el programa de noticias Voces de la Ciudad realizar\u00e1 este domingo 13 de agosto pr\u00f3ximo un especial magazine informativo desde las 17.30, previo al cierre de las urnas que estar\u00e1n habilitadas para sufragar en las elecciones primarias, abiertas, simult\u00e1neas y obligatorias (PASO) a concretarse en dicha jornada.<\/p>\n<p>Y con la ampliaci\u00f3n de la oferta de trabajo de noticias electorales que se extender\u00e1 hasta entrada la noche, con pormenores y una amplia cobertura del escrutinio que tendr\u00e1 lugar en forma provisoria en el partido de Necochea, como as\u00ed tambi\u00e9n dando cuentas de las novedades que resultar\u00edan desde los diferentes sucesos electorales que surjan de la zona, en la Provincia de Buenos Aires y a nivel nacional.<\/p>\n<p>Un grupo de periodistas, cronistas y productores, con la conducci\u00f3n de Jorge G\u00f3mez desde el piso del estudio de Voces de la Ciudad, estar\u00e1 en el aire radial de Necochea y Quequ\u00e9n a trav\u00e9s de la citada se\u00f1al de VINILO FM, 103.5 MHz, como as\u00ed accediendo a la programaci\u00f3n de televisi\u00f3n en vivo de Agenda Necochense (streaming con el mismo nombre y por el canal 730 de Woplay)<\/p>\n<p>A ello se le a\u00f1ade que se podr\u00e1 sintonizar este programa especial previsto para el venidero domingo de elecciones sintonizando, adem\u00e1s, las redes de la web de www.vinilofm.com.ar, www.agendanecochense.com, y de www.vocesdelaciudad.net.ar, e ingresando a los muros de Facebook live de Voces de la Ciudad, de Jorge G\u00f3mez y de Primicias2262, con imagen y sonido.<\/p>\n<p>Asimismo se podr\u00e1 seguir este programa de noticias por la web y por las redes sociales de La voz del Quequ\u00e9n, FM 89.3, al igual que por FM Estudio de Juan N. Fern\u00e1ndez, en la frecuencia modulada de 101.1 de aquella localidad.<\/p>\n","protected":false},"excerpt":{"rendered":"<p>Al cierre de las PASO, este domingo 13 de agosto desde las 17.30 se pondr\u00e1 en el aire de radio y televisi\u00f3n un programa especial para dar cuenta del escrutinio provisorio que resulten de las elecciones primarias locales. A trav\u00e9s de la se\u00f1al de radio de Vinilo FM, 103,5 Mhz y por la frecuencia de [&hellip;]<\/p>\n","protected":false},"author":3,"featured_media":102701,"comment_status":"open","ping_status":"open","sticky":false,"template":"","format":"standard","meta":{"footnotes":""},"categories":[5],"tags":[],"class_list":{"0":"post-102811","1":"post","2":"type-post","3":"status-publish","4":"format-standard","5":"has-post-thumbnail","7":"category-neco"},"_links":{"self":[{"href":"https:\/\/primicias2262.com\/noticias\/wp-json\/wp\/v2\/posts\/102811","targetHints":{"allow":["GET"]}}],"collection":[{"href":"https:\/\/primicias2262.com\/noticias\/wp-json\/wp\/v2\/posts"}],"about":[{"href":"https:\/\/primicias2262.com\/noticias\/wp-json\/wp\/v2\/types\/post"}],"author":[{"embeddable":true,"href":"https:\/\/primicias2262.com\/noticias\/wp-json\/wp\/v2\/users\/3"}],"replies":[{"embeddable":true,"href":"https:\/\/primicias2262.com\/noticias\/wp-json\/wp\/v2\/comments?post=102811"}],"version-history":[{"count":1,"href":"https:\/\/primicias2262.com\/noticias\/wp-json\/wp\/v2\/posts\/102811\/revisions"}],"predecessor-version":[{"id":102812,"href":"https:\/\/primicias2262.com\/noticias\/wp-json\/wp\/v2\/posts\/102811\/revisions\/102812"}],"wp:featuredmedia":[{"embeddable":true,"href":"https:\/\/primicias2262.com\/noticias\/wp-json\/wp\/v2\/media\/102701"}],"wp:attachment":[{"href":"https:\/\/primicias2262.com\/noticias\/wp-json\/wp\/v2\/media?parent=102811"}],"wp:term":[{"taxonomy":"category","embeddable":true,"href":"https:\/\/primicias2262.com\/noticias\/wp-json\/wp\/v2\/categories?post=102811"},{"taxonomy":"post_tag","embeddable":true,"href":"https:\/\/primicias2262.com\/noticias\/wp-json\/wp\/v2\/tags?post=102811"}],"curies":[{"name":"wp","href":"https:\/\/api.w.org\/{rel}","templated":true}]}}