{"id":102813,"date":"2023-08-12T21:35:48","date_gmt":"2023-08-12T21:35:48","guid":{"rendered":"https:\/\/primicias2262.com\/noticias\/?p=102813"},"modified":"2023-08-14T04:04:38","modified_gmt":"2023-08-14T04:04:38","slug":"dieron-inicio-a-nuevos-entrenamientos-municipales-de-personas-con-discapacidad","status":"publish","type":"post","link":"https:\/\/primicias2262.com\/noticias\/dieron-inicio-a-nuevos-entrenamientos-municipales-de-personas-con-discapacidad\/","title":{"rendered":"Dieron inicio a nuevos entrenamientos municipales de personas con discapacidad"},"content":{"rendered":"<p><strong>En el marco del Programa Promover la Igualdad de Oportunidad de Empleo, a partir del corriente mes comienzan cinco nuevos entrenamientos en diferentes \u00e1reas municipales.<\/strong><\/p>\n<p>Uno de los casos es el de Jonathan Luna, quien cumplir\u00e1 sus funciones en el Centro Barrial \u201cEl Encuentro\u201d, mientras que Alfredo Rodr\u00edguez se sumar\u00e1 tambi\u00e9n con alguna actividad, habiendo iniciado en su caso el entrenamiento en el pasado mes de abril.<\/p>\n<p>Cada proyecto, vale destacar, es coordinado entre la Direcci\u00f3n de Discapacidad y la Oficina de Empleo, en articulaci\u00f3n con dem\u00e1s instituciones, como por ejemplo las Escuelas de Modalidad Especial. Se recuerda adem\u00e1s que cada proyecto tiene una duraci\u00f3n de ocho meses y reciben un incentivo econ\u00f3mico por parte del MTSSyE de la Naci\u00f3n.<\/p>\n<p>Las empresas que est\u00e9n interesadas en interiorizarse de este programa y poder incorporar personas con discapacidad pueden solicitar informaci\u00f3n a oenecochea@gmail.com y\u00a0<a href=\"mailto:necocheadiscapacidad@gmail.com\">necocheadiscapacidad@gmail.com<\/a>\u00a0.<\/p>\n<p>&nbsp;<\/p>\n","protected":false},"excerpt":{"rendered":"<p>En el marco del Programa Promover la Igualdad de Oportunidad de Empleo, a partir del corriente mes comienzan cinco nuevos entrenamientos en diferentes \u00e1reas municipales. Uno de los casos es el de Jonathan Luna, quien cumplir\u00e1 sus funciones en el Centro Barrial \u201cEl Encuentro\u201d, mientras que Alfredo Rodr\u00edguez se sumar\u00e1 tambi\u00e9n con alguna actividad, habiendo [&hellip;]<\/p>\n","protected":false},"author":3,"featured_media":102814,"comment_status":"open","ping_status":"open","sticky":false,"template":"","format":"standard","meta":{"footnotes":""},"categories":[3],"tags":[],"class_list":["post-102813","post","type-post","status-publish","format-standard","has-post-thumbnail","category-masnoticias"],"_links":{"self":[{"href":"https:\/\/primicias2262.com\/noticias\/wp-json\/wp\/v2\/posts\/102813","targetHints":{"allow":["GET"]}}],"collection":[{"href":"https:\/\/primicias2262.com\/noticias\/wp-json\/wp\/v2\/posts"}],"about":[{"href":"https:\/\/primicias2262.com\/noticias\/wp-json\/wp\/v2\/types\/post"}],"author":[{"embeddable":true,"href":"https:\/\/primicias2262.com\/noticias\/wp-json\/wp\/v2\/users\/3"}],"replies":[{"embeddable":true,"href":"https:\/\/primicias2262.com\/noticias\/wp-json\/wp\/v2\/comments?post=102813"}],"version-history":[{"count":1,"href":"https:\/\/primicias2262.com\/noticias\/wp-json\/wp\/v2\/posts\/102813\/revisions"}],"predecessor-version":[{"id":102815,"href":"https:\/\/primicias2262.com\/noticias\/wp-json\/wp\/v2\/posts\/102813\/revisions\/102815"}],"wp:featuredmedia":[{"embeddable":true,"href":"https:\/\/primicias2262.com\/noticias\/wp-json\/wp\/v2\/media\/102814"}],"wp:attachment":[{"href":"https:\/\/primicias2262.com\/noticias\/wp-json\/wp\/v2\/media?parent=102813"}],"wp:term":[{"taxonomy":"category","embeddable":true,"href":"https:\/\/primicias2262.com\/noticias\/wp-json\/wp\/v2\/categories?post=102813"},{"taxonomy":"post_tag","embeddable":true,"href":"https:\/\/primicias2262.com\/noticias\/wp-json\/wp\/v2\/tags?post=102813"}],"curies":[{"name":"wp","href":"https:\/\/api.w.org\/{rel}","templated":true}]}}