{"id":102816,"date":"2023-08-12T21:43:09","date_gmt":"2023-08-12T21:43:09","guid":{"rendered":"https:\/\/primicias2262.com\/noticias\/?p=102816"},"modified":"2023-08-12T21:43:09","modified_gmt":"2023-08-12T21:43:09","slug":"dolar-que-pasara-en-el-mercado-de-cambios-el-dia-despues-de-las-paso","status":"publish","type":"post","link":"https:\/\/primicias2262.com\/noticias\/dolar-que-pasara-en-el-mercado-de-cambios-el-dia-despues-de-las-paso\/","title":{"rendered":"D\u00f3lar: qu\u00e9 pasar\u00e1 en el mercado de cambios el d\u00eda despu\u00e9s de las PASO"},"content":{"rendered":"<p>La incertidumbre en la\u00a0<strong><a href=\"https:\/\/www.ambito.com\/politica\/elecciones-2023\/calendario-electoral-2023-cuando-se-vota-presidente-la-argentina-n5635610\" target=\"_blank\" rel=\"follow noopener\">previa electoral<\/a><\/strong>\u00a0se ve reflejada en las distintas cotizaciones del<strong>\u00a0mercado de cambios<\/strong>. En el \u00faltimo mes, el\u00a0<strong><a href=\"https:\/\/www.ambito.com\/contenidos\/dolar.html\" target=\"_blank\" rel=\"follow noopener\">d\u00f3lar blue<\/a><\/strong>\u00a0subi\u00f3 m\u00e1s de<strong>\u00a0$100\u00a0<\/strong>y est\u00e1 a un paso de los<strong>\u00a0$600,<\/strong>\u00a0al igual que el\u00a0<strong>Contado con Liqui (CCL)<\/strong>. A su vez, el\u00a0<strong>Banco Central<\/strong>\u00a0<strong>(BCRA)\u00a0<\/strong>aceler\u00f3 el ritmo del<strong>\u00a0crawling peg<\/strong>\u00a0del tipo de cambio oficial, al tiempo que mantiene la intervenci\u00f3n en el<strong>\u00a0<a href=\"https:\/\/www.ambito.com\/finanzas\/dolar-mep-cuanto-le-cuesta-al-banco-central-mantener-raya-el-tipo-cambio-n5790768\" target=\"_blank\" rel=\"follow noopener\">d\u00f3lar MEP<\/a><\/strong>\u00a0para sostener el precio.<\/p>\n<p>El cambio en la estrategia del<strong>\u00a0BCRA<\/strong>\u00a0en la actualizaci\u00f3n de los precios del\u00a0<strong>d\u00f3lar oficial<\/strong>\u00a0justo antes de las\u00a0<strong>elecciones primarias (PASO)<\/strong>\u00a0parecer\u00eda confirmarse a lo largo de esta semana, cuando la aceleraci\u00f3n del<strong>\u00a0d\u00f3lar blue<\/strong>\u00a0fue acompa\u00f1ada por la\u00a0<strong>devaluaci\u00f3n del peso<\/strong>. Sin embargo, varios analistas ponen en duda que esto se sostenga despu\u00e9s del 13 de agosto.<\/p>\n<article class=\"article-body article-body--third-paragraph content-protected-false\">En ese contexto de volatilidad cambiaria ante un\u00a0<strong><a href=\"https:\/\/www.ambito.com\/politica\/elecciones-2023\/donde-voto-consulta-el-padron-electoral-n5572993\" target=\"_blank\" rel=\"follow noopener\">proceso electoral<\/a><\/strong>, lo cual, dicho sea de paso, se ha tornado dram\u00e1tico para la<strong>\u00a0estabilidad econ\u00f3mica<\/strong>\u00a0del pa\u00eds<strong>,\u00a0<\/strong>tanto pre y post\u00a0<strong>elecciones<\/strong>,\u00a0<strong>\u00c1mbito<\/strong>\u00a0consult\u00f3 a varios economistas de las principales\u00a0<strong>consultoras\u00a0<\/strong>de la City sobre los\u00a0<strong>posibles escenarios<\/strong>\u00a0para el\u00a0<strong>mercado cambiario<\/strong>\u00a0el d\u00eda despu\u00e9s de<strong><a href=\"https:\/\/www.ambito.com\/politica\/elecciones-2023-estos-son-los-candidatos-presidenciales-confirmados-n5664630\" target=\"_blank\" rel=\"follow noopener\">\u00a0las PASO<\/a><\/strong>.<\/p>\n<\/article>\n<article class=\"article-body article-body--fourth-paragraph content-protected-false\"><strong>D\u00f3lar oficial: ajustarlo a rega\u00f1adientes<\/strong><\/p>\n<p><strong>Camilo Tiscornia<\/strong>, de\u00a0<strong>C&amp;T Consultores<\/strong>, comenta que, si bien realizar pron\u00f3sticos se torna \u201c<strong>extremadamente complicado<\/strong>\u201d, debido a las caracter\u00edsticas propias de la situaci\u00f3n \u201cda la impresi\u00f3n de que el<strong>\u00a0tipo de cambio oficial<\/strong>\u00a0est\u00e1 siendo ajustado m\u00e1s r\u00e1pidamente\u201d.<\/p>\n<p><strong>Tiscornia<\/strong>\u00a0sostiene que, en este punto, el Gobierno enfrenta una\u00a0<strong>\u201ctensi\u00f3n<\/strong>\u201d puesto que \u201c<strong>no le gusta tener que moverlo r\u00e1pidamente<\/strong>\u00a0y por eso no quieren pegar el salto que por ah\u00ed est\u00e1\u00a0<strong>demandando el FMI<\/strong>\u201d, y adem\u00e1s advierte: \u201cMe parece que\u00a0<strong>no van a poder frenarlo m\u00e1s<\/strong>\u00a0y, ya en agosto, lo est\u00e1n subiendo m\u00e1s r\u00e1pido de lo que lo hac\u00edan en julio, as\u00ed que, por ah\u00ed, yo creo que van a seguir tratando de controlarlo y evitar el salto. Considero que esa es la intenci\u00f3n del Gobierno en cuanto al\u00a0<strong>tipo de cambio oficial<\/strong>\u201d.<\/p>\n<p>El economista adem\u00e1s indica que la posibilidad de que el Gobierno tenga en seguir \u201ccontrolando\u201d esa cotizaci\u00f3n depender\u00e1, en gran parte, \u201c<strong>del resultado de las elecciones<\/strong>\u201d, el cual \u201cva a influir mucho en los\u00a0<strong>tipos de cambio<\/strong>\u00a0financieros\u201d y en donde entra a jugar lo pol\u00edtico y la<strong>\u00a0mirada del mercado<\/strong>.<\/p>\n<\/article>\n","protected":false},"excerpt":{"rendered":"<p>La incertidumbre en la\u00a0previa electoral\u00a0se ve reflejada en las distintas cotizaciones del\u00a0mercado de cambios. En el \u00faltimo mes, el\u00a0d\u00f3lar blue\u00a0subi\u00f3 m\u00e1s de\u00a0$100\u00a0y est\u00e1 a un paso de los\u00a0$600,\u00a0al igual que el\u00a0Contado con Liqui (CCL). A su vez, el\u00a0Banco Central\u00a0(BCRA)\u00a0aceler\u00f3 el ritmo del\u00a0crawling peg\u00a0del tipo de cambio oficial, al tiempo que mantiene la intervenci\u00f3n en el\u00a0d\u00f3lar [&hellip;]<\/p>\n","protected":false},"author":3,"featured_media":101919,"comment_status":"open","ping_status":"open","sticky":false,"template":"","format":"standard","meta":{"footnotes":""},"categories":[7],"tags":[],"class_list":{"0":"post-102816","1":"post","2":"type-post","3":"status-publish","4":"format-standard","5":"has-post-thumbnail","7":"category-nac"},"_links":{"self":[{"href":"https:\/\/primicias2262.com\/noticias\/wp-json\/wp\/v2\/posts\/102816","targetHints":{"allow":["GET"]}}],"collection":[{"href":"https:\/\/primicias2262.com\/noticias\/wp-json\/wp\/v2\/posts"}],"about":[{"href":"https:\/\/primicias2262.com\/noticias\/wp-json\/wp\/v2\/types\/post"}],"author":[{"embeddable":true,"href":"https:\/\/primicias2262.com\/noticias\/wp-json\/wp\/v2\/users\/3"}],"replies":[{"embeddable":true,"href":"https:\/\/primicias2262.com\/noticias\/wp-json\/wp\/v2\/comments?post=102816"}],"version-history":[{"count":1,"href":"https:\/\/primicias2262.com\/noticias\/wp-json\/wp\/v2\/posts\/102816\/revisions"}],"predecessor-version":[{"id":102817,"href":"https:\/\/primicias2262.com\/noticias\/wp-json\/wp\/v2\/posts\/102816\/revisions\/102817"}],"wp:featuredmedia":[{"embeddable":true,"href":"https:\/\/primicias2262.com\/noticias\/wp-json\/wp\/v2\/media\/101919"}],"wp:attachment":[{"href":"https:\/\/primicias2262.com\/noticias\/wp-json\/wp\/v2\/media?parent=102816"}],"wp:term":[{"taxonomy":"category","embeddable":true,"href":"https:\/\/primicias2262.com\/noticias\/wp-json\/wp\/v2\/categories?post=102816"},{"taxonomy":"post_tag","embeddable":true,"href":"https:\/\/primicias2262.com\/noticias\/wp-json\/wp\/v2\/tags?post=102816"}],"curies":[{"name":"wp","href":"https:\/\/api.w.org\/{rel}","templated":true}]}}