{"id":102822,"date":"2023-08-12T21:54:26","date_gmt":"2023-08-12T21:54:26","guid":{"rendered":"https:\/\/primicias2262.com\/noticias\/?p=102822"},"modified":"2023-08-12T21:54:26","modified_gmt":"2023-08-12T21:54:26","slug":"los-menores-detenidos-por-el-crimen-del-cirujano-en-moron-fueron-indagados-uno-de-ellos-hablo-ante-el-fiscal","status":"publish","type":"post","link":"https:\/\/primicias2262.com\/noticias\/los-menores-detenidos-por-el-crimen-del-cirujano-en-moron-fueron-indagados-uno-de-ellos-hablo-ante-el-fiscal\/","title":{"rendered":"Los menores detenidos por el crimen del cirujano en Mor\u00f3n fueron indagados: uno de ellos habl\u00f3 ante el fiscal"},"content":{"rendered":"<p>Este s\u00e1bado fueron indagados los adolescentes de\u00a0<b>16 y 17 a\u00f1os<\/b>\u00a0detenidos por el crimen del cirujano\u00a0<b>Juan Carlos Cruz (51)<\/b>, asesinado el jueves de un tiro a quemarropa en la cabeza por tres delincuentes que lo abordaron para robarle su Fiat Cronos rojo mientras ingresaba a la casa de su madre en Mor\u00f3n.<\/p>\n<p>Ambos se presentaron ante el fiscal de Menores N\u00b02 de Mor\u00f3n,\u00a0<b>Pablo Cabrejas<\/b>, quien se hizo cargo del expediente luego de las primeras investigaciones de su colega\u00a0<b>Mat\u00edas Rappazzo<\/b>\u00a0\u2014de la UFI N\u00b07 de la jurisdicci\u00f3n\u2014. Fuentes judiciales se\u00f1alaron a\u00a0<b>Infobae<\/b>\u00a0que uno de ellos decidi\u00f3 hablar.<\/p>\n<p>Seg\u00fan supo este medio, el menor en cuesti\u00f3n se defendi\u00f3 de las sospechas en su contra. \u201cRefiri\u00f3 que no tiene nada que ver con el hecho,\u00a0<b>dijo que es inocente<\/b>\u201d, aseguraron las fuentes y agregaron que durante la audiencia\u00a0<b>no acept\u00f3 responder preguntas del fiscal<\/b>\u00a0\u201chasta que su defensor pueda tomar mejor contacto con la causa\u201d. En tanto,\u00a0<b>el otro acusado se neg\u00f3 a declarar<\/b>.<\/p>\n<p>Una vez concluidas las indagatorias, la Justicia formaliz\u00f3 las detenciones de ambos. De esa manera, los sospechosos quedaron imputados por los delitos de\u00a0<b>robo agravado por el empleo de arma de fuego y homicidio criminis causae<\/b>\u00a0(es decir, matar para preparar, facilitar, consumar u ocultar otro delito, en este caso el robo, o para asegurar sus resultados o procurar la impunidad). Esa calificaci\u00f3n prev\u00e9 como \u00fanica pena la\u00a0<b>prisi\u00f3n perpetua<\/b>.<\/p>\n<p class=\"paragraph\" data-mrf-recirculation=\"Links inline\">La primera de las detenciones, la del presunto asesino de 17 a\u00f1os, se produjo\u00a0<b>ayer por la tarde<\/b>\u00a0<b>tras una serie de allanamientos<\/b>\u00a0en el municipio bonaerense y en el marco de una investigaci\u00f3n iniciada por la fiscal\u00eda N\u00b07 junto a la DDI de Mor\u00f3n, la Sub DDI Castelar Sur y la Comisar\u00eda 1\u00b0 de Mor\u00f3n de la Polic\u00eda Bonaerense.<\/p>\n<p class=\"paragraph\" data-mrf-recirculation=\"Links inline\">Por su parte, el segundo sospechoso \u2014que ya estaba en la mira de los investigadores\u2014\u00a0<b>se entreg\u00f3 esta madrugada<\/b>, de acuerdo con lo que confirmaron hoy fuentes judiciales a\u00a0<b>Infobae<\/b>. Por el momento, faltar\u00eda dar con el tercer sospechoso al que se ve tambi\u00e9n en las filmaciones.<\/p>\n<p class=\"paragraph\" data-mrf-recirculation=\"Links inline\">Justamente, las im\u00e1genes de las c\u00e1maras de seguridad resultaron clave para identificar a los detenidos. A trav\u00e9s de los videos se los distingui\u00f3 por la vestimenta. De hecho,\u00a0<b>uno de ellos fue identificado gracias a la gorra que llev\u00f3 en el asalto, la misma que us\u00f3 en redes sociales, donde se mostraba con armas.<\/b><\/p>\n<p data-mrf-recirculation=\"Links inline\">\n","protected":false},"excerpt":{"rendered":"<p>Este s\u00e1bado fueron indagados los adolescentes de\u00a016 y 17 a\u00f1os\u00a0detenidos por el crimen del cirujano\u00a0Juan Carlos Cruz (51), asesinado el jueves de un tiro a quemarropa en la cabeza por tres delincuentes que lo abordaron para robarle su Fiat Cronos rojo mientras ingresaba a la casa de su madre en Mor\u00f3n. Ambos se presentaron ante [&hellip;]<\/p>\n","protected":false},"author":3,"featured_media":102823,"comment_status":"open","ping_status":"open","sticky":false,"template":"","format":"standard","meta":{"footnotes":""},"categories":[7],"tags":[],"class_list":{"0":"post-102822","1":"post","2":"type-post","3":"status-publish","4":"format-standard","5":"has-post-thumbnail","7":"category-nac"},"_links":{"self":[{"href":"https:\/\/primicias2262.com\/noticias\/wp-json\/wp\/v2\/posts\/102822","targetHints":{"allow":["GET"]}}],"collection":[{"href":"https:\/\/primicias2262.com\/noticias\/wp-json\/wp\/v2\/posts"}],"about":[{"href":"https:\/\/primicias2262.com\/noticias\/wp-json\/wp\/v2\/types\/post"}],"author":[{"embeddable":true,"href":"https:\/\/primicias2262.com\/noticias\/wp-json\/wp\/v2\/users\/3"}],"replies":[{"embeddable":true,"href":"https:\/\/primicias2262.com\/noticias\/wp-json\/wp\/v2\/comments?post=102822"}],"version-history":[{"count":1,"href":"https:\/\/primicias2262.com\/noticias\/wp-json\/wp\/v2\/posts\/102822\/revisions"}],"predecessor-version":[{"id":102824,"href":"https:\/\/primicias2262.com\/noticias\/wp-json\/wp\/v2\/posts\/102822\/revisions\/102824"}],"wp:featuredmedia":[{"embeddable":true,"href":"https:\/\/primicias2262.com\/noticias\/wp-json\/wp\/v2\/media\/102823"}],"wp:attachment":[{"href":"https:\/\/primicias2262.com\/noticias\/wp-json\/wp\/v2\/media?parent=102822"}],"wp:term":[{"taxonomy":"category","embeddable":true,"href":"https:\/\/primicias2262.com\/noticias\/wp-json\/wp\/v2\/categories?post=102822"},{"taxonomy":"post_tag","embeddable":true,"href":"https:\/\/primicias2262.com\/noticias\/wp-json\/wp\/v2\/tags?post=102822"}],"curies":[{"name":"wp","href":"https:\/\/api.w.org\/{rel}","templated":true}]}}