{"id":102830,"date":"2023-08-13T20:20:47","date_gmt":"2023-08-13T20:20:47","guid":{"rendered":"https:\/\/primicias2262.com\/noticias\/?p=102830"},"modified":"2023-08-14T15:42:19","modified_gmt":"2023-08-14T15:42:19","slug":"este-domingo-13-de-agosto-se-cumplen-35-anos-de-la-tragica-muerte-de-coco-taraborelli","status":"publish","type":"post","link":"https:\/\/primicias2262.com\/noticias\/este-domingo-13-de-agosto-se-cumplen-35-anos-de-la-tragica-muerte-de-coco-taraborelli\/","title":{"rendered":"Este domingo 13 de agosto se  cumplieron 35 a\u00f1os de la tr\u00e1gica muerte de \u201cCoco\u201d Taraborelli"},"content":{"rendered":"<p><strong>Por Jorge G\u00f3mez<\/strong><\/p>\n<p>Este domingo 13 de agosto -d\u00eda de las elecciones primarias- se estar\u00e1n cumpliendo 35 a\u00f1os de la desaparici\u00f3n f\u00edsica del ex intendente municipal de Necochea, Domingo Jos\u00e9 Taraborelli, quien falleci\u00f3 tr\u00e1gicamente en la ruta 88, a pocos kil\u00f3metros de Quequ\u00e9n, chocando el auto en el que viajaba con un cami\u00f3n.<\/p>\n<p>Junto con aquel jefe comunal tambi\u00e9n dejaron de existir tres docentes que estaban haciendo dedo. A pocos kil\u00f3metros del hecho luctuoso hab\u00edan subido al auto de \u201cCoco\u201d, apodo de Taraborelli. La colisi\u00f3n frontal result\u00f3 letal. Tan s\u00f3lo sobrevivi\u00f3 el chofer del cami\u00f3n.<\/p>\n<p>Los restos de quien fuera jefe comunal local, oriundo de las filas del Partido Justicialista, fueron posteriormente velados en el hall de la Municipalidad.<\/p>\n<p>Y frente a sus restos desfil\u00f3, en ese invierno de 1988, la totalidad del arco pol\u00edtico de Necochea, al igual que dirigentes de la zona, de la provincia y de actuaci\u00f3n nacional. Un amigo pol\u00edtico y personal de \u201cCoco\u201d estuvo en aquella despedida: el por entonces vicegobernador bonaerense, el tandilense Luis Mar\u00eda Macaya.<\/p>\n<p>Previamente a ser inhumados en el Cementerio local los restos de, el f\u00e9retro con sus restos fue trasladado hasta la Parroquia de Nuestra Se\u00f1ora de Nueva Pompeya -Barrio Capuchinos-, donde el padre Raimundo Ferster, conocido adherente al pensamiento peronista, ofici\u00f3 una misa, ante la sostenida congoja de los presentes.<\/p>\n<p>Desde all\u00ed se observ\u00f3 la partida del cortejo f\u00fanebre hacia el cementerio, en un recorrido donde miles de vecinos lo despidieron, en im\u00e1genes conmovedoras de lo que signific\u00f3 el v\u00ednculo de nuestra sociedad con quien hab\u00eda sido su intendente.<\/p>\n<p>Domingo Jos\u00e9 Taraborelli fue el primer intendente municipal de Necochea electo tras el paso de la \u00faltima dictadura militar. El 30 de octubre de 1983 las urnas lo consagraron como tal, en nombre del peronismo, frente al aluvi\u00f3n que signific\u00f3 por entonces la consagraci\u00f3n nacional del ex presidente Ra\u00fal Alfons\u00edn (UCR).<\/p>\n<p>\u201cCoco\u201d se impuso en ese comicio local superando en n\u00famero de votos al radical Omar Di N\u00e1poli y al ex jefe comunal, en representaci\u00f3n del Partido Intransigente, don Edgardo Hugo Yelpo.<\/p>\n<p>Cuatro a\u00f1os despu\u00e9s, en 1987, Taraborelli fue reelecto como intendente de Necochea y no pas\u00f3 un a\u00f1o de iniciado ese segundo mandato que fue cuando encontr\u00f3 la muerte en la ruta 88.<\/p>\n<p>Hab\u00eda nacido en la ciudad de Tres Arroyos, el 30 de diciembre de 1942 y a los pocos meses su familia se instal\u00f3 en Necochea. Hizo su formaci\u00f3n educativa primaria y secundaria por aqu\u00ed, tras lo cual estudio Derecho, siendo fundador de la Asociaci\u00f3n de Abogados local.<br \/>\nSe lo recuerda, adem\u00e1s, como asesor letrado de gremios, del Ministerio de Trabajo local, y asimismo como miembro de la comisi\u00f3n de redactores del anteproyecto de Ley de Contrato de Trabajo en 1973.<\/p>\n<p>El nombre de Domingo Jos\u00e9 Taraborelli le fue impuesto a\u00f1os atr\u00e1s al sal\u00f3n de actos de la Municipalidad de Necochea, al igual que al Hospital Subzonal Especializado en Neurolog\u00eda (depende de la Provincia de Buenos Aires), al Centro Cultural Municipal (donde se emplaza, entre otras dependencias, la Escuela de Artes), y al puente que une ambas m\u00e1rgenes del R\u00edo Quequ\u00e9n, a la altura del paraje \u201cLos Manantiales\u201d.<\/p>\n","protected":false},"excerpt":{"rendered":"<p>Por Jorge G\u00f3mez Este domingo 13 de agosto -d\u00eda de las elecciones primarias- se estar\u00e1n cumpliendo 35 a\u00f1os de la desaparici\u00f3n f\u00edsica del ex intendente municipal de Necochea, Domingo Jos\u00e9 Taraborelli, quien falleci\u00f3 tr\u00e1gicamente en la ruta 88, a pocos kil\u00f3metros de Quequ\u00e9n, chocando el auto en el que viajaba con un cami\u00f3n. Junto con [&hellip;]<\/p>\n","protected":false},"author":3,"featured_media":102831,"comment_status":"open","ping_status":"open","sticky":false,"template":"","format":"standard","meta":{"footnotes":""},"categories":[3],"tags":[],"class_list":["post-102830","post","type-post","status-publish","format-standard","has-post-thumbnail","category-masnoticias"],"_links":{"self":[{"href":"https:\/\/primicias2262.com\/noticias\/wp-json\/wp\/v2\/posts\/102830","targetHints":{"allow":["GET"]}}],"collection":[{"href":"https:\/\/primicias2262.com\/noticias\/wp-json\/wp\/v2\/posts"}],"about":[{"href":"https:\/\/primicias2262.com\/noticias\/wp-json\/wp\/v2\/types\/post"}],"author":[{"embeddable":true,"href":"https:\/\/primicias2262.com\/noticias\/wp-json\/wp\/v2\/users\/3"}],"replies":[{"embeddable":true,"href":"https:\/\/primicias2262.com\/noticias\/wp-json\/wp\/v2\/comments?post=102830"}],"version-history":[{"count":3,"href":"https:\/\/primicias2262.com\/noticias\/wp-json\/wp\/v2\/posts\/102830\/revisions"}],"predecessor-version":[{"id":102881,"href":"https:\/\/primicias2262.com\/noticias\/wp-json\/wp\/v2\/posts\/102830\/revisions\/102881"}],"wp:featuredmedia":[{"embeddable":true,"href":"https:\/\/primicias2262.com\/noticias\/wp-json\/wp\/v2\/media\/102831"}],"wp:attachment":[{"href":"https:\/\/primicias2262.com\/noticias\/wp-json\/wp\/v2\/media?parent=102830"}],"wp:term":[{"taxonomy":"category","embeddable":true,"href":"https:\/\/primicias2262.com\/noticias\/wp-json\/wp\/v2\/categories?post=102830"},{"taxonomy":"post_tag","embeddable":true,"href":"https:\/\/primicias2262.com\/noticias\/wp-json\/wp\/v2\/tags?post=102830"}],"curies":[{"name":"wp","href":"https:\/\/api.w.org\/{rel}","templated":true}]}}