{"id":102833,"date":"2023-08-13T20:58:15","date_gmt":"2023-08-13T20:58:15","guid":{"rendered":"https:\/\/primicias2262.com\/noticias\/?p=102833"},"modified":"2023-08-13T20:58:15","modified_gmt":"2023-08-13T20:58:15","slug":"como-justificar-el-no-voto-asi-podes-hacer-el-tramite","status":"publish","type":"post","link":"https:\/\/primicias2262.com\/noticias\/como-justificar-el-no-voto-asi-podes-hacer-el-tramite\/","title":{"rendered":"C\u00f3mo justificar el no voto: as\u00ed pod\u00e9s hacer el tr\u00e1mite"},"content":{"rendered":"<p>Tanto en las\u00a0<b><a href=\"https:\/\/www.pagina12.com.ar\/566152-paso-2023-cual-es-la-mejor-hora-para-ir-a-votar\">PASO 2023<\/a><\/b>\u00a0como en las\u00a0<b>elecciones generales<\/b>\u00a0y un\u00a0<b>eventual balotaje<\/b>, hay electores o electoras que est\u00e1n\u00a0<b>exentos a la obligaci\u00f3n de votar<\/b>. Si bien todos los ciudadanos que tengan 18 a\u00f1os o m\u00e1s a la fecha de los comicios tienen el derecho y el deber c\u00edvico de sufragar<b>, hay personas que no est\u00e1n obligadas a hacerlo.<\/b><\/p>\n<p>Desde la\u00a0<b>Direcci\u00f3n Nacional Electoral<\/b>\u00a0indican que el voto es\u00a0<b>universal, igual, secreto, libre y obligatorio<\/b>, aunque aclaran que el ejercicio es tambi\u00e9n para quienes tienen 16 y 17 a\u00f1os y para los mayores de 70, aunque quienes tengan esas edades no ser\u00e1n incluidos en el\u00a0<b><a href=\"https:\/\/infractores.padron.gob.ar\/\" target=\"_blank\" rel=\"noopener\">Registro de Infractores<\/a><\/b>\u00a0al deber de votar en caso de no emitir el sufragio.<\/p>\n<h2>Qu\u00e9 justificativo hay para no votar<\/h2>\n<p>Los ciudadanos que<b>\u00a0no tienen obligaci\u00f3n de votar,<\/b>\u00a0pero si lo desean pueden hacerlo, son los siguientes:<\/p>\n<ul>\n<li><b>Jueces, juezas y auxiliares<\/b>\u00a0que el d\u00eda de la elecci\u00f3n est\u00e9n afectados a los comicios.<\/li>\n<li>Los ciudadanos que el d\u00eda de la elecci\u00f3n se encuentren a\u00a0<b>m\u00e1s de 500 kil\u00f3metros de distancia<\/b>\u00a0del lugar donde deban votar y justifiquen que el alejamiento obedece a motivos razonables.<\/li>\n<li><b>Personal de organismos o empresas de servicios p\u00fablicos<\/b>\u00a0que por razones atinentes a su cumplimiento deban realizar tareas que le impidan asistir al comicio durante su desarrollo. En este caso, el empleador o su representante legal comunicar\u00e1 al Ministerio del Interior la n\u00f3mina respectiva con diez d\u00edas de anticipaci\u00f3n a la fecha de la elecci\u00f3n, expidiendo, por separado, la pertinente certificaci\u00f3n.<\/li>\n<li><b>Quienes por razones de trabajo deban estar ocupados durante las horas del acto electoral<\/b>, tienen derecho a obtener por parte de sus empleadores una licencia especial que les permita concurrir a emitir su voto y, eventualmente, desempe\u00f1ar funciones en el comicio, sin que ello implique una deducci\u00f3n del salario ni recarga horaria posterior.<\/li>\n<li>Las personas que est\u00e1n\u00a0<b>enfermas o imposibilitadas por causas de fuerza mayor<\/b>\u00a0que les impide asistir al acto. Debe estar comprobado y ser justificado en primer t\u00e9rmino por m\u00e9dicos del servicio de sanidad nacional. En su defecto, deber\u00e1n ser revisados por m\u00e9dicos oficiales, provinciales o municipales. En \u00faltima instancia, deber\u00e1n ser observados por m\u00e9dicos particulares.<\/li>\n<\/ul>\n<div><iframe id=\"749708130\" title=\"Justificaci\u00f3n de la no emisi\u00f3n del voto\" src=\"https:\/\/www.youtube.com\/embed\/xwmVjAJIZHw?enablejsapi=1&amp;origin=https%3A%2F%2Fwww.pagina12.com.ar\" frameborder=\"0\" allowfullscreen=\"allowfullscreen\" data-gtm-yt-inspected-7250694_100=\"true\" data-gtm-yt-inspected-19=\"true\" data-mce-fragment=\"1\"><\/iframe><\/div>\n<h2>\u00bfQui\u00e9nes no est\u00e1n habilitados para votar?<\/h2>\n<p>Los ciudadanos que est\u00e1n excluidos del Registro Nacional de Electores son los siguientes:<\/p>\n<ul>\n<li>Los\u00a0<b>dementes\u00a0<\/b>declarados tales en juicio.<\/li>\n<li>Los\u00a0<b>condenados por delitos dolosos a pena privativa de la libertad<\/b>, y, por sentencia ejecutoriada, por el t\u00e9rmino de la condena.<\/li>\n<li>Los\u00a0<b>condenados por faltas previstas en las leyes nacionales y provinciales de juegos prohibidos<\/b>, por el t\u00e9rmino de tres a\u00f1os; en el caso de reincidencia, por seis.<\/li>\n<li>Los sancionados por la infracci\u00f3n de\u00a0<b>deserci\u00f3n calificada<\/b>, por el doble t\u00e9rmino de la duraci\u00f3n de la sanci\u00f3n.<\/li>\n<li>Los declarados\u00a0<b>rebeldes en causa penal<\/b>, hasta que cese la rebeld\u00eda o se opere la prescripci\u00f3n.<\/li>\n<li>Los\u00a0<b>inhabilitados\u00a0<\/b>seg\u00fan disposiciones de la Ley Org\u00e1nica de los Partidos Pol\u00edticos.<\/li>\n<li>Los que en virtud de otras prescripciones legales y reglamentarias quedaren\u00a0<b>inhabilitados para el ejercicio de los derechos pol\u00edticos<\/b>.<\/li>\n<\/ul>\n","protected":false},"excerpt":{"rendered":"<p>Tanto en las\u00a0PASO 2023\u00a0como en las\u00a0elecciones generales\u00a0y un\u00a0eventual balotaje, hay electores o electoras que est\u00e1n\u00a0exentos a la obligaci\u00f3n de votar. Si bien todos los ciudadanos que tengan 18 a\u00f1os o m\u00e1s a la fecha de los comicios tienen el derecho y el deber c\u00edvico de sufragar, hay personas que no est\u00e1n obligadas a hacerlo. Desde [&hellip;]<\/p>\n","protected":false},"author":3,"featured_media":102311,"comment_status":"open","ping_status":"open","sticky":false,"template":"","format":"standard","meta":{"footnotes":""},"categories":[7],"tags":[],"class_list":{"0":"post-102833","1":"post","2":"type-post","3":"status-publish","4":"format-standard","5":"has-post-thumbnail","7":"category-nac"},"_links":{"self":[{"href":"https:\/\/primicias2262.com\/noticias\/wp-json\/wp\/v2\/posts\/102833","targetHints":{"allow":["GET"]}}],"collection":[{"href":"https:\/\/primicias2262.com\/noticias\/wp-json\/wp\/v2\/posts"}],"about":[{"href":"https:\/\/primicias2262.com\/noticias\/wp-json\/wp\/v2\/types\/post"}],"author":[{"embeddable":true,"href":"https:\/\/primicias2262.com\/noticias\/wp-json\/wp\/v2\/users\/3"}],"replies":[{"embeddable":true,"href":"https:\/\/primicias2262.com\/noticias\/wp-json\/wp\/v2\/comments?post=102833"}],"version-history":[{"count":1,"href":"https:\/\/primicias2262.com\/noticias\/wp-json\/wp\/v2\/posts\/102833\/revisions"}],"predecessor-version":[{"id":102834,"href":"https:\/\/primicias2262.com\/noticias\/wp-json\/wp\/v2\/posts\/102833\/revisions\/102834"}],"wp:featuredmedia":[{"embeddable":true,"href":"https:\/\/primicias2262.com\/noticias\/wp-json\/wp\/v2\/media\/102311"}],"wp:attachment":[{"href":"https:\/\/primicias2262.com\/noticias\/wp-json\/wp\/v2\/media?parent=102833"}],"wp:term":[{"taxonomy":"category","embeddable":true,"href":"https:\/\/primicias2262.com\/noticias\/wp-json\/wp\/v2\/categories?post=102833"},{"taxonomy":"post_tag","embeddable":true,"href":"https:\/\/primicias2262.com\/noticias\/wp-json\/wp\/v2\/tags?post=102833"}],"curies":[{"name":"wp","href":"https:\/\/api.w.org\/{rel}","templated":true}]}}