{"id":102847,"date":"2023-08-14T02:43:33","date_gmt":"2023-08-14T02:43:33","guid":{"rendered":"https:\/\/primicias2262.com\/noticias\/?p=102847"},"modified":"2023-08-14T16:40:54","modified_gmt":"2023-08-14T16:40:54","slug":"rivero-candidato-a-intendente-tenemos-que-trabajar-ahora-en-la-unidad-de-todo-el-espacio-de-union-por-la-patria","status":"publish","type":"post","link":"https:\/\/primicias2262.com\/noticias\/rivero-candidato-a-intendente-tenemos-que-trabajar-ahora-en-la-unidad-de-todo-el-espacio-de-union-por-la-patria\/","title":{"rendered":"Rivero candidato a intendente: \u201cTenemos que trabajar ahora en la unidad de todo el espacio de Uni\u00f3n por la Patria\u201d"},"content":{"rendered":"<p><strong>El ganador de la interna de Uni\u00f3n por la Patria en Necochea, Marcelo \u201cChelo\u201d Rivero, asegur\u00f3 que tomaron el triunfo en las PASO con mucha mesura y humildad y sobre sus contrincantes, Mauro Vel\u00e1zquez y Daniel \u201cYanqui\u201d L\u00f3pez, manifest\u00f3 que \u201chay que trabajar en forma conjunta de cara a octubre porque somos todos necesarios\u201d.<\/strong><\/p>\n<p>Con m\u00e1s del 80% de las mesas escrutadas y una tendencia que ya estaba muy marcada, Marcelo \u201cChelo\u201d Rivero asumi\u00f3 su triunfo en la interna de las elecciones PASO en el espacio de Uni\u00f3n por la Patria, sobre los precandidatos Mauro Vel\u00e1zquez y Daniel \u201cYanqui\u201d L\u00f3pez, y ser\u00e1 el candidato a intendente del peronismo.<\/p>\n<p>Desde el seno del Partido Justicialista en 7 y 61, Rivero dej\u00f3 las diferencias de lado y reflexion\u00f3 que \u201ctenemos que trabajar ahora en la unidad de todo el espacio de Uni\u00f3n por la Patria\u201d, tras lo cual valor\u00f3 que \u201cnosotros nos propusimos participar de las PASO desde el peronismo que hac\u00eda mucho tiempo no participaba, lo hicimos y ganamos, y para nosotros es una alegr\u00eda enorme porque significa que el peronismo tiene de nuevo la posibilidad de representar a su propio espacio\u201d.<\/p>\n<p><a href=\"https:\/\/primicias2262.com\/noticias\/wp-content\/uploads\/2023\/07\/chelo-river.jpg\"><img loading=\"lazy\" decoding=\"async\" class=\"aligncenter size-full wp-image-101829\" src=\"https:\/\/primicias2262.com\/noticias\/wp-content\/uploads\/2023\/07\/chelo-river.jpg\" alt=\"\" width=\"880\" height=\"512\" srcset=\"https:\/\/primicias2262.com\/noticias\/wp-content\/uploads\/2023\/07\/chelo-river.jpg 880w, https:\/\/primicias2262.com\/noticias\/wp-content\/uploads\/2023\/07\/chelo-river-300x175.jpg 300w, https:\/\/primicias2262.com\/noticias\/wp-content\/uploads\/2023\/07\/chelo-river-768x447.jpg 768w, https:\/\/primicias2262.com\/noticias\/wp-content\/uploads\/2023\/07\/chelo-river-150x87.jpg 150w, https:\/\/primicias2262.com\/noticias\/wp-content\/uploads\/2023\/07\/chelo-river-696x405.jpg 696w\" sizes=\"auto, (max-width: 880px) 100vw, 880px\" \/><\/a><\/p>\n<p>No obstante, no se alej\u00f3 del mensaje de la unidad: \u201cAnticip\u00e9 que \u00edbamos a estar festejando el domingo por la noche, pero con mucha mesura y humildad, ahora prima el llamamiento a la unidad de todos los sectores, de la lista N\u00ba 4 de Mauro Vel\u00e1zquez, que es un compa\u00f1ero con el que tenemos que trabajar juntos, al igual que con Daniel \u201cYanqui\u201d L\u00f3pez, resalt\u00f3, y manifest\u00f3 sobre \u00e9ste \u00faltimo que \u201crecib\u00ed su mensaje reconociendo nuestro triunfo y poni\u00e9ndose a disposici\u00f3n para trabajar todos juntos para la pr\u00f3xima contienda electoral de octubre\u201d.<\/p>\n<p>Seguidamente, el \u201cChelo\u201d insisti\u00f3 en que \u201cel mensaje que le quiero transmitir a la sociedad es que no ha y ganadores y perdedores, sino que tenemos que estar todos unidos de cara a la elecci\u00f3n de octubre para defender al peronismo, para defender a Axel (Kicillof) gobernador y que el peronismo vuelva a tener una propuesta para ganar en el distrito de Necochea, todos juntos\u201d.<\/p>\n<p>Por ello, breg\u00f3 \u201ccon mucha humildad por un llamado a la unidad a las otras dos listas que tambi\u00e9n participaron, que no pudieron alzarse con el triunfo pero tenemos que trabajar en forma conjunta para que la Uni\u00f3n por la Patria sea m\u00e1s grande y podamos ganar en octubre, somos todos necesarios\u201d.<\/p>\n<p>Finalmente, el presidente del PJ subray\u00f3 puertas adentro de su estructura que \u201chay un equipo muy grande de trabajo que hace mucho tiempo que viene trabajando y hoy se han portado maravillosamente bien, tengo un agradecimiento enorme\u00a0 a todos los fiscales que trabajaron, a los que llevaban la comida a los fiscales, y a los militantes del peronismo que forman parte de la lista n\u00ba 2\u201d.<\/p>\n<p><strong>El Yanqui L\u00f3pez asegur\u00f3 que apoyar\u00e1n a Rivero: \u201cConsideramos que hicimos una buena elecci\u00f3n y estamos para aportar\u201d<\/strong><\/p>\n<p>As\u00ed lo defini\u00f3 uno de los precandidatos a intendente de Uni\u00f3n por la Patria, Daniel \u201cYanqui\u201d L\u00f3pez, quien reconoci\u00f3 el triunfo en la interna de Marcelo \u201cChelo\u201d Rivero y habl\u00f3 de redoblar esfuerzos y militancia para tratar de convencer a la gente, que a nivel nacional se inclin\u00f3 mayoritariamente por el candidato de La Libertad Avanza, Javier Milei.<\/p>\n<p>En di\u00e1logo con el periodista Jorge G\u00f3mez en la transmisi\u00f3n especial del domingo pos elecciones PASO, el \u201cYanqui\u201d -tercero en la contienda con Rivero y Mauro Vel\u00e1zquez- se\u00f1al\u00f3 antes que nada que \u201cle mand\u00e9 un mensaje al Chelo, a Juli\u00e1n Kristiansen y Evangelina Almada, envi\u00e1ndole mis felicitaciones porque las urnas los eligieron en Uni\u00f3n por la Patria y correspond\u00eda felicitarlos\u201d.<\/p>\n<p><a href=\"https:\/\/primicias2262.com\/noticias\/wp-content\/uploads\/2023\/06\/YANQUI-y-ANDERSEN.jpg\"><img loading=\"lazy\" decoding=\"async\" class=\"aligncenter size-full wp-image-100403\" src=\"https:\/\/primicias2262.com\/noticias\/wp-content\/uploads\/2023\/06\/YANQUI-y-ANDERSEN.jpg\" alt=\"\" width=\"850\" height=\"514\" srcset=\"https:\/\/primicias2262.com\/noticias\/wp-content\/uploads\/2023\/06\/YANQUI-y-ANDERSEN.jpg 850w, https:\/\/primicias2262.com\/noticias\/wp-content\/uploads\/2023\/06\/YANQUI-y-ANDERSEN-300x181.jpg 300w, https:\/\/primicias2262.com\/noticias\/wp-content\/uploads\/2023\/06\/YANQUI-y-ANDERSEN-768x464.jpg 768w, https:\/\/primicias2262.com\/noticias\/wp-content\/uploads\/2023\/06\/YANQUI-y-ANDERSEN-150x91.jpg 150w, https:\/\/primicias2262.com\/noticias\/wp-content\/uploads\/2023\/06\/YANQUI-y-ANDERSEN-696x421.jpg 696w\" sizes=\"auto, (max-width: 850px) 100vw, 850px\" \/><\/a><\/p>\n<p>En tanto, reflexion\u00f3 de su primera participaci\u00f3n como candidato que \u201cdesde nuestro espacio, pasamos la transformaci\u00f3n de un movimiento social a una experiencia pol\u00edtico electoral y dentro de la interna de algo muy grande como el peronismo, por lo que consideramos que hicimos una buena elecci\u00f3n y que estamos para aportar\u2026 lo que uno dice antes lo sostiene con el diario del lunes tambi\u00e9n: lo importante era que la gente fuese a votar, nos guste o no lo que vota\u201d.<\/p>\n<p>En ese aspecto, analiz\u00f3 L\u00f3pez que \u201cen la \u00faltima entrevista habl\u00e1bamos sobre el posible ausentismo electoral y por suerte eso no existi\u00f3, pero s\u00ed la gente se volc\u00f3 masivamente hacia listas que est\u00e1n en las ant\u00edpodas de mi pensamiento ideol\u00f3gico (en referencia a Javier Milei), pero m\u00e1s all\u00e1 de eso, estoy contento con que la gente haya concurrido a votar\u201d.<\/p>\n<p>Por lo tanto, el \u201cYanqui\u201d se\u00f1al\u00f3 que \u201cfelicit\u00e9 al ganador de la interna de Uni\u00f3n por la Patria pero tambi\u00e9n corresponder\u00eda felicitar al intendente Arturo Rojas y la muy buena elecci\u00f3n de Pablo Nosek (candidato de Milei), m\u00e1s all\u00e1 de que jam\u00e1s estar\u00eda en el espacio de Javier Milei ni me pone contento que Milei saque esa cantidad de votos\u2026 lo que s\u00ed me llama a la reflexi\u00f3n es que mi espacio pol\u00edtico, todo Uni\u00f3n por la Patria en conjunto y el m\u00edo personal,\u00a0 tiene que crecer, trabajar y tener humildad para revertir ese enojo que tienen los argentinos con nuestro espacio\u201d.<\/p>\n<p>Para concluir, L\u00f3pez \u00a0redonde\u00f3 que \u201chicimos una buena elecci\u00f3n y no nos sentimos defraudados, vamos a festejar igual a pesar de no haber ganado las PASO, ya que hemos armado un colectivo de militancia muy bueno que nos llena de esperanzas a futuro\u201d, aclarando que \u201cacompa\u00f1aremos como debe ser, si participamos en una elecci\u00f3n no importa el resultado, hay que acompa\u00f1ar\u201d.<\/p>\n<p><strong>FOTO de tapa: Alerta Alejandro<\/strong><\/p>\n","protected":false},"excerpt":{"rendered":"<p>El ganador de la interna de Uni\u00f3n por la Patria en Necochea, Marcelo \u201cChelo\u201d Rivero, asegur\u00f3 que tomaron el triunfo en las PASO con mucha mesura y humildad y sobre sus contrincantes, Mauro Vel\u00e1zquez y Daniel \u201cYanqui\u201d L\u00f3pez, manifest\u00f3 que \u201chay que trabajar en forma conjunta de cara a octubre porque somos todos necesarios\u201d. Con [&hellip;]<\/p>\n","protected":false},"author":3,"featured_media":102859,"comment_status":"open","ping_status":"open","sticky":false,"template":"","format":"standard","meta":{"footnotes":""},"categories":[3],"tags":[],"class_list":["post-102847","post","type-post","status-publish","format-standard","has-post-thumbnail","category-masnoticias"],"_links":{"self":[{"href":"https:\/\/primicias2262.com\/noticias\/wp-json\/wp\/v2\/posts\/102847","targetHints":{"allow":["GET"]}}],"collection":[{"href":"https:\/\/primicias2262.com\/noticias\/wp-json\/wp\/v2\/posts"}],"about":[{"href":"https:\/\/primicias2262.com\/noticias\/wp-json\/wp\/v2\/types\/post"}],"author":[{"embeddable":true,"href":"https:\/\/primicias2262.com\/noticias\/wp-json\/wp\/v2\/users\/3"}],"replies":[{"embeddable":true,"href":"https:\/\/primicias2262.com\/noticias\/wp-json\/wp\/v2\/comments?post=102847"}],"version-history":[{"count":5,"href":"https:\/\/primicias2262.com\/noticias\/wp-json\/wp\/v2\/posts\/102847\/revisions"}],"predecessor-version":[{"id":102862,"href":"https:\/\/primicias2262.com\/noticias\/wp-json\/wp\/v2\/posts\/102847\/revisions\/102862"}],"wp:featuredmedia":[{"embeddable":true,"href":"https:\/\/primicias2262.com\/noticias\/wp-json\/wp\/v2\/media\/102859"}],"wp:attachment":[{"href":"https:\/\/primicias2262.com\/noticias\/wp-json\/wp\/v2\/media?parent=102847"}],"wp:term":[{"taxonomy":"category","embeddable":true,"href":"https:\/\/primicias2262.com\/noticias\/wp-json\/wp\/v2\/categories?post=102847"},{"taxonomy":"post_tag","embeddable":true,"href":"https:\/\/primicias2262.com\/noticias\/wp-json\/wp\/v2\/tags?post=102847"}],"curies":[{"name":"wp","href":"https:\/\/api.w.org\/{rel}","templated":true}]}}