{"id":102851,"date":"2023-08-14T03:20:23","date_gmt":"2023-08-14T03:20:23","guid":{"rendered":"https:\/\/primicias2262.com\/noticias\/?p=102851"},"modified":"2023-08-15T13:34:47","modified_gmt":"2023-08-15T13:34:47","slug":"disfrutemos-hoy-y-manana-a-redoblar-el-esfuerzo-porque-queda-mucho-por-hacer-en-nuestro-distrito","status":"publish","type":"post","link":"https:\/\/primicias2262.com\/noticias\/disfrutemos-hoy-y-manana-a-redoblar-el-esfuerzo-porque-queda-mucho-por-hacer-en-nuestro-distrito\/","title":{"rendered":"\u201cDisfrutemos hoy y ma\u00f1ana a redoblar el esfuerzo, porque queda mucho por hacer en nuestro distrito\u201d"},"content":{"rendered":"<p>Con el 39,3% de los votos, cuando s\u00f3lo faltaban 4 mesas en el distrito, el precandidato a intendente por la Agrupaci\u00f3n Vecinal \u201cNueva Necochea\u201d se impuso de manera contundente en las Primarias, Abiertas, Simult\u00e1neas y Obligatorias que definen a los postulantes que llegar\u00e1n a las elecciones generales de octubre.<\/p>\n<p>La gran sorpresa de la elecci\u00f3n, por el impuso que signific\u00f3 el fen\u00f3meno Javier Milei, es la performance de Pablo Nosek -el precandato a intendente de La Libertad Avanza- quien se alz\u00f3 con el 14,3% y se consolid\u00f3 en el segundo lugar.<\/p>\n<p>Mart\u00edn Migueles se impuso en la interna de Juntos por el Cambio con apenas 9,5% de los votos, mientras que Marcelo Rivero se erigi\u00f3 como triunfador en la elecci\u00f3n de Uni\u00f3n por la Patria, apenas por un pu\u00f1ado de votos sobre Mauro Vel\u00e1zquez.<\/p>\n<p>Rojas remarc\u00f3 que este resultado se debe tomar \u201ccon suma humildad y compromiso\u00bb, el referente de la Lista N\u00b0 895 salud\u00f3 a la militancia en la sede partidaria de Avenida 59 cerca de las 22, cuando el resultado ya era irreversible y la totalidad de los sufragios hab\u00eda sido contabilizado por los fiscales propios.<\/p>\n<p>\u201cEl vecino deposita su confianza en nosotros y esto lo tenemos que revalidar de cara al mes de octubre, que es la elecci\u00f3n definitiva. As\u00ed que disfrutemos en el d\u00eda de hoy y ma\u00f1ana a redoblar el esfuerzo y a seguir trabajando, porque queda mucho por hacer en nuestro distrito\u201d, subray\u00f3 el Arturo Rojas en su responsable discurso.<\/p>\n<p>Luego de agradecer a la militancia y a los precandidatos y precandidatas que lo acompa\u00f1aron en esta aventura de la boleta corta, y de dedicar un p\u00e1rrafo especial para su familia, el hombre que va en busca de su reelecci\u00f3n en la jefatura comunal con el objetivo de que \u201cNecochea siga en una agenda de crecimiento y desarrollo\u201d, se dirigi\u00f3 especialmente a los y las habitantes de todo el partido que depositaron, otra vez, su voto de confianza en la lista violeta.<\/p>\n<p>\u201cNosotros dec\u00edamos que esta era un partido de dos tiempos, y que era muy importante tener un buen caudal de votos y de acompa\u00f1amiento durante las PASO\u201d, record\u00f3<\/p>\n<p>Agreg\u00f3 que \u201cahora llegar\u00e1 el momento de un impasse en la parte de campa\u00f1a electoral de casi un mes, pero eso no implica que nos vamos a detener en la parte institucional. A partir de ma\u00f1ana estaremos junto a todo el grupo de funcionarios, concejales y consejeros escolares trabajando m\u00e1s que nunca, porque sabemos que todav\u00eda nos quedan muchas cosas por hacer, tenemos muchos servicios y muchas obras por mejorar\u201d.<\/p>\n<p>Acompa\u00f1ado por cada uno y cada una de los y las integrantes de las n\u00f3minas que lo secundan en la lista, el actual Intendente adelant\u00f3 que en ese per\u00edodo \u201cllegar\u00e1 el momento de inaugurar muchas obras que ya tenemos listas y otras que tenemos en marcha, y nos prepararemos para cuando comience nuevamente la campa\u00f1a electoral porque no solo tenemos que consolidar los votos de los vecinos que nos acompa\u00f1aron\u00bb<\/p>\n<p>Consider\u00f3 que \u00abtenemos que sumar a muchos m\u00e1s vecinos que nos puedan acompa\u00f1ar, porque es importante que en octubre tengamos un triunfo contundente para tener la mayor cantidad de concejales y consejeros escolares de cara a la etapa que viene, que es el segundo mandato\u201d.<\/p>\n<p>Ante el fervor de la gente que se acerc\u00f3 a felicitarlo por el arrollador triunfo parcial, el referente de la agrupaci\u00f3n vecinal record\u00f3: \u201cAlgo que los vecinos saben desde el d\u00eda n\u00famero 1, que marqu\u00e9 en el a\u00f1o 2019 p\u00fablicamente, es que \u00edbamos a necesitar de 8 a\u00f1os en la gesti\u00f3n porque nos \u00edbamos a encontrar con un municipio dif\u00edcil, con una ciudad con muchas complicaciones; y que los primeros tiempos iban a ser de mucho ordenamiento. Tuvimos muchos logros, superamos muchos desaf\u00edos, pero por supuesto que los que vienen por delante son mucho m\u00e1s importantes\u201d, remarc\u00f3 Arturo Rojas.<\/p>\n<p>En estos cuatro a\u00f1os, \u201clogramos consolidar no solo el equipo, que tiene el conocimiento y la experiencia, sino que tenemos las bases s\u00f3lidas para lo que viene: un distrito con m\u00e1s inclusi\u00f3n, con m\u00e1s obras, con m\u00e1s servicios, con m\u00e1s oportunidades para cada uno de los que vivimos ac\u00e1\u201d.<\/p>\n<p>&nbsp;<\/p>\n","protected":false},"excerpt":{"rendered":"<p>Con el 39,3% de los votos, cuando s\u00f3lo faltaban 4 mesas en el distrito, el precandidato a intendente por la Agrupaci\u00f3n Vecinal \u201cNueva Necochea\u201d se impuso de manera contundente en las Primarias, Abiertas, Simult\u00e1neas y Obligatorias que definen a los postulantes que llegar\u00e1n a las elecciones generales de octubre. La gran sorpresa de la elecci\u00f3n, [&hellip;]<\/p>\n","protected":false},"author":3,"featured_media":102855,"comment_status":"open","ping_status":"open","sticky":false,"template":"","format":"standard","meta":{"footnotes":""},"categories":[3],"tags":[],"class_list":["post-102851","post","type-post","status-publish","format-standard","has-post-thumbnail","category-masnoticias"],"_links":{"self":[{"href":"https:\/\/primicias2262.com\/noticias\/wp-json\/wp\/v2\/posts\/102851","targetHints":{"allow":["GET"]}}],"collection":[{"href":"https:\/\/primicias2262.com\/noticias\/wp-json\/wp\/v2\/posts"}],"about":[{"href":"https:\/\/primicias2262.com\/noticias\/wp-json\/wp\/v2\/types\/post"}],"author":[{"embeddable":true,"href":"https:\/\/primicias2262.com\/noticias\/wp-json\/wp\/v2\/users\/3"}],"replies":[{"embeddable":true,"href":"https:\/\/primicias2262.com\/noticias\/wp-json\/wp\/v2\/comments?post=102851"}],"version-history":[{"count":2,"href":"https:\/\/primicias2262.com\/noticias\/wp-json\/wp\/v2\/posts\/102851\/revisions"}],"predecessor-version":[{"id":102879,"href":"https:\/\/primicias2262.com\/noticias\/wp-json\/wp\/v2\/posts\/102851\/revisions\/102879"}],"wp:featuredmedia":[{"embeddable":true,"href":"https:\/\/primicias2262.com\/noticias\/wp-json\/wp\/v2\/media\/102855"}],"wp:attachment":[{"href":"https:\/\/primicias2262.com\/noticias\/wp-json\/wp\/v2\/media?parent=102851"}],"wp:term":[{"taxonomy":"category","embeddable":true,"href":"https:\/\/primicias2262.com\/noticias\/wp-json\/wp\/v2\/categories?post=102851"},{"taxonomy":"post_tag","embeddable":true,"href":"https:\/\/primicias2262.com\/noticias\/wp-json\/wp\/v2\/tags?post=102851"}],"curies":[{"name":"wp","href":"https:\/\/api.w.org\/{rel}","templated":true}]}}