{"id":102858,"date":"2023-08-14T03:35:20","date_gmt":"2023-08-14T03:35:20","guid":{"rendered":"https:\/\/primicias2262.com\/noticias\/?p=102858"},"modified":"2023-08-14T03:35:20","modified_gmt":"2023-08-14T03:35:20","slug":"javier-milei-se-impuso-por-amplia-diferencia-en-el-pais","status":"publish","type":"post","link":"https:\/\/primicias2262.com\/noticias\/javier-milei-se-impuso-por-amplia-diferencia-en-el-pais\/","title":{"rendered":"Javier Milei se impuso por amplia diferencia en el pa\u00eds"},"content":{"rendered":"<p><b><a href=\"https:\/\/www.pagina12.com.ar\/tags\/24483-javier-milei\">Javier Milei<\/a>\u00a0se impuso por amplia diferencia:\u00a0<\/b>La\u00a0Libertad Avanza obtuvo el 31,4% de los votos y se consagr\u00f3 como la fuerza m\u00e1s votada en las elecciones<b>\u00a0Primarias Abiertas Simult\u00e1neas y Obligatorias<\/b>\u00a0(PASO) 2023. De los principales bastiones electorales (Provincia de Buenos Aires, Ciudad Aut\u00f3noma de Buenos Aires, C\u00f3rdoba, Santa Fe), que cosechan el 60% de los votos totales, el partido ultraliberal gan\u00f3 en dos (C\u00f3rdoba y Santa Fe) y qued\u00f3 tercero en el resto. Distrito por distrito, c\u00f3mo le fue al libertario en todo el pa\u00eds.<\/p>\n<h3>Provincia de Buenos Aires<\/h3>\n<p>En el mayor distrito electoral que concentra el\u00a037,04% del padr\u00f3n electoral, la f\u00f3rmula Milei-Villarruel sali\u00f3 tercera, con el\u00a0<b>24,8%<\/b>\u00a0de los votos. Por su parte, la candidata a gobernadora por la Provincia de Buenos Aires,\u00a0<b>Carolina P\u00edparo<\/b>, consigui\u00f3 el\u00a0<b>24,14%\u00a0<\/b>y se ubic\u00f3 tercera en la elecci\u00f3n de mayor volumen electoral.<\/p>\n<h3>C\u00f3rdoba<\/h3>\n<p>En el segundo basti\u00f3n electoral, Javier Milei se ubic\u00f3 primero y sac\u00f3 el\u00a0<b>33,7%<\/b>\u00a0de los votos. Representa el 8,66% del total del padr\u00f3n electoral.<\/p>\n<h3>Santa Fe<\/h3>\n<p>Por su parte, en Santa Fe el candidato ultraliberal cosech\u00f3\u00a0<b>35,3<\/b>\u00a0puntos, qued\u00f3 primero. La provincia representa el 7,96% del padr\u00f3n electoral.<\/p>\n<h3>Ciudad Aut\u00f3noma de Buenos Aires<\/h3>\n<p>En la capital, un distrito que cuenta con el\u00a07,16% del volumen electoral, el espacio La Libertad Avanza alcanz\u00f3\u00a0<b>17, 7<\/b>\u00a0puntos y qued\u00f3 tercero muy por debajo de Juntos por el Cambio, el partido m\u00e1s votado en la Ciudad (27,6).<\/p>\n<h3>Jujuy<\/h3>\n<p>En el resto de las provincias, el candidato ultraliberal hizo una buena performance consiguiendo victorias en la mayor\u00eda de los distritos. En Jujuy, sac\u00f3 el\u00a0<b>40,3%<\/b>\u00a0de los votos, m\u00e1s de\u00a0<b>100 mil votos<\/b>\u00a0y casi\u00a0<b>16 puntos<\/b>\u00a0por encima del segundo espacio m\u00e1s votado, Juntos por el Cambio.<\/p>\n<h3>Salta<\/h3>\n<p>En Salta tambi\u00e9n sali\u00f3 primero, La Libertad Avanza sac\u00f3\u00a0<b>49,6%<\/b>, alrededor de<b>\u00a0300 mil votos<\/b>. La provincia representa un\u00a0<b>3,08%<\/b>\u00a0del padr\u00f3n electoral.<\/p>\n<h3>Tucum\u00e1n<\/h3>\n<p>Con\u00a0<b>36 puntos<\/b>, Milei se consagr\u00f3 ganador de la elecci\u00f3n tucumana y super\u00f3 al segundo, Uni\u00f3n por la Patria, que obtuvo el\u00a0<b>33,1%<\/b>. Tucum\u00e1n representa el\u00a0<b>3,73%<\/b>\u00a0del caudal electoral total.<\/p>\n<h3>Catamarca<\/h3>\n<p>Con\u00a0<b>23 puntos<\/b>, la f\u00f3rmula Javier Milei-Victoria Villaruel se ubic\u00f3 segunda, por debajo de Uni\u00f3n por la Patria que alcanz\u00f3 los\u00a0<b>44,2%<\/b>. Catamarca es un distrito peque\u00f1o electoralmente representa al<b>\u00a00,96%<\/b>\u00a0del padr\u00f3n.<\/p>\n<h3>Santiago del Estero<\/h3>\n<p>Tambi\u00e9n se ubic\u00f3 segundo en la elecci\u00f3n santiague\u00f1a, sac\u00f3 el\u00a0<b>27,1%\u00a0<\/b>por debajo de Uni\u00f3n por la Patria que cosech\u00f3 el<b>\u00a053,2%\u00a0<\/b>de los votos. La provincia representa el\u00a0<b>2,29%\u00a0<\/b>del caudal electoral.<\/p>\n<h3>Chaco<\/h3>\n<p>Con el\u00a0<b>29,3%<\/b>\u00a0qued\u00f3 segundo, mientras que Uni\u00f3n por la Patria alcanz\u00f3 los\u00a0<b>34,3%\u00a0<\/b>y se ubic\u00f3 primero. Chaco re\u00fane al\u00a0<b>2,83%<\/b>\u00a0del padr\u00f3n.<\/p>\n<h3>Formosa<\/h3>\n<p>Otro segundo puesto para el candidato ultraliberal, sum\u00f3\u00a0<b>25,9%<\/b>\u00a0y qued\u00f3 debajo de Uni\u00f3n por la Patria que cosech\u00f3\u00a0<b>46,2 puntos<\/b>.<\/p>\n<h3>La Rioja<\/h3>\n<p>En la provincia estuvo pareja la elecci\u00f3n. Sin embargo, La Libertad Avanza super\u00f3 a Uni\u00f3n por la Patria (31,8%) por 5 puntos y alcanz\u00f3 el\u00a0<b>36,2%<\/b>.<\/p>\n<h3>San Juan<\/h3>\n<p>Tambi\u00e9n se ubic\u00f3 primero en San Juan, el ultraliberal sum\u00f3 el\u00a0<b>34,2%<\/b>\u00a0seguido por Uni\u00f3n por la Patria que obtuvo\u00a0<b>29,1<\/b>\u00a0puntos.<\/p>\n<h3>Mendoza<\/h3>\n<p>Una victoria contundente para el candidato ultraliberal en la provincia de Mendoza que re\u00fane 4,22% del caudal electoral. Milei alcanz\u00f3 los\u00a0<b>44,7 puntos<\/b>\u00a0y por debajo qued\u00f3 Juntos por el Cambio con el\u00a0<b>28,4%<\/b>.<\/p>\n<h3>San Luis<\/h3>\n<p>Tambi\u00e9n consigui\u00f3 una gran victoria en este distrito. La Libertad Avanza recogi\u00f3 el\u00a0<b>47,9%<\/b>\u00a0y en segundo lugar qued\u00f3 Juntos por el Cambio con el\u00a0<b>23,5%<\/b>.<\/p>\n<h3>Misiones<\/h3>\n<p>Con el\u00a0<b>42,9%<\/b>\u00a0de los votos, Milei arras\u00f3 en la elecci\u00f3n de Misiones. Muy por debajo se ubic\u00f3 Uni\u00f3n por la Patria con el\u00a0<b>27,4%<\/b>.<\/p>\n<h3>Corrientes<\/h3>\n<p>Uno de los pocos distritos en los que Javier Milei sali\u00f3 tercero, el candidato a presidente sac\u00f3\u00a0<b>29,2%<\/b>. Sin embargo, en segundo lugar qued\u00f3 Uni\u00f3n por la Patria (<b>29,4%<\/b>) con una diferencia m\u00ednima.<\/p>\n<h3>Entre R\u00edos<\/h3>\n<p>Tambi\u00e9n en tercer lugar, la f\u00f3rmula Milei-Villaruel obtuvo\u00a0<b>22,7 puntos<\/b>\u00a0por debajo de Uni\u00f3n por la Patria (<b>28,3%<\/b>) y Juntos por el Cambio (<b>32,1%<\/b>) que sali\u00f3 primero.<\/p>\n<h3>La Pampa<\/h3>\n<p>En La Pampa, Milei sac\u00f3\u00a0<b>32,7%<\/b>\u00a0alrededor de 65.497 votos. En segundo lugar, Juntos por el Cambio alcanz\u00f3 el\u00a0<b>28,5%<\/b>.<\/p>\n<h3>Neuqu\u00e9n<\/h3>\n<p>Otra elecci\u00f3n en la que se impuso por una mayor\u00eda contundente. En Neuqu\u00e9n, La Libertad Avanza obtuvo\u00a0<b>39,2 puntos<\/b>, mientras que Juntos por el Cambio se ubic\u00f3 en segundo lugar con el\u00a0<b>22,9%<\/b>.<\/p>\n<h3>R\u00edo Negro<\/h3>\n<p>Con el\u00a0<b>36,9%<\/b>\u00a0de los votos, Javier Milei gan\u00f3 el distrito. En segundo lugar se ubic\u00f3 Uni\u00f3n por la Patria con\u00a0<b>27 puntos<\/b>.<\/p>\n<h3>Santa Cruz<\/h3>\n<p>Con el\u00a0<b>29,8%<\/b>, el partido ultraliberal se impuso sobre Uni\u00f3n por la Patria que obtuvo el\u00a0<b>23,2%<\/b>.<\/p>\n<h3>Chubut<\/h3>\n<p>Otra elecci\u00f3n contundente del ultraliberal, alcanz\u00f3\u00a0<b>39,7%<\/b>\u00a0del caudal electoral. Alrededor de 114.355 votos. En segundo lugar, casi cinco puntos por debajo se ubic\u00f3 Juntos por el Cambio con el\u00a0<b>24,4%<\/b>.<\/p>\n<h3>Tierra del Fuego<\/h3>\n<p>En el distrito electoral m\u00e1s peque\u00f1o del pa\u00eds, Javier Milei obtuvo el<b>\u00a035,2%<\/b>\u00a0y se impuso sobre Uni\u00f3n por la Patria que sac\u00f3 el\u00a0<b>29,2%<\/b>.<\/p>\n","protected":false},"excerpt":{"rendered":"<p>Javier Milei\u00a0se impuso por amplia diferencia:\u00a0La\u00a0Libertad Avanza obtuvo el 31,4% de los votos y se consagr\u00f3 como la fuerza m\u00e1s votada en las elecciones\u00a0Primarias Abiertas Simult\u00e1neas y Obligatorias\u00a0(PASO) 2023. De los principales bastiones electorales (Provincia de Buenos Aires, Ciudad Aut\u00f3noma de Buenos Aires, C\u00f3rdoba, Santa Fe), que cosechan el 60% de los votos totales, el [&hellip;]<\/p>\n","protected":false},"author":3,"featured_media":102860,"comment_status":"open","ping_status":"open","sticky":false,"template":"","format":"standard","meta":{"footnotes":""},"categories":[7],"tags":[],"class_list":{"0":"post-102858","1":"post","2":"type-post","3":"status-publish","4":"format-standard","5":"has-post-thumbnail","7":"category-nac"},"_links":{"self":[{"href":"https:\/\/primicias2262.com\/noticias\/wp-json\/wp\/v2\/posts\/102858","targetHints":{"allow":["GET"]}}],"collection":[{"href":"https:\/\/primicias2262.com\/noticias\/wp-json\/wp\/v2\/posts"}],"about":[{"href":"https:\/\/primicias2262.com\/noticias\/wp-json\/wp\/v2\/types\/post"}],"author":[{"embeddable":true,"href":"https:\/\/primicias2262.com\/noticias\/wp-json\/wp\/v2\/users\/3"}],"replies":[{"embeddable":true,"href":"https:\/\/primicias2262.com\/noticias\/wp-json\/wp\/v2\/comments?post=102858"}],"version-history":[{"count":1,"href":"https:\/\/primicias2262.com\/noticias\/wp-json\/wp\/v2\/posts\/102858\/revisions"}],"predecessor-version":[{"id":102861,"href":"https:\/\/primicias2262.com\/noticias\/wp-json\/wp\/v2\/posts\/102858\/revisions\/102861"}],"wp:featuredmedia":[{"embeddable":true,"href":"https:\/\/primicias2262.com\/noticias\/wp-json\/wp\/v2\/media\/102860"}],"wp:attachment":[{"href":"https:\/\/primicias2262.com\/noticias\/wp-json\/wp\/v2\/media?parent=102858"}],"wp:term":[{"taxonomy":"category","embeddable":true,"href":"https:\/\/primicias2262.com\/noticias\/wp-json\/wp\/v2\/categories?post=102858"},{"taxonomy":"post_tag","embeddable":true,"href":"https:\/\/primicias2262.com\/noticias\/wp-json\/wp\/v2\/tags?post=102858"}],"curies":[{"name":"wp","href":"https:\/\/api.w.org\/{rel}","templated":true}]}}