{"id":102865,"date":"2023-08-14T04:03:45","date_gmt":"2023-08-14T04:03:45","guid":{"rendered":"https:\/\/primicias2262.com\/noticias\/?p=102865"},"modified":"2023-08-15T17:21:58","modified_gmt":"2023-08-15T17:21:58","slug":"migueles-nuestro-espacio-es-nuevo-y-estamos-liderando-juntos-por-el-cambio","status":"publish","type":"post","link":"https:\/\/primicias2262.com\/noticias\/migueles-nuestro-espacio-es-nuevo-y-estamos-liderando-juntos-por-el-cambio\/","title":{"rendered":"Migueles: \u00abNuestro espacio es nuevo y estamos liderando Juntos por el Cambio\u00bb"},"content":{"rendered":"<p>El ahora candidato a intendente de Juntos por el Cambio, Martin Migueles, indic\u00f3 que \u00abnuestro espacio est\u00e1 sacando el 42% de los votos (dentro de esa interna), lo que nos deja muy conforme porque nuestro espacio es nuevo y estamos liderando Juntos por el Cambio\u00bb<\/p>\n<p>Sin embargo reconoci\u00f3 que \u00abtanto Dami\u00e1n (Unibaso) como Mar\u00eda Eugenia (Vallota) han hecho un gran elecci\u00f3n y los resultados son muy parejos\u00bb y agreg\u00f3 que \u00abahora debemos trabajar en equipo los tres espacios y tenemos en claro que la idea es sumar\u00bb.<\/p>\n<p>\u00abLas dos listas tienen gente muy valiosa y debemos trabajar en octubre para disputar la Municipalida de Necochea\u00bb, a\u00f1adi\u00f3 Migueles.<\/p>\n<p>&nbsp;<\/p>\n","protected":false},"excerpt":{"rendered":"<p>El ahora candidato a intendente de Juntos por el Cambio, Martin Migueles, indic\u00f3 que \u00abnuestro espacio est\u00e1 sacando el 42% de los votos (dentro de esa interna), lo que nos deja muy conforme porque nuestro espacio es nuevo y estamos liderando Juntos por el Cambio\u00bb Sin embargo reconoci\u00f3 que \u00abtanto Dami\u00e1n (Unibaso) como Mar\u00eda Eugenia [&hellip;]<\/p>\n","protected":false},"author":3,"featured_media":102500,"comment_status":"open","ping_status":"open","sticky":false,"template":"","format":"standard","meta":{"footnotes":""},"categories":[3],"tags":[],"class_list":["post-102865","post","type-post","status-publish","format-standard","has-post-thumbnail","category-masnoticias"],"_links":{"self":[{"href":"https:\/\/primicias2262.com\/noticias\/wp-json\/wp\/v2\/posts\/102865","targetHints":{"allow":["GET"]}}],"collection":[{"href":"https:\/\/primicias2262.com\/noticias\/wp-json\/wp\/v2\/posts"}],"about":[{"href":"https:\/\/primicias2262.com\/noticias\/wp-json\/wp\/v2\/types\/post"}],"author":[{"embeddable":true,"href":"https:\/\/primicias2262.com\/noticias\/wp-json\/wp\/v2\/users\/3"}],"replies":[{"embeddable":true,"href":"https:\/\/primicias2262.com\/noticias\/wp-json\/wp\/v2\/comments?post=102865"}],"version-history":[{"count":2,"href":"https:\/\/primicias2262.com\/noticias\/wp-json\/wp\/v2\/posts\/102865\/revisions"}],"predecessor-version":[{"id":102908,"href":"https:\/\/primicias2262.com\/noticias\/wp-json\/wp\/v2\/posts\/102865\/revisions\/102908"}],"wp:featuredmedia":[{"embeddable":true,"href":"https:\/\/primicias2262.com\/noticias\/wp-json\/wp\/v2\/media\/102500"}],"wp:attachment":[{"href":"https:\/\/primicias2262.com\/noticias\/wp-json\/wp\/v2\/media?parent=102865"}],"wp:term":[{"taxonomy":"category","embeddable":true,"href":"https:\/\/primicias2262.com\/noticias\/wp-json\/wp\/v2\/categories?post=102865"},{"taxonomy":"post_tag","embeddable":true,"href":"https:\/\/primicias2262.com\/noticias\/wp-json\/wp\/v2\/tags?post=102865"}],"curies":[{"name":"wp","href":"https:\/\/api.w.org\/{rel}","templated":true}]}}