{"id":102866,"date":"2023-08-14T03:00:32","date_gmt":"2023-08-14T03:00:32","guid":{"rendered":"https:\/\/primicias2262.com\/noticias\/?p=102866"},"modified":"2023-08-14T04:02:57","modified_gmt":"2023-08-14T04:02:57","slug":"patricia-bullrich-le-gano-la-interna-de-juntos-por-el-cambio-a-horacio-rodriguez-larreta-en-las-pas","status":"publish","type":"post","link":"https:\/\/primicias2262.com\/noticias\/patricia-bullrich-le-gano-la-interna-de-juntos-por-el-cambio-a-horacio-rodriguez-larreta-en-las-pas\/","title":{"rendered":"Patricia Bullrich le gan\u00f3 la interna de Juntos por el Cambio a Horacio Rodr\u00edguez Larreta en las PAS"},"content":{"rendered":"<p>Patricia Bullrich sac\u00f3 una ventaja considerable frente a Horacio Rodr\u00edguez Larreta en la interna presidencial de la alianza opositora. En la Ciudad de Buenos Aires, el primo de Mauricio Macri, Jorge, super\u00f3 a Mart\u00edn Lousteau. Pelea voto a voto entre N\u00e9stor Grindetti y Diego Santilli.<\/p>\n<p><iframe loading=\"lazy\" src=\"https:\/\/especiales.pagina12.com.ar\/2023\/elecciones\/resultados\/provinciales\/gobernadores_PASO_presidente\/widget\/index.html\" width=\"100%\" height=\"599\" frameborder=\"0\" data-mce-fragment=\"1\"><\/iframe><\/p>\n","protected":false},"excerpt":{"rendered":"<p>Patricia Bullrich sac\u00f3 una ventaja considerable frente a Horacio Rodr\u00edguez Larreta en la interna presidencial de la alianza opositora. En la Ciudad de Buenos Aires, el primo de Mauricio Macri, Jorge, super\u00f3 a Mart\u00edn Lousteau. Pelea voto a voto entre N\u00e9stor Grindetti y Diego Santilli.<\/p>\n","protected":false},"author":3,"featured_media":102864,"comment_status":"open","ping_status":"open","sticky":false,"template":"","format":"standard","meta":{"footnotes":""},"categories":[7],"tags":[],"class_list":{"0":"post-102866","1":"post","2":"type-post","3":"status-publish","4":"format-standard","5":"has-post-thumbnail","7":"category-nac"},"_links":{"self":[{"href":"https:\/\/primicias2262.com\/noticias\/wp-json\/wp\/v2\/posts\/102866","targetHints":{"allow":["GET"]}}],"collection":[{"href":"https:\/\/primicias2262.com\/noticias\/wp-json\/wp\/v2\/posts"}],"about":[{"href":"https:\/\/primicias2262.com\/noticias\/wp-json\/wp\/v2\/types\/post"}],"author":[{"embeddable":true,"href":"https:\/\/primicias2262.com\/noticias\/wp-json\/wp\/v2\/users\/3"}],"replies":[{"embeddable":true,"href":"https:\/\/primicias2262.com\/noticias\/wp-json\/wp\/v2\/comments?post=102866"}],"version-history":[{"count":1,"href":"https:\/\/primicias2262.com\/noticias\/wp-json\/wp\/v2\/posts\/102866\/revisions"}],"predecessor-version":[{"id":102868,"href":"https:\/\/primicias2262.com\/noticias\/wp-json\/wp\/v2\/posts\/102866\/revisions\/102868"}],"wp:featuredmedia":[{"embeddable":true,"href":"https:\/\/primicias2262.com\/noticias\/wp-json\/wp\/v2\/media\/102864"}],"wp:attachment":[{"href":"https:\/\/primicias2262.com\/noticias\/wp-json\/wp\/v2\/media?parent=102866"}],"wp:term":[{"taxonomy":"category","embeddable":true,"href":"https:\/\/primicias2262.com\/noticias\/wp-json\/wp\/v2\/categories?post=102866"},{"taxonomy":"post_tag","embeddable":true,"href":"https:\/\/primicias2262.com\/noticias\/wp-json\/wp\/v2\/tags?post=102866"}],"curies":[{"name":"wp","href":"https:\/\/api.w.org\/{rel}","templated":true}]}}