{"id":102870,"date":"2023-08-14T04:14:52","date_gmt":"2023-08-14T04:14:52","guid":{"rendered":"https:\/\/primicias2262.com\/noticias\/?p=102870"},"modified":"2023-08-14T04:14:52","modified_gmt":"2023-08-14T04:14:52","slug":"sergio-massa-tenemos-60-dias-para-dar-vuelta-esta-eleccion","status":"publish","type":"post","link":"https:\/\/primicias2262.com\/noticias\/sergio-massa-tenemos-60-dias-para-dar-vuelta-esta-eleccion\/","title":{"rendered":"Sergio Massa: \u00abTenemos 60 d\u00edas para dar vuelta esta elecci\u00f3n\u00bb"},"content":{"rendered":"<p><b>Uni\u00f3n por la Patria<\/b>\u00a0(UxP) defini\u00f3\u00a0<a href=\"https:\/\/www.pagina12.com.ar\/577638-resultados-elecciones-paso-2023-como-funcionan-los-mapas-e-i\">este\u00a0<b>domingo 13 de agosto<\/b>\u00a0en las\u00a0<b>PASO 2023<\/b>\u00a0<\/a>a sus candidatos para las\u00a0<b>elecciones\u00a0<\/b>generales del pr\u00f3ximo 22 de octubre: el ministro de Econom\u00eda\u00a0<b>Sergio Massa<\/b>\u00a0se impuso ante el dirigente social\u00a0<b>Juan Grabois<\/b>\u00a0con el 21.29 por ciento de los votos contra el 5.74 por ciento. El gobernador\u00a0<b>Axel Kicillof<\/b>\u00a0busca la reelecci\u00f3n en la provincia de Buenos Aires y fue el candidato m\u00e1s votado con el 36,36 por ciento de los votos.<\/p>\n<p>\u00abQuiero tambi\u00e9n, entendiendo como se ha dado el proceso electoral,\u00a0<b>que nos animemos como fuerza pol\u00edtica a convocar a la construcci\u00f3n de una nueva mayor\u00eda<\/b>\u00ab, reflexion\u00f3 Sergio Massa.<\/p>\n<p>\u00abAs\u00ed como en alg\u00fan momento, con la transversalidad de N\u00e9stor (Kirchner), planteo la necesidad de abrazar a radicales, sectores del campo popular, convocar a todos aquellos que representan una idea de pa\u00eds mucho m\u00e1s amplia y\u00a0<b>comprometernos a que el pr\u00f3ximo gobierno no sea solamente de una unidad de coalici\u00f3n, sino de unidad nacional<\/b>\u00ab, cerr\u00f3.<\/p>\n","protected":false},"excerpt":{"rendered":"<p>Uni\u00f3n por la Patria\u00a0(UxP) defini\u00f3\u00a0este\u00a0domingo 13 de agosto\u00a0en las\u00a0PASO 2023\u00a0a sus candidatos para las\u00a0elecciones\u00a0generales del pr\u00f3ximo 22 de octubre: el ministro de Econom\u00eda\u00a0Sergio Massa\u00a0se impuso ante el dirigente social\u00a0Juan Grabois\u00a0con el 21.29 por ciento de los votos contra el 5.74 por ciento. El gobernador\u00a0Axel Kicillof\u00a0busca la reelecci\u00f3n en la provincia de Buenos Aires y fue [&hellip;]<\/p>\n","protected":false},"author":3,"featured_media":102871,"comment_status":"open","ping_status":"open","sticky":false,"template":"","format":"standard","meta":{"footnotes":""},"categories":[7],"tags":[],"class_list":{"0":"post-102870","1":"post","2":"type-post","3":"status-publish","4":"format-standard","5":"has-post-thumbnail","7":"category-nac"},"_links":{"self":[{"href":"https:\/\/primicias2262.com\/noticias\/wp-json\/wp\/v2\/posts\/102870","targetHints":{"allow":["GET"]}}],"collection":[{"href":"https:\/\/primicias2262.com\/noticias\/wp-json\/wp\/v2\/posts"}],"about":[{"href":"https:\/\/primicias2262.com\/noticias\/wp-json\/wp\/v2\/types\/post"}],"author":[{"embeddable":true,"href":"https:\/\/primicias2262.com\/noticias\/wp-json\/wp\/v2\/users\/3"}],"replies":[{"embeddable":true,"href":"https:\/\/primicias2262.com\/noticias\/wp-json\/wp\/v2\/comments?post=102870"}],"version-history":[{"count":1,"href":"https:\/\/primicias2262.com\/noticias\/wp-json\/wp\/v2\/posts\/102870\/revisions"}],"predecessor-version":[{"id":102872,"href":"https:\/\/primicias2262.com\/noticias\/wp-json\/wp\/v2\/posts\/102870\/revisions\/102872"}],"wp:featuredmedia":[{"embeddable":true,"href":"https:\/\/primicias2262.com\/noticias\/wp-json\/wp\/v2\/media\/102871"}],"wp:attachment":[{"href":"https:\/\/primicias2262.com\/noticias\/wp-json\/wp\/v2\/media?parent=102870"}],"wp:term":[{"taxonomy":"category","embeddable":true,"href":"https:\/\/primicias2262.com\/noticias\/wp-json\/wp\/v2\/categories?post=102870"},{"taxonomy":"post_tag","embeddable":true,"href":"https:\/\/primicias2262.com\/noticias\/wp-json\/wp\/v2\/tags?post=102870"}],"curies":[{"name":"wp","href":"https:\/\/api.w.org\/{rel}","templated":true}]}}