{"id":102874,"date":"2023-08-14T12:36:03","date_gmt":"2023-08-14T12:36:03","guid":{"rendered":"https:\/\/primicias2262.com\/noticias\/?p=102874"},"modified":"2023-08-14T12:36:03","modified_gmt":"2023-08-14T12:36:03","slug":"elecciones-2023-estos-son-los-5-candidatos-finales-a-presidente-en-octubre","status":"publish","type":"post","link":"https:\/\/primicias2262.com\/noticias\/elecciones-2023-estos-son-los-5-candidatos-finales-a-presidente-en-octubre\/","title":{"rendered":"Elecciones 2023: estos son los 5 candidatos finales a Presidente en octubre"},"content":{"rendered":"<p>Los <a href=\"https:\/\/www.pagina12.com.ar\/577638-resultados-elecciones-paso-2023-como-funcionan-los-mapas-e-i\">resultados de las <b>PASO 2023<\/b><\/a><b><\/b> de ayer perfilaron el escenario electoral de cara a las <b>elecciones generales<\/b>, pero adem\u00e1s definieron a los <b>cinco candidatos<\/b> que competir\u00e1n el pr\u00f3ximo <b>domingo 22 de octubre<\/b> por la Presidencia de la Naci\u00f3n. <b>Sergio Massa<\/b> y <b>Patricia Bullrich<\/b> se impusieron en sus internas frente a <b>Juan Grabois<\/b> y <b>Horacio Rodr\u00edguez Larreta<\/b> respectivamente, y <b>Javier Milei <\/b>fue el candidato m\u00e1s votado. <b>Juan Schiaretti<\/b> y <b>Myriam Bregman<\/b> completan la lista.<\/p>\n<h2>Javier Milei, La Libertad Avanza<\/h2>\n<div align=\"center\">\n<figure class=\"caption caption-div embedded-entity\" role=\"group\">\n<div data-embed-button=\"media_image_button\" data-entity-embed-display=\"view_mode:media.single_media_image_460\" data-entity-type=\"media\" data-entity-uuid=\"657d86d3-f163-4db3-9fd5-f76b11bd693d\" data-langcode=\"es\">\n<article class=\"media media--type-image media--view-mode-single-media-image-460\">\n<div class=\"field field--name-field-media-image field--type-image field--label-hidden field__item\"><img loading=\"lazy\" decoding=\"async\" class=\"image-style-width960\" src=\"https:\/\/images.pagina12.com.ar\/styles\/width960\/public\/2023-08\/757936-14-08-2023-javier-milei-candidato-a-presidente-20-282-29-0.jpg?itok=r9LhLfvR\" width=\"960\" height=\"640\" \/><\/div>\n<\/article>\n<\/div><figcaption>Foto: T\u00e9lam.<\/figcaption><\/figure>\n<\/div>\n<p>Como era el precandidato \u00fanico de su espacio, el <a href=\"https:\/\/www.pagina12.com.ar\/578390-por-la-plata-baila-el-leon-todas-las-denuncias-contra-javier\">l\u00edder de <b>La Libertad Avanza<\/b><\/a><b> (LLA)<\/b> ya ten\u00eda asegurado su pase a las generales con su <b>f\u00f3rmula junto a Victoria Villarruel<\/b>, aunque sorprendi\u00f3 al obtener <b>30% <\/b>de los votos este domingo, un porcentaje muy superior a lo que estimaban las encuestas previas a las PASO, y convirti\u00e9ndose en el precandidato individual m\u00e1s votado y la fuerza pol\u00edtica m\u00e1s votada.<\/p>\n<p>El libertario es diputado nacional desde 2021, cuando decidi\u00f3 desembarcar en la pol\u00edtica, y <a href=\"https:\/\/www.pagina12.com.ar\/578407-que-propone-milei-una-plataforma-de-dolarizacion-ajuste-de-j\">su plataforma pol\u00edtica<\/a> propone un \u00abfuerte <b>recorte del gasto p\u00fablico<\/b>\u00ab, \u00ab<b>baja de los impuestos<\/b>\u00bb y \u00ab<b>flexibilizaci\u00f3n laboral<\/b>\u00ab, que acompa\u00f1ar\u00eda a una reforma financiera con una \u00ab<b>banca libre y desregulada<\/b> junto a la libre competencia de divisas\u00bb. Adem\u00e1s, la <b>privatizaci\u00f3n <\/b>del sistema p\u00fablico de jubilaciones, de los sistemas de salud y educaci\u00f3n y de las \u201cempresas p\u00fablicas deficitarias\u201d.<\/p>\n<h2>Sergio Massa, Uni\u00f3n por la Patria<\/h2>\n<div align=\"center\">\n<figure class=\"caption caption-div embedded-entity\" role=\"group\">\n<div data-embed-button=\"media_image_button\" data-entity-embed-display=\"view_mode:media.single_media_image_460\" data-entity-type=\"media\" data-entity-uuid=\"c6c00f76-54c6-4695-9807-0a57f885bf10\" data-langcode=\"es\">\n<article class=\"media media--type-image media--view-mode-single-media-image-460\">\n<div class=\"field field--name-field-media-image field--type-image field--label-hidden field__item\"><img loading=\"lazy\" decoding=\"async\" class=\"image-style-width960\" src=\"https:\/\/images.pagina12.com.ar\/styles\/width960\/public\/2023-08\/757936-massa-3.jpg?itok=phXrjLcd\" width=\"960\" height=\"640\" \/><\/div>\n<\/article>\n<\/div><figcaption>Foto: NA.<\/figcaption><\/figure>\n<\/div>\n<p>A nivel individual, en segundo lugar qued\u00f3 <b>Sergio Massa<\/b>, que s\u00ed compet\u00eda internamente este domingo dentro de <b>Uni\u00f3n por la Patria (UxP)<\/b> contra Juan Grabois, referente del Frente Patria Grande. Por una amplia diferencia, el ministro de Econom\u00eda se impuso con el 78% de los votos internos del espacio. As\u00ed, UxP cosech\u00f3 entre sus dos precandidatos un <b>27,3%<\/b> de los sufragios del padr\u00f3n electoral nacional y <a href=\"https:\/\/www.pagina12.com.ar\/578553-a-pelear-por-el-trabajo-y-por-nuestros-derechos\">Massa ser\u00e1 su candidato en octubre<\/a>, con <b>Agust\u00edn Rossi<\/b> <b>como compa\u00f1ero de f\u00f3rmula<\/b>.<\/p>\n<p>El ministro cuenta con una larga trayectoria pol\u00edtica, con fuertes antecedentes como la direcci\u00f3n de la ANSES, la jefatura de Gabinete, la intendencia del municipio bonaerense de Tigre y la presidencia de la C\u00e1mara de Diputados. \u00abHoy empieza una elecci\u00f3n que tiene en esta noche el final del primer tiempo. Nos queda el segundo tiempo, el alargue y los penales y vamos a estar peleando hasta el \u00faltimo minuto porque estamos seguros que en la Argentina que viene el trabajo, la producci\u00f3n y la defensa de nuestros derechos tienen que ser valores que no se modifiquen\u00bb, expres\u00f3 Massa en el b\u00fanker oficialista tras conocerse los resultados.<\/p>\n<h2>Patricia Bullrich, Juntos por el Cambio<\/h2>\n<div align=\"center\">\n<figure class=\"caption caption-div embedded-entity\" role=\"group\">\n<div data-embed-button=\"media_image_button\" data-entity-embed-display=\"view_mode:media.single_media_image_460\" data-entity-type=\"media\" data-entity-uuid=\"71256f75-3413-4876-ad1b-38fbbefc92ca\" data-langcode=\"es\">\n<article class=\"media media--type-image media--view-mode-single-media-image-460\">\n<div class=\"field field--name-field-media-image field--type-image field--label-hidden field__item\"><img loading=\"lazy\" decoding=\"async\" class=\"image-style-width960\" src=\"https:\/\/images.pagina12.com.ar\/styles\/width960\/public\/2023-08\/757936-bullrich1000_0.jpg?itok=smTtES5R\" width=\"960\" height=\"538\" \/><\/div>\n<\/article>\n<\/div><figcaption>Foto: T\u00e9lam.<\/figcaption><\/figure>\n<\/div>\n<p>La victoria de la exministra de Seguridad de <b>Mauricio Macri<\/b> sobre el jefe de Gobierno porte\u00f1o Horacio Rodr\u00edguez Larreta tambi\u00e9n sorprendi\u00f3 a muchos. Casi con el doble de votos que su contrincante interno, Bullrich cosech\u00f3 el 60% dentro de su espacio, contra el 40% de Larreta. As\u00ed, la titular del PRO ser\u00e1 la candidata de <b>Juntos por el Cambio (JxC) <\/b>en octubre \u2013con <b>Luis Petri<\/b> como compa\u00f1ero de f\u00f3rmula\u2013, aunque resta por ver qu\u00e9 porci\u00f3n del <b>28,3%<\/b> total obtenido por el espacio logra mantener en esa instancia.<\/p>\n<p>Con un tono m\u00e1s agresivo que el alcalde porte\u00f1o, Bullrich <a href=\"https:\/\/www.pagina12.com.ar\/573819-el-plan-de-bullrich-al-descubierto-y-con-caos\">propone una <b>reforma laboral<\/b>, <b>devaluaci\u00f3n<\/b>, <b>salida del cepo<\/b> y <b>contracci\u00f3n del gasto<\/b><\/a> Adem\u00e1s, una revisi\u00f3n de todos los convenios colectivos de trabajo, el reemplazo de<a href=\"https:\/\/www.pagina12.com.ar\/572512-bullrich-quiere-reemplazar-los-planes-sociales-por-un-servic\"> los planes sociales por un \u201cservicio civil obligatorio\u201d<\/a>, y un blindaje con un <a href=\"https:\/\/www.pagina12.com.ar\/571073-patricia-bullrich-en-modo-2001-propone-blindaje-y-mas-deuda-\"><b>nuevo pr\u00e9stamo con el FMI<\/b><\/a>, entre otras ideas.<\/p>\n<h2>Juan Schiaretti, Hacemos por Nuestro Pa\u00eds<\/h2>\n<div align=\"center\">\n<figure class=\"caption caption-div embedded-entity\" role=\"group\">\n<div data-embed-button=\"media_image_button\" data-entity-embed-display=\"view_mode:media.single_media_image_460\" data-entity-type=\"media\" data-entity-uuid=\"4381fb7d-0a5b-4e45-b60c-ff4ae4345a93\" data-langcode=\"es\">\n<article class=\"media media--type-image media--view-mode-single-media-image-460\">\n<div class=\"field field--name-field-media-image field--type-image field--label-hidden field__item\"><img loading=\"lazy\" decoding=\"async\" class=\"image-style-width960\" src=\"https:\/\/images.pagina12.com.ar\/styles\/width960\/public\/2023-08\/757936-schiaretti1_0.jpg?itok=w25ovzWG\" width=\"960\" height=\"542\" \/><\/div>\n<\/article>\n<\/div><figcaption>Foto: T\u00e9lam.<\/figcaption><\/figure>\n<\/div>\n<p>El gobernador de C\u00f3rdoba era otro de los precandidatos que no compet\u00edan internamente y ten\u00edan ya asegurada su participaci\u00f3n en las generales, con su f\u00f3rmula de <b>Hacemos por Nuestro Pa\u00eds<\/b> junto a <b>Florencio Randazzo<\/b>. A pesar de la buena performance en su provincia \u2013donde igualmente qued\u00f3 detr\u00e1s de Milei\u2013 el peronista logr\u00f3 un <b>3,8%<\/b> de los votos y su espacio qued\u00f3 en cuarto lugar a nivel nacional, detr\u00e1s de los <a href=\"https:\/\/www.pagina12.com.ar\/550960-que-dijo-y-que-dejo-entrever-cristina-kirchner-sobre-la-estr\">famosos tres tercios<\/a>.<\/p>\n<h2>Myriam Bregman, Frente de Izquierda<\/h2>\n<div align=\"center\">\n<figure class=\"caption caption-div embedded-entity\" role=\"group\">\n<div data-embed-button=\"media_image_button\" data-entity-embed-display=\"view_mode:media.single_media_image_460\" data-entity-type=\"media\" data-entity-uuid=\"7cd3f525-b9dd-47a1-b45e-baff9d9dfcb9\" data-langcode=\"es\">\n<article class=\"media media--type-image media--view-mode-single-media-image-460\">\n<div class=\"field field--name-field-media-image field--type-image field--label-hidden field__item\"><img loading=\"lazy\" decoding=\"async\" class=\"image-style-width960\" src=\"https:\/\/images.pagina12.com.ar\/styles\/width960\/public\/2023-08\/757936-14-08-2023-la-precandidata-a-presidenta-por.jpg?itok=n-nWIjn-\" width=\"960\" height=\"639\" \/><\/div>\n<\/article>\n<\/div><figcaption>Foto: NA.<\/figcaption><\/figure>\n<\/div>\n<p>La quinta y \u00faltima candidata que participar\u00e1 en las elecciones de octubre es <b>Myriam Bregman<\/b>, que se impuso frente a Gabriel Solano con el 70% de los votos internos de las PASO del <b>Frente de Izquierda y de los Trabajadores-Unidad (FIT-U)<\/b>. As\u00ed, junto a <b>Nicol\u00e1s Del Ca\u00f1o<\/b> en la f\u00f3rmula, la dirigente del PTS ser\u00e1 la candidata de la izquierda, que este domingo aglutin\u00f3 un total de <b>2,7%<\/b>.<\/p>\n<h2>Los 19 precandidatos que se quedaron afuera en las PASO<\/h2>\n<p>Como el piso necesario para ingresar a las elecciones generales es del <b>1,5%<\/b>, <b>19 aspirantes se quedaron en el camino<\/b> y <a href=\"https:\/\/www.pagina12.com.ar\/578479-elecciones-2023-uno-por-uno-quienes-son-los-19-candidatos-qu\">sus boletas no estar\u00e1n en octubre<\/a>.<\/p>\n<p>Es el caso de la alianza Principios y Valores, que entre sus cinco precandidatos \u2013<b>Guillermo Moreno<\/b>, <b>Eliodoro Mart\u00ednez<\/b>, <b>Paula Lorena Arias<\/b>, <b>Jorge Oliver<\/b> y <b>Carina Bartolini<\/b>\u2013 sumaron solo el 0,8%.<\/p>\n<p>Tambi\u00e9n, <b>Jes\u00fas Escobar<\/b>, de Libres del Sur, que se qued\u00f3 con el 0,7%; <b>Manuela Casta\u00f1eira<\/b>, del Nuevo MAS, con el 0,4%; los dos competidores del Movimiento Izquierda Juventud Dignidad \u2013<b>Santiago C\u00faneo <\/b>y <b>Ra\u00fal Castells<\/b>\u2013 que sumaron 0,4%\u2013; y <b>Marcelo Ramal<\/b>, de Pol\u00edtica Obrera, con 0,3%.<\/p>\n<p>Tampoco superaron el piso <b>Alejandro Biondini<\/b>, del Frente Patriota Federal (0,2%); <b>Ra\u00fal Albarracin<\/b>, del\u00a0Movimiento de Acci\u00f3n Vecinal (0,2%); <b>Ramiro Vasena<\/b>, <b>Nazareno Etchepare<\/b> y <b>Julio B\u00e1rbaro<\/b>, del Frente Liber.Ar (0,1%); <b>Mempo Giardinelli<\/b>, <b>Mart\u00edn Ayerbe Ort\u00edz<\/b> y <b>Reina Ib\u00e1\u00f1ez,<\/b> del Proyecto Joven (0,1%), ni <b>Andr\u00e9s Passamonti<\/b>, de Uni\u00f3n del Centro Democr\u00e1tico (0,1%).<\/p>\n","protected":false},"excerpt":{"rendered":"<p>Los resultados de las PASO 2023 de ayer perfilaron el escenario electoral de cara a las elecciones generales, pero adem\u00e1s definieron a los cinco candidatos que competir\u00e1n el pr\u00f3ximo domingo 22 de octubre por la Presidencia de la Naci\u00f3n. Sergio Massa y Patricia Bullrich se impusieron en sus internas frente a Juan Grabois y Horacio [&hellip;]<\/p>\n","protected":false},"author":3,"featured_media":102875,"comment_status":"open","ping_status":"open","sticky":false,"template":"","format":"standard","meta":{"footnotes":""},"categories":[7],"tags":[],"class_list":{"0":"post-102874","1":"post","2":"type-post","3":"status-publish","4":"format-standard","5":"has-post-thumbnail","7":"category-nac"},"_links":{"self":[{"href":"https:\/\/primicias2262.com\/noticias\/wp-json\/wp\/v2\/posts\/102874","targetHints":{"allow":["GET"]}}],"collection":[{"href":"https:\/\/primicias2262.com\/noticias\/wp-json\/wp\/v2\/posts"}],"about":[{"href":"https:\/\/primicias2262.com\/noticias\/wp-json\/wp\/v2\/types\/post"}],"author":[{"embeddable":true,"href":"https:\/\/primicias2262.com\/noticias\/wp-json\/wp\/v2\/users\/3"}],"replies":[{"embeddable":true,"href":"https:\/\/primicias2262.com\/noticias\/wp-json\/wp\/v2\/comments?post=102874"}],"version-history":[{"count":1,"href":"https:\/\/primicias2262.com\/noticias\/wp-json\/wp\/v2\/posts\/102874\/revisions"}],"predecessor-version":[{"id":102876,"href":"https:\/\/primicias2262.com\/noticias\/wp-json\/wp\/v2\/posts\/102874\/revisions\/102876"}],"wp:featuredmedia":[{"embeddable":true,"href":"https:\/\/primicias2262.com\/noticias\/wp-json\/wp\/v2\/media\/102875"}],"wp:attachment":[{"href":"https:\/\/primicias2262.com\/noticias\/wp-json\/wp\/v2\/media?parent=102874"}],"wp:term":[{"taxonomy":"category","embeddable":true,"href":"https:\/\/primicias2262.com\/noticias\/wp-json\/wp\/v2\/categories?post=102874"},{"taxonomy":"post_tag","embeddable":true,"href":"https:\/\/primicias2262.com\/noticias\/wp-json\/wp\/v2\/tags?post=102874"}],"curies":[{"name":"wp","href":"https:\/\/api.w.org\/{rel}","templated":true}]}}