{"id":102877,"date":"2023-08-14T15:41:48","date_gmt":"2023-08-14T15:41:48","guid":{"rendered":"https:\/\/primicias2262.com\/noticias\/?p=102877"},"modified":"2023-08-15T13:34:17","modified_gmt":"2023-08-15T13:34:17","slug":"conjunto-de-obras-impulsadas-por-la-municipalidad-de-necochea-y-que-se-ejecutan-este-invierno-2023","status":"publish","type":"post","link":"https:\/\/primicias2262.com\/noticias\/conjunto-de-obras-impulsadas-por-la-municipalidad-de-necochea-y-que-se-ejecutan-este-invierno-2023\/","title":{"rendered":"Conjunto de obras impulsadas por la Municipalidad de Necochea y que se ejecutan este invierno 2023"},"content":{"rendered":"<p><strong>Numerosos emprendimientos se concretan este invierno de parte de la comuna, algunos en respuesta a a\u00f1ejos reclamos peticionados por vecinos frentistas. Un primer resumen de las iniciativas que surgen desde la administraci\u00f3n del intendente Arturo Rojas y que lleva adelante la Secretar\u00eda de Planeamiento, Obras y Servicios P\u00fablicos a cargo de Adri\u00e1n Furno.<\/strong><\/p>\n<p><strong>Por Jorge G\u00f3mez<\/strong><\/p>\n<p>La hilera de obras e iniciativas en la v\u00eda p\u00fablica ejecutadas y promovidas por la Municipalidad de Necochea se apilan en un n\u00famero que, puesto en valor informativo, expresa el importante movimiento que nace en las directivas del intendente Arturo Rojas y transita, acto seguido, las oficinas y el personal de la Secretar\u00eda de Planeamiento, Obras y Servicios P\u00fablicos a cuyo frente se encuentra Adri\u00e1n Furno.<\/p>\n<p>\u201cSon 33 obras\u201d, dio cuenta una fuente, tratando de resumir un listado al que vale la pena ponerle una lupa para desglosarlo. Se rescata como primer elemento el reemplazo de luminarias por el sistema LED en las avenidas de Necochea y de Quequ\u00e9n, como as\u00ed tambi\u00e9n el mejoramiento lum\u00ednico p\u00fablico en las localidades del interior del distrito.<\/p>\n<p>Por aqu\u00ed se a\u00f1ade la iluminaci\u00f3n por este sistema en Costa Bonita, en la Terminal de \u00d3mnibus, en varias calles c\u00e9ntricas, en la villa balnearia y en las plazas.<\/p>\n<p>El desarrollo de la extensi\u00f3n de la red de cloacas en el Barrio Estaci\u00f3n Quequ\u00e9n, respondiendo a un a\u00f1ejo reclamo del sector de vecinos, ha permitido las conexiones y el mejoramiento del \u00e1rea en cuesti\u00f3n. Algo valorado por los frentistas del \u00e1rea.<\/p>\n<p>Otro tratamiento fue el abordaje urban\u00edstico en la siempre -temporada alta y baja- concurrida calle\/avenida 502 de Quequ\u00e9n, con presencia de veredas nuevas, iluminaci\u00f3n y forestaci\u00f3n, como as\u00ed un ordenamiento urbano que incluye, por dar un dato, el mirador que identifica a la vecina ciudad ubicado frente al mar. Una postal que sirve para la foto. Algo id\u00e9ntico se dispuso frente a la playa de Necochea que habilita a registrar, con una instant\u00e1nea, la visita a nuestro medio.<\/p>\n<p>Pasando a Necochea, la senda peatonal de la avenida 10 desde Pinolandia hasta la calle 155, iluminada y con un ancho que se \u201cpaviment\u00f3\u201d, es otro emprendimiento que ya tiene vida propia.<\/p>\n<p>Mientras se espera que se trabaje en el resto de las tres manzanas de las cuatro que conforman la Plaza Dardo Rocha, una de ellas registra un mejoramiento y un mejoramiento, con nuevos juegos infantiles y sitios para el descanso de la gente. La disposici\u00f3n de las anchas y nuevas veredas de la principal plaza de la ciudad tambi\u00e9n se apila en este resumen.<\/p>\n<p>La urbanizaci\u00f3n en el Barrio Los Malvones y el entoscado, en el devenir de tres a\u00f1os y medio de la actual gesti\u00f3n comunal, de 3.000 calles de las ciudades cabeceras del distrito, se incorpora en el balance de lo gestado y concretado desde aquella Secretar\u00eda, con el aporte del Ente Vial Rural y Urbanizado que tiene como presidente al ingeniero Sergio Giorello.<\/p>\n<p>Este \u00faltimo es de valorizar el mantenimiento y mejoramiento de casi 4.000 kil\u00f3metros que conforman de los caminos vecinales que se diseminan por el interior rural del partido de Necochea.<\/p>\n<p>La aplicaci\u00f3n de \u201crap\u201d, en el marco del plan de intenso bacheo, es parte de la atenci\u00f3n a la seria problem\u00e1tica que observan las calles pavimentadas con el denominado \u201casfalto negro\u201d.<\/p>\n<p>El reemplazo del techo del estrat\u00e9gico lugar que ocupa la Secretar\u00eda de Turismo y Desarrollo Productivo, sito en avenida 2 y 87, con un abordaje integral de tal superficie es parte de la s\u00edntesis que resulta como una de las respuestas a interrogantes motivados ante el pedido de balance.<\/p>\n<p>La construcci\u00f3n de la extensi\u00f3n de red pluvial de la avenida 42, mirando al Sudoeste de Necochea, desde avenida 91, en un tramo importante, facilitando el escurrimiento del agua de lluvia, se a\u00f1ade. Vecinos del \u00e1rea dan consentimiento al tema, a la espera de que en un futuro no muy lejano pueda llegarse con cord\u00f3n cuneta y eventualmente pavimento.<\/p>\n<p>Algo de esto \u00faltimo es lo que se ver\u00e1 en las 10 cuadras del tramo de la avenida 58 entre 81 y 91 (5 por cada calzada de ida y vuelta para el tr\u00e1nsito, que suman 10), sector que en estos d\u00edas observa la disposici\u00f3n de cord\u00f3n cuneta tras la construcci\u00f3n de alcantarillas y de desag\u00fces pluviales.<\/p>\n<p>En el \u00e1rea de Obras P\u00fablicas ya estar\u00eda dibujado en planos una aspiraci\u00f3n de la gesti\u00f3n del intendente Rojas: la pavimentaci\u00f3n de la avenida 91 entre 58 y 42, generando una nueva y fluida conexi\u00f3n del centro hacia la zona de la playa local.<\/p>\n<p><strong>MODERNAS PLAZAS CON JUEGOS<\/strong><\/p>\n<p>El trabajo que se concreta con la ejecuci\u00f3n de tres nuevas y modernas plazas con juegos infantiles y de servicios de esparcimiento es asimismo parte de las iniciativas municipales que est\u00e1n en pleno desarrollo.<\/p>\n<p>En este caso son las que informan se realizan en estas horas en el Parque Miguel Lillo, a la altura de avenida 10 y la prolongaci\u00f3n imaginaria de la calle 93; en avenida 59 entre calles 16 y 18; y en la Plaza 3 de Agosto de Quequ\u00e9n.<\/p>\n<p>Un importante reemplazo y ubicaci\u00f3n de nomenclaturas en esquinas de Necochea y de Quequ\u00e9n se han llevado adelante en este lapso de gesti\u00f3n, como asimismo las tareas que prosiguen para la construcci\u00f3n del Destacamento de Caballer\u00eda en un \u00e1rea del Parque Miguel Lillo, de pr\u00f3xima finalizaci\u00f3n.<\/p>\n<p>Casi medio centenar de pozos de agua se hallan operativos en la red del servicio municipal, con unidades de respaldo para la \u00e9poca estival. Algunos de aquellos se hallan en este invierno en pausa, vista que con la presi\u00f3n de agua en baja temporada alcanza para satisfacer la demanda de los vecinos de Necochea y Quequ\u00e9n.<\/p>\n<p>En esta etapa de la administraci\u00f3n comunal se dispuso tambi\u00e9n la ubicaci\u00f3n de un nuevo ca\u00f1o de conexi\u00f3n de agua corriente y potable que vincula a nuestras ciudades a trav\u00e9s del Puente Dardo Rocha. Y hablando del servicio de agua, el detalle de la cantidad de reparaciones de la red conllevar\u00eda a un listado de varias hojas de redacci\u00f3n. Se podr\u00eda superar f\u00e1cilmente la cifra de mil.<\/p>\n<p>Se produjo la reparaci\u00f3n y remplazo de varias bombas impulsoras de la extensa red cloacal en barrios.<\/p>\n<p>Y, retornando al tema bacheo, est\u00e1n a la vista, desde hace tiempo y en la actualidad, la continuidad de respuesta a hist\u00f3ricos y veteranos baches que han dejado de ser tales en las miles de losas de hormig\u00f3n de la red pavimentada, con el retiro de la superficie da\u00f1ada y la disposici\u00f3n de nuevo material.<\/p>\n<p>Las obras del denominado \u201cpresupuesto participativo\u201d, proveniente de la petici\u00f3n de los vecinos, iniciativas volcadas en los presupuestos municipales de estos a\u00f1os, algunas de los cuales datan de administraciones anteriores a la actual, est\u00e1n en curso.<\/p>\n<p>Un asunto que resalta la Secretar\u00eda de Obras P\u00fablicas en la ejecuci\u00f3n de cord\u00f3n cuneta con materiales ya adquiridos por los vecinos frentistas, con expedientes en este sentido que tienen m\u00e1s de una d\u00e9cada en tal dependencia, al aguardo de su concreci\u00f3n. Emprendimientos que est\u00e1n en plena ejecuci\u00f3n tanto en Necochea como en Quequ\u00e9n.<\/p>\n<p>La obra de desag\u00fce en la localidad de Claraz, la atenci\u00f3n a los pedidos de la red de agua para La Dulce, como as\u00ed la reparaci\u00f3n del techo de la Unidad Sanitaria de esta localidad con el agregado de mejoramiento de la red de gas y de electricidad, el importante bacheo en el Barrio Arce -que contin\u00faa-, la reparaci\u00f3n del interior del Centro C\u00edvico provincial ubicado en 58 y 61, y la disposici\u00f3n de material de granza tambi\u00e9n en calles que no est\u00e1n pavimentadas, se incorporan a este arqueo de iniciativas.<\/p>\n<p>Fue resaltado en este ejercicio municipal 2023 la construcci\u00f3n e inauguraci\u00f3n de la moderna y funcional sede definitiva de la Direcci\u00f3n de Cultura de la Municipalidad de Necochea que se encuentra emplazada en calle 62 casi esquina 43.<\/p>\n<p>Por estas semanas de invierno prosiguen las tareas de construcci\u00f3n del futuro polideportivo que se lleva adelante en terrenos ubicados en calle 67 casi esquina 98, en atenci\u00f3n a generar un espacio p\u00fablico municipal para los numerosos barrios y residentes que tienen asiento en la zona Noroeste de Necochea.<\/p>\n<p>Se recambiaron columnas de alumbrado p\u00fablico de la red de iluminaci\u00f3n extraordinaria, en respuesta a pedidos que datan -dicen los expedientes- de hace 5 a\u00f1os atr\u00e1s de parte de contribuyentes de diversos lugares de la ciudad.<\/p>\n<p>Finalmente, entre otras iniciativas que resumen la intensidad de lo gestado por la comuna en materia de obra p\u00fablica en la presente administraci\u00f3n, con aportes nacionales, provinciales y municipales, se ponen en valor las recientes inauguraciones del Centro de Atenci\u00f3n Primaria de la Salud Carlos Fucile en la villa balnearia, y el CAPS del Barrio Norte, al igual que la ubicaci\u00f3n del denominado \u201cHospital Modular\u201d montado en el \u00e1rea que ocupa el Hospital Emilio Ferreyra, con reformas y \u00e1reas modernizadas en el Hospital Jos\u00e9 Irurzun de Quequ\u00e9n.<\/p>\n","protected":false},"excerpt":{"rendered":"<p>Numerosos emprendimientos se concretan este invierno de parte de la comuna, algunos en respuesta a a\u00f1ejos reclamos peticionados por vecinos frentistas. Un primer resumen de las iniciativas que surgen desde la administraci\u00f3n del intendente Arturo Rojas y que lleva adelante la Secretar\u00eda de Planeamiento, Obras y Servicios P\u00fablicos a cargo de Adri\u00e1n Furno. Por Jorge [&hellip;]<\/p>\n","protected":false},"author":3,"featured_media":101620,"comment_status":"open","ping_status":"open","sticky":false,"template":"","format":"standard","meta":{"footnotes":""},"categories":[3],"tags":[],"class_list":["post-102877","post","type-post","status-publish","format-standard","has-post-thumbnail","category-masnoticias"],"_links":{"self":[{"href":"https:\/\/primicias2262.com\/noticias\/wp-json\/wp\/v2\/posts\/102877","targetHints":{"allow":["GET"]}}],"collection":[{"href":"https:\/\/primicias2262.com\/noticias\/wp-json\/wp\/v2\/posts"}],"about":[{"href":"https:\/\/primicias2262.com\/noticias\/wp-json\/wp\/v2\/types\/post"}],"author":[{"embeddable":true,"href":"https:\/\/primicias2262.com\/noticias\/wp-json\/wp\/v2\/users\/3"}],"replies":[{"embeddable":true,"href":"https:\/\/primicias2262.com\/noticias\/wp-json\/wp\/v2\/comments?post=102877"}],"version-history":[{"count":1,"href":"https:\/\/primicias2262.com\/noticias\/wp-json\/wp\/v2\/posts\/102877\/revisions"}],"predecessor-version":[{"id":102878,"href":"https:\/\/primicias2262.com\/noticias\/wp-json\/wp\/v2\/posts\/102877\/revisions\/102878"}],"wp:featuredmedia":[{"embeddable":true,"href":"https:\/\/primicias2262.com\/noticias\/wp-json\/wp\/v2\/media\/101620"}],"wp:attachment":[{"href":"https:\/\/primicias2262.com\/noticias\/wp-json\/wp\/v2\/media?parent=102877"}],"wp:term":[{"taxonomy":"category","embeddable":true,"href":"https:\/\/primicias2262.com\/noticias\/wp-json\/wp\/v2\/categories?post=102877"},{"taxonomy":"post_tag","embeddable":true,"href":"https:\/\/primicias2262.com\/noticias\/wp-json\/wp\/v2\/tags?post=102877"}],"curies":[{"name":"wp","href":"https:\/\/api.w.org\/{rel}","templated":true}]}}