{"id":102887,"date":"2023-08-10T16:40:47","date_gmt":"2023-08-10T16:40:47","guid":{"rendered":"https:\/\/primicias2262.com\/noticias\/?p=102887"},"modified":"2023-08-15T17:05:17","modified_gmt":"2023-08-15T17:05:17","slug":"este-martes-se-inaugura-el-mural-del-ara-san-juan-en-la-plaza-del-centro","status":"publish","type":"post","link":"https:\/\/primicias2262.com\/noticias\/este-martes-se-inaugura-el-mural-del-ara-san-juan-en-la-plaza-del-centro\/","title":{"rendered":"Este martes se inaugura el mural del ARA San Juan en la Plaza del centro"},"content":{"rendered":"<p><strong>Ser\u00e1 a partir de las 11 enfrente al Instituto Nuestra Se\u00f1ora del Rosario, cuya directora, Marisa Trillo, coment\u00f3 en \u201cVoces de la Ciudad\u201d c\u00f3mo se desarroll\u00f3 el proyecto que naci\u00f3 en esa escuela y que cont\u00f3 con el apoyo del municipio y la realizaci\u00f3n de la artista Andi Buscalia.<\/strong><\/p>\n<p>Ante la consulta del periodista Jorge G\u00f3mez en \u201cVoces de la Ciudad\u201d, Trillo coment\u00f3 que \u201csi el tiempo nos acompa\u00f1a est\u00e1 prevista la inauguraci\u00f3n a partir de las 11 de un mural en homenaje a la tripulaci\u00f3n del ARA San Juan, un proyecto que se viene gestando desde hace tiempo, incluso desde antes de la inauguraci\u00f3n del monumento al ARA en Quequ\u00e9n, donde el intendente Arturo Rojas se comprometi\u00f3 a continuar la gesti\u00f3n para que se pudiera llevar adelante\u201d.<\/p>\n<p>La directiva contextualiz\u00f3 que \u201cesto comenz\u00f3 cuando St\u00e9fano Santilli (hijo de uno de los submarinistas tripulante del ARA, Fernando Santilli, y la necochense J\u00e9sica Gopar) estaba en salita de 4 y comenz\u00f3 el trabajo de un mural que primero se hizo dentro de la escuela con la participaci\u00f3n de los distintos niveles y despu\u00e9s empezamos a so\u00f1ar con la posibilidad de tenerlo en la plaza, frente a la escuela, que es algo muy significativo para nosotros\u201d.<\/p>\n<p>Adem\u00e1s, \u201ccoincid\u00eda con la remodelaci\u00f3n de la plaza, as\u00ed que convocamos al intendente y se present\u00f3 inmediatamente y siempre estuvo muy abierto a la idea, vino con nosotros a la plaza para ver el lugar m\u00e1s apropiado y ah\u00ed comenz\u00f3 toda la cuesti\u00f3n para llevar adelante este sue\u00f1o\u201d, valor\u00f3 Trillo en referencia a Rojas.<\/p>\n<p>En esa misma l\u00ednea, expres\u00f3 un profundo agradecimiento \u201ca la artista que realiz\u00f3 el mural, Andi Buscalia\u201d, quien la semana pasada lo coloc\u00f3 y est\u00e1 en los \u00faltimos detalles, mientras que desde la Municipalidad se colocan las plantas para la inauguraci\u00f3n y luego una paisajista dise\u00f1ar\u00e1 c\u00f3mo quedar\u00e1 ese lugar.<\/p>\n<p>\u201cVamos a llevar delegaciones de los distintos niveles del instituto para que todos puedan participar en la plaza, que es un lugar especial que cuenta la historia de distintos acontecimientos y nos pareci\u00f3 muy oportuno dejar esta huella, y con el trabajo de Andi que refleja nuestro patrimonio cultural\u201d, concluy\u00f3 Trillo, como anticipo en la v\u00edspera de la inauguraci\u00f3n.<\/p>\n","protected":false},"excerpt":{"rendered":"<p>Ser\u00e1 a partir de las 11 enfrente al Instituto Nuestra Se\u00f1ora del Rosario, cuya directora, Marisa Trillo, coment\u00f3 en \u201cVoces de la Ciudad\u201d c\u00f3mo se desarroll\u00f3 el proyecto que naci\u00f3 en esa escuela y que cont\u00f3 con el apoyo del municipio y la realizaci\u00f3n de la artista Andi Buscalia. Ante la consulta del periodista Jorge [&hellip;]<\/p>\n","protected":false},"author":3,"featured_media":102888,"comment_status":"open","ping_status":"open","sticky":false,"template":"","format":"standard","meta":{"footnotes":""},"categories":[5],"tags":[],"class_list":{"0":"post-102887","1":"post","2":"type-post","3":"status-publish","4":"format-standard","5":"has-post-thumbnail","7":"category-neco"},"_links":{"self":[{"href":"https:\/\/primicias2262.com\/noticias\/wp-json\/wp\/v2\/posts\/102887","targetHints":{"allow":["GET"]}}],"collection":[{"href":"https:\/\/primicias2262.com\/noticias\/wp-json\/wp\/v2\/posts"}],"about":[{"href":"https:\/\/primicias2262.com\/noticias\/wp-json\/wp\/v2\/types\/post"}],"author":[{"embeddable":true,"href":"https:\/\/primicias2262.com\/noticias\/wp-json\/wp\/v2\/users\/3"}],"replies":[{"embeddable":true,"href":"https:\/\/primicias2262.com\/noticias\/wp-json\/wp\/v2\/comments?post=102887"}],"version-history":[{"count":2,"href":"https:\/\/primicias2262.com\/noticias\/wp-json\/wp\/v2\/posts\/102887\/revisions"}],"predecessor-version":[{"id":102904,"href":"https:\/\/primicias2262.com\/noticias\/wp-json\/wp\/v2\/posts\/102887\/revisions\/102904"}],"wp:featuredmedia":[{"embeddable":true,"href":"https:\/\/primicias2262.com\/noticias\/wp-json\/wp\/v2\/media\/102888"}],"wp:attachment":[{"href":"https:\/\/primicias2262.com\/noticias\/wp-json\/wp\/v2\/media?parent=102887"}],"wp:term":[{"taxonomy":"category","embeddable":true,"href":"https:\/\/primicias2262.com\/noticias\/wp-json\/wp\/v2\/categories?post=102887"},{"taxonomy":"post_tag","embeddable":true,"href":"https:\/\/primicias2262.com\/noticias\/wp-json\/wp\/v2\/tags?post=102887"}],"curies":[{"name":"wp","href":"https:\/\/api.w.org\/{rel}","templated":true}]}}