{"id":102894,"date":"2023-08-15T13:10:05","date_gmt":"2023-08-15T13:10:05","guid":{"rendered":"https:\/\/primicias2262.com\/noticias\/?p=102894"},"modified":"2023-08-16T12:36:19","modified_gmt":"2023-08-16T12:36:19","slug":"este-domingo-se-festeja-el-dia-del-nino-con-actividades-gratuitas-en-cultura","status":"publish","type":"post","link":"https:\/\/primicias2262.com\/noticias\/este-domingo-se-festeja-el-dia-del-nino-con-actividades-gratuitas-en-cultura\/","title":{"rendered":"Este domingo se festeja el D\u00eda del Ni\u00f1o con actividades gratuitas en Cultura"},"content":{"rendered":"<p><strong>La Secretaria de Turismo y Desarrollo Productivo, a trav\u00e9s de la Direcci\u00f3n de Cultura, y en conjunto con la Secretaria de Desarrollo Humano y Pol\u00edticas Sociales, informa que el venidero domingo 20 de agosto se desarrollar\u00e1n los festejos del D\u00eda del Ni\u00f1o con una propuesta gratuita de espect\u00e1culos y talleres.<\/strong><\/p>\n<p>La actividad se llevar\u00e1 a cabo a partir de las 15 en las instalaciones de la Direcci\u00f3n de Cultura y Escuela Municipal de Artes, en el predio de calle 62 y 45, y consistir\u00e1 en espect\u00e1culos infantiles como el Chou de Marbelita y La caverna de los cuentos, que se realizar\u00e1n en la carpa instalada para tal fin, como as\u00ed tambi\u00e9n diversos talleres de diferentes disciplinas.<\/p>\n<p>Asimismo, se contar\u00e1 con juegos inflables, una kermesse y se presentar\u00e1 la escultura del Tigre dientes de Sable, para que los ni\u00f1os puedan apreciarla y realizar juegos did\u00e1cticos relacionados al tema.<\/p>\n","protected":false},"excerpt":{"rendered":"<p>La Secretaria de Turismo y Desarrollo Productivo, a trav\u00e9s de la Direcci\u00f3n de Cultura, y en conjunto con la Secretaria de Desarrollo Humano y Pol\u00edticas Sociales, informa que el venidero domingo 20 de agosto se desarrollar\u00e1n los festejos del D\u00eda del Ni\u00f1o con una propuesta gratuita de espect\u00e1culos y talleres. La actividad se llevar\u00e1 a [&hellip;]<\/p>\n","protected":false},"author":3,"featured_media":102895,"comment_status":"open","ping_status":"open","sticky":false,"template":"","format":"standard","meta":{"footnotes":""},"categories":[3],"tags":[],"class_list":["post-102894","post","type-post","status-publish","format-standard","has-post-thumbnail","category-masnoticias"],"_links":{"self":[{"href":"https:\/\/primicias2262.com\/noticias\/wp-json\/wp\/v2\/posts\/102894","targetHints":{"allow":["GET"]}}],"collection":[{"href":"https:\/\/primicias2262.com\/noticias\/wp-json\/wp\/v2\/posts"}],"about":[{"href":"https:\/\/primicias2262.com\/noticias\/wp-json\/wp\/v2\/types\/post"}],"author":[{"embeddable":true,"href":"https:\/\/primicias2262.com\/noticias\/wp-json\/wp\/v2\/users\/3"}],"replies":[{"embeddable":true,"href":"https:\/\/primicias2262.com\/noticias\/wp-json\/wp\/v2\/comments?post=102894"}],"version-history":[{"count":1,"href":"https:\/\/primicias2262.com\/noticias\/wp-json\/wp\/v2\/posts\/102894\/revisions"}],"predecessor-version":[{"id":102896,"href":"https:\/\/primicias2262.com\/noticias\/wp-json\/wp\/v2\/posts\/102894\/revisions\/102896"}],"wp:featuredmedia":[{"embeddable":true,"href":"https:\/\/primicias2262.com\/noticias\/wp-json\/wp\/v2\/media\/102895"}],"wp:attachment":[{"href":"https:\/\/primicias2262.com\/noticias\/wp-json\/wp\/v2\/media?parent=102894"}],"wp:term":[{"taxonomy":"category","embeddable":true,"href":"https:\/\/primicias2262.com\/noticias\/wp-json\/wp\/v2\/categories?post=102894"},{"taxonomy":"post_tag","embeddable":true,"href":"https:\/\/primicias2262.com\/noticias\/wp-json\/wp\/v2\/tags?post=102894"}],"curies":[{"name":"wp","href":"https:\/\/api.w.org\/{rel}","templated":true}]}}