{"id":102898,"date":"2023-08-15T17:05:01","date_gmt":"2023-08-15T17:05:01","guid":{"rendered":"https:\/\/primicias2262.com\/noticias\/?p=102898"},"modified":"2023-08-16T14:55:58","modified_gmt":"2023-08-16T14:55:58","slug":"presentaron-el-mural-a-la-memoria-de-los-44-tripulantes-del-ara-san-juan","status":"publish","type":"post","link":"https:\/\/primicias2262.com\/noticias\/presentaron-el-mural-a-la-memoria-de-los-44-tripulantes-del-ara-san-juan\/","title":{"rendered":"Presentaron el mural a la memoria de los 44 tripulantes del ARA San Juan"},"content":{"rendered":"<p><strong>Se inaugur\u00f3 este martes en un bulevar de la Plaza Dardo Rocha en 60 entre 59 y 61, frente al Colegio de Hermanas, con la presencia de la familia del submarinista Fernando Santilli, el intendente Arturo Rojas y la comunidad educativa de dicho establecimiento.<\/strong><\/p>\n<p>En una jornada muy emotiva para la comunidad, se realiz\u00f3 la inauguraci\u00f3n oficial en la Plaza Dardo Rocha del mural en homenaje a la tripulaci\u00f3n del ARA San Juan, submarino desaparecido en el mar argentino el 15 de noviembre de 2017 mientras cumpl\u00eda una misi\u00f3n de la Armada Argentina.<\/p>\n<p>La ceremonia cont\u00f3 con la presencia de la familia de Fernando Santilli, uno de los 44 h\u00e9roes: su esposa J\u00e9sica Gopar y su hijo St\u00e9fano; y el acompa\u00f1amiento del intendente Arturo Rojas junto a parte de su gabinete. Por supuesto, acompa\u00f1\u00f3 buena parte de la comunidad educativa de la escuela Nuestra Se\u00f1ora del Rosario, donde concurre St\u00e9fano y se cre\u00f3 el proyecto del mural hecho en mosaico, llevado a la realidad por el talentoso trabajo de la artista Andi Buscalia y compa\u00f1\u00eda.<\/p>\n<p><a href=\"https:\/\/primicias2262.com\/noticias\/wp-content\/uploads\/2023\/08\/15-08-FOTO-inauguracion-mural-ARA5.jpeg\"><img loading=\"lazy\" decoding=\"async\" class=\"aligncenter size-large wp-image-102902\" src=\"https:\/\/primicias2262.com\/noticias\/wp-content\/uploads\/2023\/08\/15-08-FOTO-inauguracion-mural-ARA5-1024x682.jpeg\" alt=\"\" width=\"696\" height=\"464\" srcset=\"https:\/\/primicias2262.com\/noticias\/wp-content\/uploads\/2023\/08\/15-08-FOTO-inauguracion-mural-ARA5-1024x682.jpeg 1024w, https:\/\/primicias2262.com\/noticias\/wp-content\/uploads\/2023\/08\/15-08-FOTO-inauguracion-mural-ARA5-300x200.jpeg 300w, https:\/\/primicias2262.com\/noticias\/wp-content\/uploads\/2023\/08\/15-08-FOTO-inauguracion-mural-ARA5-768x512.jpeg 768w, https:\/\/primicias2262.com\/noticias\/wp-content\/uploads\/2023\/08\/15-08-FOTO-inauguracion-mural-ARA5-1536x1023.jpeg 1536w, https:\/\/primicias2262.com\/noticias\/wp-content\/uploads\/2023\/08\/15-08-FOTO-inauguracion-mural-ARA5-150x100.jpeg 150w, https:\/\/primicias2262.com\/noticias\/wp-content\/uploads\/2023\/08\/15-08-FOTO-inauguracion-mural-ARA5-696x464.jpeg 696w, https:\/\/primicias2262.com\/noticias\/wp-content\/uploads\/2023\/08\/15-08-FOTO-inauguracion-mural-ARA5-1068x712.jpeg 1068w, https:\/\/primicias2262.com\/noticias\/wp-content\/uploads\/2023\/08\/15-08-FOTO-inauguracion-mural-ARA5.jpeg 1600w\" sizes=\"auto, (max-width: 696px) 100vw, 696px\" \/><\/a>Asimismo, estuvieron presentes autoridades del sindicato SOMU, autoridades educativas y religiosas de la ciudad, estando la bendici\u00f3n del mural a cargo del cura Mario Fern\u00e1ndez; e integrantes de la uni\u00f3n de padres de familia y delegaciones de estudiantes de los tres niveles de la escuela Nuestra Se\u00f1ora del Rosario.<\/p>\n<p>Al principio del acto, se repartieron escarapelas por parte del alumnado y se entonaron las estrofas del Himno Nacional Argentino; luego se descubri\u00f3 el mural entre J\u00e9sica Gopar, su hijo St\u00e9fano y el intendente municipal; y luego la actividad se complet\u00f3 con las palabras alusivas de Gopar, Rojas y la mosaiquista.<\/p>\n<p>Primeramente, J\u00e9sica Gopar record\u00f3 que \u201cen noviembre se va a cumplir ya el 6\u00ba Aniversario del ARA, por eso quiero agradecer de todo coraz\u00f3n a Nuestra Se\u00f1ora del Rosario que acobija a St\u00e9fano y hace que no se olvide a todos los tripulantes; a la Municipalidad que nuevamente me ha dado una hermosa sorpresa y emoci\u00f3n; y a todos porque nunca nos olvidan ni nos dejan de acompa\u00f1ar\u201d.<\/p>\n<p><a href=\"https:\/\/primicias2262.com\/noticias\/wp-content\/uploads\/2023\/08\/15-08-FOTO-inauguracion-mural-ARA.jpeg\"><img loading=\"lazy\" decoding=\"async\" class=\"aligncenter size-large wp-image-102899\" src=\"https:\/\/primicias2262.com\/noticias\/wp-content\/uploads\/2023\/08\/15-08-FOTO-inauguracion-mural-ARA-1024x682.jpeg\" alt=\"\" width=\"696\" height=\"464\" srcset=\"https:\/\/primicias2262.com\/noticias\/wp-content\/uploads\/2023\/08\/15-08-FOTO-inauguracion-mural-ARA-1024x682.jpeg 1024w, https:\/\/primicias2262.com\/noticias\/wp-content\/uploads\/2023\/08\/15-08-FOTO-inauguracion-mural-ARA-300x200.jpeg 300w, https:\/\/primicias2262.com\/noticias\/wp-content\/uploads\/2023\/08\/15-08-FOTO-inauguracion-mural-ARA-768x512.jpeg 768w, https:\/\/primicias2262.com\/noticias\/wp-content\/uploads\/2023\/08\/15-08-FOTO-inauguracion-mural-ARA-1536x1023.jpeg 1536w, https:\/\/primicias2262.com\/noticias\/wp-content\/uploads\/2023\/08\/15-08-FOTO-inauguracion-mural-ARA-150x100.jpeg 150w, https:\/\/primicias2262.com\/noticias\/wp-content\/uploads\/2023\/08\/15-08-FOTO-inauguracion-mural-ARA-696x464.jpeg 696w, https:\/\/primicias2262.com\/noticias\/wp-content\/uploads\/2023\/08\/15-08-FOTO-inauguracion-mural-ARA-1068x712.jpeg 1068w, https:\/\/primicias2262.com\/noticias\/wp-content\/uploads\/2023\/08\/15-08-FOTO-inauguracion-mural-ARA.jpeg 1600w\" sizes=\"auto, (max-width: 696px) 100vw, 696px\" \/><\/a>Acot\u00f3 emocionada en referencia a su hijo que \u201cac\u00e1 qued\u00f3 un nene que ten\u00eda un a\u00f1o cuando su pap\u00e1 falleci\u00f3, hoy est\u00e1 casi por cumplir 7 a\u00f1os y cuando el tiempo lo disponga entender\u00e1 todo esto que est\u00e1 sucediendo, que es una muestra de amor infinito y cari\u00f1o que cada uno de ustedes le puede ofrecer a \u00e9l\u201d.<\/p>\n<p>A su turno, el intendente Rojas habl\u00f3 de un \u201cd\u00eda muy emotivo\u201d, agradeci\u00f3 a Gopar por sus gestiones desde un inicio del triste suceso para que la ciudad homenajeara a los h\u00e9roes; rememor\u00f3 el monumento emplazado en la Av. Almirante Brown de Quequ\u00e9n y reconoci\u00f3 \u201ca las autoridades y directivos de Nuestra Se\u00f1ora del Rosario, que como St\u00e9fano viene a este establecimiento educativo tambi\u00e9n plantearon la posibilidad de llevar adelante este humilde homenaje, hecho con mucho amor y compromiso\u201d, y en ese sentido resalt\u00f3 \u201cla tarea maravillosa que ha hecho Andi Buscalia con el mosaiquismo\u201d.<\/p>\n<p><a href=\"https:\/\/primicias2262.com\/noticias\/wp-content\/uploads\/2023\/08\/15-08-FOTO-inauguracion-mural-ARA3.jpeg\"><img loading=\"lazy\" decoding=\"async\" class=\"aligncenter size-large wp-image-102901\" src=\"https:\/\/primicias2262.com\/noticias\/wp-content\/uploads\/2023\/08\/15-08-FOTO-inauguracion-mural-ARA3-1024x682.jpeg\" alt=\"\" width=\"696\" height=\"464\" srcset=\"https:\/\/primicias2262.com\/noticias\/wp-content\/uploads\/2023\/08\/15-08-FOTO-inauguracion-mural-ARA3-1024x682.jpeg 1024w, https:\/\/primicias2262.com\/noticias\/wp-content\/uploads\/2023\/08\/15-08-FOTO-inauguracion-mural-ARA3-300x200.jpeg 300w, https:\/\/primicias2262.com\/noticias\/wp-content\/uploads\/2023\/08\/15-08-FOTO-inauguracion-mural-ARA3-768x512.jpeg 768w, https:\/\/primicias2262.com\/noticias\/wp-content\/uploads\/2023\/08\/15-08-FOTO-inauguracion-mural-ARA3-1536x1023.jpeg 1536w, https:\/\/primicias2262.com\/noticias\/wp-content\/uploads\/2023\/08\/15-08-FOTO-inauguracion-mural-ARA3-150x100.jpeg 150w, https:\/\/primicias2262.com\/noticias\/wp-content\/uploads\/2023\/08\/15-08-FOTO-inauguracion-mural-ARA3-696x464.jpeg 696w, https:\/\/primicias2262.com\/noticias\/wp-content\/uploads\/2023\/08\/15-08-FOTO-inauguracion-mural-ARA3-1068x712.jpeg 1068w, https:\/\/primicias2262.com\/noticias\/wp-content\/uploads\/2023\/08\/15-08-FOTO-inauguracion-mural-ARA3.jpeg 1600w\" sizes=\"auto, (max-width: 696px) 100vw, 696px\" \/><\/a>\u201cEsto tiene que ver con el sentido de pertenencia, y estas cosas nos hacen bien como comunidad\u201d, agreg\u00f3 el m\u00e1ximo mandatario del distrito, subrayando que \u201ceste homenaje quedar\u00e1 para siempre para que toda la comunidad pueda recordar siempre a aquellos h\u00e9roes que dieron su vida en servicio de nuestra patria y debemos valorarlo fuertemente como ciudadanos\u201d.<\/p>\n<p>En tanto, el Intendente concluy\u00f3 con un claro mensaje de armon\u00eda, afirmando que \u201cnecesitamos de una comunidad cada vez m\u00e1s fortalecida, en tiempos de tanta desconfianza en una pol\u00edtica que no ha podido resolver los problemas estructurales de los que vivimos en esta bendita tierra, que ha sido bendecida por la mano de Dios pero que lamentablemente ha sido llevada a lo largo del tiempo a encontrarse con divisiones, este tipo de cosas nos permiten encontrarnos, y para una comunidad mejor hace falta que establezcamos lazos de solidaridad, amor y de mirada al pr\u00f3jimo\u201d.<\/p>\n<p>Por su parte, la artista Andi Buscalia se\u00f1al\u00f3 que \u201ceste homenaje es para los 44 h\u00e9roes y en nuestro lugar, para Fernando, J\u00e9sica y su ni\u00f1o\u201d, tras lo cual manifest\u00f3 que \u201cfue maravilloso poder realizar esto con nuestras manos, es un honor para nosotros, pusimos todo nuestro amor para que esto sea recordado para siempre en este bello lugar de la ciudad\u201d.<\/p>\n","protected":false},"excerpt":{"rendered":"<p>Se inaugur\u00f3 este martes en un bulevar de la Plaza Dardo Rocha en 60 entre 59 y 61, frente al Colegio de Hermanas, con la presencia de la familia del submarinista Fernando Santilli, el intendente Arturo Rojas y la comunidad educativa de dicho establecimiento. En una jornada muy emotiva para la comunidad, se realiz\u00f3 la [&hellip;]<\/p>\n","protected":false},"author":3,"featured_media":102900,"comment_status":"open","ping_status":"open","sticky":false,"template":"","format":"standard","meta":{"footnotes":""},"categories":[3],"tags":[],"class_list":["post-102898","post","type-post","status-publish","format-standard","has-post-thumbnail","category-masnoticias"],"_links":{"self":[{"href":"https:\/\/primicias2262.com\/noticias\/wp-json\/wp\/v2\/posts\/102898","targetHints":{"allow":["GET"]}}],"collection":[{"href":"https:\/\/primicias2262.com\/noticias\/wp-json\/wp\/v2\/posts"}],"about":[{"href":"https:\/\/primicias2262.com\/noticias\/wp-json\/wp\/v2\/types\/post"}],"author":[{"embeddable":true,"href":"https:\/\/primicias2262.com\/noticias\/wp-json\/wp\/v2\/users\/3"}],"replies":[{"embeddable":true,"href":"https:\/\/primicias2262.com\/noticias\/wp-json\/wp\/v2\/comments?post=102898"}],"version-history":[{"count":2,"href":"https:\/\/primicias2262.com\/noticias\/wp-json\/wp\/v2\/posts\/102898\/revisions"}],"predecessor-version":[{"id":102936,"href":"https:\/\/primicias2262.com\/noticias\/wp-json\/wp\/v2\/posts\/102898\/revisions\/102936"}],"wp:featuredmedia":[{"embeddable":true,"href":"https:\/\/primicias2262.com\/noticias\/wp-json\/wp\/v2\/media\/102900"}],"wp:attachment":[{"href":"https:\/\/primicias2262.com\/noticias\/wp-json\/wp\/v2\/media?parent=102898"}],"wp:term":[{"taxonomy":"category","embeddable":true,"href":"https:\/\/primicias2262.com\/noticias\/wp-json\/wp\/v2\/categories?post=102898"},{"taxonomy":"post_tag","embeddable":true,"href":"https:\/\/primicias2262.com\/noticias\/wp-json\/wp\/v2\/tags?post=102898"}],"curies":[{"name":"wp","href":"https:\/\/api.w.org\/{rel}","templated":true}]}}