{"id":102905,"date":"2023-08-15T17:21:44","date_gmt":"2023-08-15T17:21:44","guid":{"rendered":"https:\/\/primicias2262.com\/noticias\/?p=102905"},"modified":"2023-08-16T12:38:41","modified_gmt":"2023-08-16T12:38:41","slug":"la-suba-del-dolar-repercute-a-nivel-local-y-se-nota-en-los-mostradores-de-los-almacenes","status":"publish","type":"post","link":"https:\/\/primicias2262.com\/noticias\/la-suba-del-dolar-repercute-a-nivel-local-y-se-nota-en-los-mostradores-de-los-almacenes\/","title":{"rendered":"La suba del d\u00f3lar repercute a nivel local y se nota en los mostradores de los almacenes"},"content":{"rendered":"<p><strong>Jos\u00e9 Iginio G\u00f3mez, del tradicional almac\u00e9n \u201cLos Mendocinos\u201d, y padre del periodista Jorge G\u00f3mez, dio cuenta en \u201cVoces de la Ciudad\u201d de lo inestable que se puso la situaci\u00f3n tras los sucesos eleccionarios del domingo, que arrojaron la victoria del libertario Javier Milei y una disparada del d\u00f3lar el d\u00eda lunes que se tradujo en la baja del consumo.<\/strong><\/p>\n<p>Ante la consulta period\u00edstica del caso, G\u00f3mez padre confirm\u00f3 que al inicio de la semana se hab\u00eda cortado la entrega de mercader\u00edas y hab\u00eda aumentado mucho el valor de las cosas para quienes se proveen en sus negocios, y para colmo no hay reposici\u00f3n. \u201cAyer aument\u00f3 el az\u00facar 200 pesos el kilo; la garrafa pas\u00f3 de 1700 a 2000 pesos\u2026 aument\u00f3 tambi\u00e9n el arroz, el caf\u00e9, la leche que estaba a 480 y se fue casi a 650, y tambi\u00e9n los cigarrilos\u201d, comenz\u00f3 mencionando.<\/p>\n<p>Por ejemplo, \u201cun kilo de az\u00facar lo estaba vendiendo a 600 pesos, ahora hay que venderlo a 800\u201d, y lo mismo con las garrafas. \u201cAhora tendr\u00eda que venderla a 2500 pesos, si bien todav\u00eda la tengo a 2300, pero si me la cobran a 2000 ahora por lo menos tengo que ponerla a 2500\u201d.<\/p>\n<p><a href=\"https:\/\/primicias2262.com\/noticias\/wp-content\/uploads\/2023\/08\/gomez-los-mendocinos.jpeg\"><img loading=\"lazy\" decoding=\"async\" class=\"aligncenter size-full wp-image-102913\" src=\"https:\/\/primicias2262.com\/noticias\/wp-content\/uploads\/2023\/08\/gomez-los-mendocinos.jpeg\" alt=\"\" width=\"960\" height=\"720\" srcset=\"https:\/\/primicias2262.com\/noticias\/wp-content\/uploads\/2023\/08\/gomez-los-mendocinos.jpeg 960w, https:\/\/primicias2262.com\/noticias\/wp-content\/uploads\/2023\/08\/gomez-los-mendocinos-300x225.jpeg 300w, https:\/\/primicias2262.com\/noticias\/wp-content\/uploads\/2023\/08\/gomez-los-mendocinos-768x576.jpeg 768w, https:\/\/primicias2262.com\/noticias\/wp-content\/uploads\/2023\/08\/gomez-los-mendocinos-150x113.jpeg 150w, https:\/\/primicias2262.com\/noticias\/wp-content\/uploads\/2023\/08\/gomez-los-mendocinos-696x522.jpeg 696w\" sizes=\"auto, (max-width: 960px) 100vw, 960px\" \/><\/a>Para colmo, Iginio G\u00f3mez acot\u00f3 que \u201cno hay reposici\u00f3n porque no entregan nada de mercader\u00eda, esto nos ha desequilibrado a todos\u201d.<\/p>\n<p>Acerca de su consulta a almaceneros vecinos, report\u00f3 que \u201cdicen que les ha venido poca gente, casi nadie a comprarles\u2026 el carnicero por ejemplo, me dijo que es impresionante la gente que no ha venido a comprar y es que ha aumentado bastante la carne. La gente ha dejado de comprar unas cuantas cosas, ayer a la tarde se ha trabajado muy poquito y vamos a ver qu\u00e9 pasa en las horas que siguen\u201d, concluy\u00f3.<\/p>\n","protected":false},"excerpt":{"rendered":"<p>Jos\u00e9 Iginio G\u00f3mez, del tradicional almac\u00e9n \u201cLos Mendocinos\u201d, y padre del periodista Jorge G\u00f3mez, dio cuenta en \u201cVoces de la Ciudad\u201d de lo inestable que se puso la situaci\u00f3n tras los sucesos eleccionarios del domingo, que arrojaron la victoria del libertario Javier Milei y una disparada del d\u00f3lar el d\u00eda lunes que se tradujo en [&hellip;]<\/p>\n","protected":false},"author":3,"featured_media":102906,"comment_status":"open","ping_status":"open","sticky":false,"template":"","format":"standard","meta":{"footnotes":""},"categories":[3],"tags":[],"class_list":["post-102905","post","type-post","status-publish","format-standard","has-post-thumbnail","category-masnoticias"],"_links":{"self":[{"href":"https:\/\/primicias2262.com\/noticias\/wp-json\/wp\/v2\/posts\/102905","targetHints":{"allow":["GET"]}}],"collection":[{"href":"https:\/\/primicias2262.com\/noticias\/wp-json\/wp\/v2\/posts"}],"about":[{"href":"https:\/\/primicias2262.com\/noticias\/wp-json\/wp\/v2\/types\/post"}],"author":[{"embeddable":true,"href":"https:\/\/primicias2262.com\/noticias\/wp-json\/wp\/v2\/users\/3"}],"replies":[{"embeddable":true,"href":"https:\/\/primicias2262.com\/noticias\/wp-json\/wp\/v2\/comments?post=102905"}],"version-history":[{"count":3,"href":"https:\/\/primicias2262.com\/noticias\/wp-json\/wp\/v2\/posts\/102905\/revisions"}],"predecessor-version":[{"id":102912,"href":"https:\/\/primicias2262.com\/noticias\/wp-json\/wp\/v2\/posts\/102905\/revisions\/102912"}],"wp:featuredmedia":[{"embeddable":true,"href":"https:\/\/primicias2262.com\/noticias\/wp-json\/wp\/v2\/media\/102906"}],"wp:attachment":[{"href":"https:\/\/primicias2262.com\/noticias\/wp-json\/wp\/v2\/media?parent=102905"}],"wp:term":[{"taxonomy":"category","embeddable":true,"href":"https:\/\/primicias2262.com\/noticias\/wp-json\/wp\/v2\/categories?post=102905"},{"taxonomy":"post_tag","embeddable":true,"href":"https:\/\/primicias2262.com\/noticias\/wp-json\/wp\/v2\/tags?post=102905"}],"curies":[{"name":"wp","href":"https:\/\/api.w.org\/{rel}","templated":true}]}}