{"id":102910,"date":"2023-08-16T12:30:04","date_gmt":"2023-08-16T12:30:04","guid":{"rendered":"https:\/\/primicias2262.com\/noticias\/?p=102910"},"modified":"2023-08-17T17:48:51","modified_gmt":"2023-08-17T17:48:51","slug":"el-aumento-del-25-del-dolar-oficial-se-traduce-a-las-listas-de-precios-en-este-momento-estamos-en-una-situacion-alocada","status":"publish","type":"post","link":"https:\/\/primicias2262.com\/noticias\/el-aumento-del-25-del-dolar-oficial-se-traduce-a-las-listas-de-precios-en-este-momento-estamos-en-una-situacion-alocada\/","title":{"rendered":"El aumento del 25% del d\u00f3lar oficial se traduce a las listas de precios: \u201cEn este momento estamos en una situaci\u00f3n alocada\u201d"},"content":{"rendered":"<p><strong>As\u00ed lo defini\u00f3 en \u201cVoces de la Ciudad\u201d el presidente de la C\u00e1mara de Comercio de Necochea, Mariano Gonz\u00e1lez, dando cuenta de una situaci\u00f3n muy compleja tras la disparada de golpe del d\u00f3lar oficial.<\/strong><\/p>\n<p>Frente a la consulta del periodista Jorge G\u00f3mez, el comerciante expres\u00f3 que \u201clo que estamos viendo es una devaluaci\u00f3n que era sabida, y lo que pas\u00f3 es que al aumentar entre un 22% y 25% el d\u00f3lar oficial aumentaron los precios en la misma magnitud, y mucho de los proveedores que no est\u00e1n vendiendo hoy es porque directamente no saben si ponerlo lineal al aumento, con miedo a que esta devaluaci\u00f3n pueda seguir, as\u00ed que veremos el d\u00eda a d\u00eda\u201d.<\/p>\n<p>Gonz\u00e1lez confirm\u00f3 que \u201clos productos aumentaron un 25% porque la lista de precios es en d\u00f3lar oficial y la gente se queja, y es obvio. Los productos aumentaban d\u00eda a d\u00eda, pero como era de a centavos no se notaba, pero desde ayer con un 25% al oficial y en esta econom\u00eda bimonetaria que tenemos, se not\u00f3 enseguida\u201d.<\/p>\n<p>Plante\u00f3 seguidamente que en este escenario \u201cvan a estar los que especulen y no vendan para ver si aumentan un poco m\u00e1s, y se van a guardar la mercader\u00eda para venderla en vez de un 25% m\u00e1s cara, un 30 o 35%\u201d, y apunt\u00f3 que \u201clos empresarios dificultan a veces el consumo interno, porque no te venden y no te pasan precios, y como minorista termin\u00e1s cerrando las puertas porque te complican. El minorista es el que sale perdiendo en esto, pero ten\u00e9s que seguir trabajando para que la m\u00e1quina siga funcionando\u201d.<\/p>\n<p>Para colmo, Gonz\u00e1lez enfatiz\u00f3 que \u201clos impuestos est\u00e1n m\u00e1s desbocados que nunca y nos est\u00e1n matando, es todo un disparate y estamos en este momento en una situaci\u00f3n alocada y ya no se puede convivir con esta realidad\u201d, para rematar que \u201cno me gusta ser alarmista, pero cuando le quiten toda la plata a la gente, van a decir basta, se necesita un cambio de ra\u00edz porque en este sentido que vamos nos estrellamos\u201d.<\/p>\n<p>&nbsp;<\/p>\n","protected":false},"excerpt":{"rendered":"<p>As\u00ed lo defini\u00f3 en \u201cVoces de la Ciudad\u201d el presidente de la C\u00e1mara de Comercio de Necochea, Mariano Gonz\u00e1lez, dando cuenta de una situaci\u00f3n muy compleja tras la disparada de golpe del d\u00f3lar oficial. Frente a la consulta del periodista Jorge G\u00f3mez, el comerciante expres\u00f3 que \u201clo que estamos viendo es una devaluaci\u00f3n que era [&hellip;]<\/p>\n","protected":false},"author":3,"featured_media":102928,"comment_status":"open","ping_status":"open","sticky":false,"template":"","format":"standard","meta":{"footnotes":""},"categories":[3],"tags":[],"class_list":["post-102910","post","type-post","status-publish","format-standard","has-post-thumbnail","category-masnoticias"],"_links":{"self":[{"href":"https:\/\/primicias2262.com\/noticias\/wp-json\/wp\/v2\/posts\/102910","targetHints":{"allow":["GET"]}}],"collection":[{"href":"https:\/\/primicias2262.com\/noticias\/wp-json\/wp\/v2\/posts"}],"about":[{"href":"https:\/\/primicias2262.com\/noticias\/wp-json\/wp\/v2\/types\/post"}],"author":[{"embeddable":true,"href":"https:\/\/primicias2262.com\/noticias\/wp-json\/wp\/v2\/users\/3"}],"replies":[{"embeddable":true,"href":"https:\/\/primicias2262.com\/noticias\/wp-json\/wp\/v2\/comments?post=102910"}],"version-history":[{"count":2,"href":"https:\/\/primicias2262.com\/noticias\/wp-json\/wp\/v2\/posts\/102910\/revisions"}],"predecessor-version":[{"id":102962,"href":"https:\/\/primicias2262.com\/noticias\/wp-json\/wp\/v2\/posts\/102910\/revisions\/102962"}],"wp:featuredmedia":[{"embeddable":true,"href":"https:\/\/primicias2262.com\/noticias\/wp-json\/wp\/v2\/media\/102928"}],"wp:attachment":[{"href":"https:\/\/primicias2262.com\/noticias\/wp-json\/wp\/v2\/media?parent=102910"}],"wp:term":[{"taxonomy":"category","embeddable":true,"href":"https:\/\/primicias2262.com\/noticias\/wp-json\/wp\/v2\/categories?post=102910"},{"taxonomy":"post_tag","embeddable":true,"href":"https:\/\/primicias2262.com\/noticias\/wp-json\/wp\/v2\/tags?post=102910"}],"curies":[{"name":"wp","href":"https:\/\/api.w.org\/{rel}","templated":true}]}}