{"id":102915,"date":"2023-08-15T18:06:58","date_gmt":"2023-08-15T18:06:58","guid":{"rendered":"https:\/\/primicias2262.com\/noticias\/?p=102915"},"modified":"2023-08-15T18:06:58","modified_gmt":"2023-08-15T18:06:58","slug":"almacenes-reportan-aumentos-de-entre-25-y-30-es-una-irresponsabilidad","status":"publish","type":"post","link":"https:\/\/primicias2262.com\/noticias\/almacenes-reportan-aumentos-de-entre-25-y-30-es-una-irresponsabilidad\/","title":{"rendered":"Almacenes reportan aumentos de entre 25% y 30%: \u00abEs una irresponsabilidad\u00bb"},"content":{"rendered":"<div class=\"columna-principal\">\n<div id=\"mas-audios\" class=\"codigo-vivo\">\n<div>\n<div id=\"audiolista1016892\" class=\"audio audio-solo\">\n<div class=\"txt\">\n<div class=\"texto-txt\">\n<p class=\"tipo-multimedia\"><b>Juan Milito<\/b>, referente de la Uni\u00f3n de Almaceneros, dijo que les est\u00e1n llegando listas de precios con aumentos de hasta un <b>30 por ciento<\/b>.<\/p>\n<p>\u201cArcor envi\u00f3 aumentos del 25 por ciento y en helados 30 por ciento. Son pocas las empresas que definieron esos aumentos. En caf\u00e9 hay subas del 20 por ciento, pero esperemos que no siga d\u00e1ndose\u201d, precis\u00f3 al m\u00f3vil de <b>Cadena 3 Rosario<\/b>, en <i>Siempre Juntos<\/i>.<\/p>\n<p>\u201cLos colchones de precios vienen haci\u00e9ndolos desde hace tiempo. A<b>nticiparse es una irresponsabilidad<\/b>, son formadores de precios\u201d, se quej\u00f3, al tiempo que dijo que \u201chay aumentos hechos al tum-tum\u201d.<\/p>\n<p>En tanto, sobre los consumidores, se\u00f1al\u00f3: \u201cLa gente debe comprar con mesura, hay que esperar a que se asienten los precios. Hace dos meses la gente compra menos, no les da el bolsillo. Vienen y preguntan cu\u00e1nto sale cada cosa, porque llegan a la caja y no pueden pagar o se ven asombrados\u201d.<\/p>\n<p><b><u>M\u00e1s aumentos<\/u><\/b><\/p>\n<p>Marcelo Lozano Waeber, referente de la <b>C\u00e1mara de Ferreter\u00edas<\/b>, dio precisiones sobre lo que sucede en el sector y coment\u00f3: \u201cPas\u00f3 lo mismo que con la modificaci\u00f3n del d\u00f3lar de importaci\u00f3n. El traslado a las listas de precios va de 15 a 30 por ciento. El promedio es 20 por ciento. La mayor\u00eda de la mercader\u00eda estaba atada al d\u00f3lar oficial\u201d.<\/p>\n<p>Por su parte, Agust\u00edn, due\u00f1o de una <b>carnicer\u00eda<\/b>, revel\u00f3: \u201cAument\u00f3 un montonazo la carne. Se tocaron mucho los precios. Ven\u00eda subiendo, poco, pero en estas \u00faltimas dos semanas un desastre. Desde el domingo, subi\u00f3 un 22 por ciento. El asado lleg\u00f3 a 3300 pesos, el vac\u00edo a 3500 pesos. Se nota la restricci\u00f3n en el consumo\u201d.<\/p>\n<\/div>\n<\/div>\n<\/div>\n<\/div>\n<\/div>\n<\/div>\n","protected":false},"excerpt":{"rendered":"<p>Juan Milito, referente de la Uni\u00f3n de Almaceneros, dijo que les est\u00e1n llegando listas de precios con aumentos de hasta un 30 por ciento. \u201cArcor envi\u00f3 aumentos del 25 por ciento y en helados 30 por ciento. Son pocas las empresas que definieron esos aumentos. En caf\u00e9 hay subas del 20 por ciento, pero esperemos [&hellip;]<\/p>\n","protected":false},"author":3,"featured_media":102916,"comment_status":"open","ping_status":"open","sticky":false,"template":"","format":"standard","meta":{"footnotes":""},"categories":[7],"tags":[],"class_list":{"0":"post-102915","1":"post","2":"type-post","3":"status-publish","4":"format-standard","5":"has-post-thumbnail","7":"category-nac"},"_links":{"self":[{"href":"https:\/\/primicias2262.com\/noticias\/wp-json\/wp\/v2\/posts\/102915","targetHints":{"allow":["GET"]}}],"collection":[{"href":"https:\/\/primicias2262.com\/noticias\/wp-json\/wp\/v2\/posts"}],"about":[{"href":"https:\/\/primicias2262.com\/noticias\/wp-json\/wp\/v2\/types\/post"}],"author":[{"embeddable":true,"href":"https:\/\/primicias2262.com\/noticias\/wp-json\/wp\/v2\/users\/3"}],"replies":[{"embeddable":true,"href":"https:\/\/primicias2262.com\/noticias\/wp-json\/wp\/v2\/comments?post=102915"}],"version-history":[{"count":1,"href":"https:\/\/primicias2262.com\/noticias\/wp-json\/wp\/v2\/posts\/102915\/revisions"}],"predecessor-version":[{"id":102917,"href":"https:\/\/primicias2262.com\/noticias\/wp-json\/wp\/v2\/posts\/102915\/revisions\/102917"}],"wp:featuredmedia":[{"embeddable":true,"href":"https:\/\/primicias2262.com\/noticias\/wp-json\/wp\/v2\/media\/102916"}],"wp:attachment":[{"href":"https:\/\/primicias2262.com\/noticias\/wp-json\/wp\/v2\/media?parent=102915"}],"wp:term":[{"taxonomy":"category","embeddable":true,"href":"https:\/\/primicias2262.com\/noticias\/wp-json\/wp\/v2\/categories?post=102915"},{"taxonomy":"post_tag","embeddable":true,"href":"https:\/\/primicias2262.com\/noticias\/wp-json\/wp\/v2\/tags?post=102915"}],"curies":[{"name":"wp","href":"https:\/\/api.w.org\/{rel}","templated":true}]}}